  {"id":34849,"date":"2021-09-10T15:06:49","date_gmt":"2021-09-10T15:06:49","guid":{"rendered":"https:\/\/abic.wpengine.com\/recording-economistas-y-pequenas-empresas-instan-a-la-inmigracion-en-la-reconciliacion\/"},"modified":"2021-12-03T21:19:09","modified_gmt":"2021-12-03T21:19:09","slug":"recording-economistas-y-pequenas-empresas-instan-a-la-inmigracion-en-la-reconciliacion","status":"publish","type":"post","link":"https:\/\/abic.us\/es\/recording-economistas-y-pequenas-empresas-instan-a-la-inmigracion-en-la-reconciliacion\/","title":{"rendered":"[RECORDING]  Economistas y peque\u00f1as empresas instan a la inmigraci\u00f3n en la reconciliaci\u00f3n"},"content":{"rendered":"\n<figure class=\"wp-block-image size-large\"><a href=\"https:\/\/www.youtube.com\/watch?v=2hVCejBvL-c\"><img loading=\"lazy\" decoding=\"async\" width=\"1900\" height=\"1064\" src=\"https:\/\/abic.imgix.net\/assets\/Screen-Shot-2021-09-10-at-1.32.17-PM.png\" alt=\"\" class=\"wp-image-31518\"\/><\/a><\/figure>\n<h2 class=\"wp-block-heading\"><strong><a href=\"https:\/\/www.youtube.com\/watch?v=2hVCejBvL-c\">[RECORDING]<\/a><br\/>Economistas y peque\u00f1as empresas instan a la inmigraci\u00f3n en la reconciliaci\u00f3n<br\/><\/strong><\/h2>\n\n<p class=\"wp-block-paragraph\"><strong>El representante \u00abChuy\u00bb Garc\u00eda (D-IL-4) se une a economistas, propietarios de peque\u00f1as empresas inmigrantes, empresarios y l\u00edderes de la C\u00e1mara para presentar un caso econ\u00f3mico a favor de la ciudadan\u00eda antes del viernes parlamentario \u00abByrd Bath\u00bb<\/strong><strong><br\/><\/strong><\/p>\n\n<p class=\"wp-block-paragraph\"><em>Los participantes instaron al Congreso a incluir caminos a la ciudadan\u00eda para los Dreamers, los titulares de TPS, los trabajadores esenciales y los trabajadores agr\u00edcolas en el proyecto de ley de reconciliaci\u00f3n presupuestaria y llamaron la atenci\u00f3n sobre el papel cr\u00edtico que desempe\u00f1an los inmigrantes en las peque\u00f1as empresas de nuestra naci\u00f3n.<\/em><\/p>\n\n<p class=\"wp-block-paragraph\">WASHINGTON, DC \u2013 Hoy <strong>el Representante de los Estados Unidos Jes\u00fas \u00abChuy\u00bb Garc\u00eda (D-IL)<\/strong> se uni\u00f3 a economistas, propietarios de peque\u00f1as empresas inmigrantes, empresarios y l\u00edderes de c\u00e1maras de comercio para participar en una Cumbre virtual, \u00abEconomistas y peque\u00f1as empresas instan a la inmigraci\u00f3n en la reconciliaci\u00f3n\u00bb.<\/p>\n\n<p class=\"wp-block-paragraph\">El evento ocurri\u00f3 horas antes de que los dem\u00f3cratas presenten el caso para incluir un camino hacia la ciudadan\u00eda en la reconciliaci\u00f3n presupuestaria. El lunes 13 de septiembre, el Comit\u00e9 Judicial de la C\u00e1mara de Representantes comenzar\u00e1 a marcar el texto legislativo de los $ 107 mil millones asignados en la resoluci\u00f3n presupuestaria para un camino hacia la ciudadan\u00eda para millones de trabajadores inmigrantes.<\/p>\n\n<p class=\"wp-block-paragraph\">\u00abEste verano, promet\u00ed votar en contra de cualquier paquete de reconciliaci\u00f3n presupuestaria que no incluya un camino hacia la ciudadan\u00eda para los inmigrantes. Y, desde entonces, me ha alentado ver a m\u00e1s miembros uni\u00e9ndose y tomando una postura fuerte en ambas c\u00e1maras y, por supuesto, especialmente, en el presidente Biden, quien reafirm\u00f3 su apoyo a la inmigraci\u00f3n en la reconciliaci\u00f3n presupuestaria &#8230; Somos firmes en nuestra posici\u00f3n\u00bb, dijo  <strong>Representante Garc\u00eda<\/strong>, y agreg\u00f3: \u00abTodos los d\u00edas experimento las incre\u00edbles contribuciones que los inmigrantes hacen a nuestra econom\u00eda. Mi vecindario es la prueba viviente de que necesitamos un camino hacia la ciudadan\u00eda en el proyecto de ley de reconciliaci\u00f3n presupuestaria. Mi posici\u00f3n es firme: sin reforma migratoria, sin voto. El liderazgo dem\u00f3crata no puede perder m\u00e1s de tres votos, as\u00ed que sumos las apuestas. Espero trabajar juntos para presentar nuestro caso y asegurarnos de que obtengamos los mejores resultados para las familias inmigrantes y de estatus mixto\u00bb.<\/p>\n\n<p class=\"wp-block-paragraph\">En este evento, convocado por la 91探花, los participantes pidieron al Congreso que apruebe soluciones de inmigraci\u00f3n de sentido com\u00fan que ofrezcan un camino hacia la ciudadan\u00eda para trabajadores esenciales, dreamers, beneficiarios de TPS y trabajadores agr\u00edcolas a trav\u00e9s del proceso de reconciliaci\u00f3n dado el fracaso del Senado para producir un acuerdo bipartidista, para abordar la escasez nacional de mano de obra, salvar a las peque\u00f1as empresas y liberar el potencial econ\u00f3mico de los inmigrantes.  <\/p>\n\n<p class=\"wp-block-paragraph\"><strong>La Directora Ejecutiva de ABIC, Rebecca Shi,<\/strong> describi\u00f3 c\u00f3mo las disposiciones de reforma migratoria proporcionadas en el Plan Reconstruir Mejor cumplen con los criterios para su inclusi\u00f3n en el proceso de reconciliaci\u00f3n presupuestaria, ya que abarcan tanto la infraestructura humana como las preocupaciones presupuestarias. \u00abLa inmigraci\u00f3n es tanta o m\u00e1s infraestructura humana como cualquier disposici\u00f3n en el proyecto de ley; El 72 por ciento de los inmigrantes indocumentados han trabajado en una industria designada como esencial para reconstruir y recuperar a nuestra naci\u00f3n de la pandemia\u00bb, dijo.  <strong>Shi,<\/strong>agregando \u00abEl Plan Reconstruir Mejor es un proyecto de ley de presupuesto; La inmigraci\u00f3n est\u00e1 tan directamente relacionada con el presupuesto como cualquier otra disposici\u00f3n.<\/p>\n\n<p class=\"wp-block-paragraph\"><strong>Shi<\/strong> tambi\u00e9n se\u00f1al\u00f3 que existe un precedente para abordar la inmigraci\u00f3n a trav\u00e9s de la reconciliaci\u00f3n, afirmando que \u00abla reconciliaci\u00f3n ha incluido a los inmigrantes al menos cinco veces en los \u00faltimos 20 a\u00f1os. En 2005, los republicanos del Senado utilizaron la reconciliaci\u00f3n para dar tarjetas verdes a un estimado de 3.2 millones de inmigrantes.<\/p>\n\n<p class=\"wp-block-paragraph\">Esta semana, un grupo de los principales economistas de la naci\u00f3n <a href=\"https:\/\/www.cnn.com\/2021\/09\/09\/politics\/immigration-reform-budget-reconciliation\/index.html\">envi\u00f3<\/a> una carta a los l\u00edderes del Congreso instando a un camino hacia la ciudadan\u00eda a trav\u00e9s de la reconciliaci\u00f3n, argumentando que impulsar\u00eda la econom\u00eda de los Estados Unidos. En la carta, los economistas calculan que \u00abcrear un camino hacia la ciudadan\u00eda para los Dreamers, aquellos elegibles para TPS e inmigrantes indocumentados en ocupaciones esenciales, incluidos los trabajadores agr\u00edcolas, aumentar\u00eda el PIB de los Estados Unidos en $ 1.5 billones, aumentar\u00eda los salarios anuales de todos los trabajadores en $ 600 y crear\u00eda m\u00e1s de 400,000 nuevos empleos durante la pr\u00f3xima d\u00e9cada. Una nueva <a href=\"http:\/\/americasvoice.org\/wp-content\/uploads\/2021\/09\/dfp_earned_pathway_toplines_09_2021.pdf\">encuesta<\/a> encontr\u00f3 que el apoyo del 67-26% a la legalizaci\u00f3n en la reconciliaci\u00f3n se extiende a trav\u00e9s de las l\u00edneas partidarias, con una intensidad fuertemente pro-inmigrante.  <\/p>\n\n<p class=\"wp-block-paragraph\">Si bien ABIC originalmente esperaba un acuerdo bipartidista del Senado para soluciones de inmigraci\u00f3n, ahora est\u00e1 claro que el proceso de reconciliaci\u00f3n presupuestaria es el mejor veh\u00edculo para crear caminos hacia la ciudadan\u00eda para los millones de trabajadores esenciales inmigrantes, Dreamers, beneficiarios de TPS y trabajadores agr\u00edcolas que mantienen la econom\u00eda de Estados Unidos a flote, su suministro de alimentos seguro y su poblaci\u00f3n saludable.<\/p>\n\n<p class=\"wp-block-paragraph\"><strong>Otros comentarios de los oradores incluyeron:<\/strong><\/p>\n\n<p class=\"wp-block-paragraph\"><strong>Claudia Flores, Directora Asociada de Pol\u00edtica y Estrategia, Inmigraci\u00f3n, Center for 91探花 Progress:<\/strong>  \u00abCrear un camino hacia la ciudadan\u00eda para los Dreamers, aquellos elegibles para TPS e inmigrantes indocumentados en ocupaciones esenciales, incluidos los trabajadores agr\u00edcolas, aumentar\u00eda el PIB de los Estados Unidos en $ 1.5 billones, aumentar\u00eda los salarios anuales de todos los trabajadores estadounidenses en $ 600 y generar\u00eda m\u00e1s de 400,000 nuevos empleos durante la pr\u00f3xima d\u00e9cada. Economistas de todo el pa\u00eds est\u00e1n de acuerdo&#8230; Un camino hacia la ciudadan\u00eda para los trabajadores indocumentados en el Plan Reconstruir Mejor no solo les dar\u00eda a los trabajadores las protecciones que merecen, sino que tambi\u00e9n proporcionar\u00eda a las familias la certeza de permanecer juntas en el pa\u00eds que durante mucho tiempo han llamado hogar. En un momento en que el pa\u00eds busca recuperarse de la devastaci\u00f3n econ\u00f3mica que sigui\u00f3 a la pandemia, esta pol\u00edtica de crecimiento econ\u00f3mico tambi\u00e9n garantizar\u00eda que la recuperaci\u00f3n econ\u00f3mica de nuestro pa\u00eds sea tan justa, equitativa y robusta como debe ser para enfrentar los desaf\u00edos que enfrentamos\u00bb.<\/p>\n\n<p class=\"wp-block-paragraph\"><strong>Johann Hayag, beneficiario de DACA, estratega jefe, fundador, Aktibo Athletics (Wisconsin):  <\/strong>\u00abSomos una empresa de atletismo sostenible donde nos abastecemos de materiales reciclados y sostenibles para hacer tus corredores favoritos. Tambi\u00e9n somos un equipo fuerte de cinco personas. Hemos asegurado contratos a trav\u00e9s de varias organizaciones, desde organizaciones sin fines de lucro hasta organizaciones deportivas, y tenemos planes de introducir colecciones en los pr\u00f3ximos meses. Tener un camino hacia la ciudadan\u00eda para m\u00ed y para otros nos permitir\u00eda perseguir intereses en los Estados Unidos, ya sea para solicitar pr\u00e9stamos de bancos para financiar nuestra expansi\u00f3n para el negocio o incluso para obtener una hipoteca para nuestra casa. Esto nos permitir\u00eda a m\u00ed y a otras personas indocumentadas contribuir m\u00e1s a la econom\u00eda de los Estados Unidos. He visto de primera mano el impacto de la falta de trabajadores en nuestra industria. La industria textil y de la confecci\u00f3n depende en gran medida de los trabajadores inmigrantes, y debido a la falta de permisos de visa de trabajador, concesiones de permisos de trabajo e, incluso durante la pandemia de Covid-19, esta industria ha sido diezmada\u00bb.<\/p>\n\n<p class=\"wp-block-paragraph\"><strong>JR Gonzales, Empresario y Vicepresidente Ejecutivo, Asociaci\u00f3n de C\u00e1maras de Comercio Mexicano-91探花as de Texas (TAMACC):<\/strong>  \u00abSolo en el estado de Texas, tenemos m\u00e1s de 1.7 millones de trabajadores indocumentados que agregan una contribuci\u00f3n de $ 31.9 mil millones a la econom\u00eda y $ 4 mil millones en impuestos. Este dinero, por supuesto, va a nuestra econom\u00eda. Son nuestras tiendas, restaurantes, nuestros hospitales&#8230; Los latinos est\u00e1n ah\u00ed fuera. Est\u00e1n en el campo. Son trabajadores agr\u00edcolas. Son trabajadores esenciales. Est\u00e1n en los restaurantes y hoteles&#8230; Acept\u00e9moslo y lleguemos a alg\u00fan tipo de acuerdo para un camino hacia la legalizaci\u00f3n y la ciudadan\u00eda para estas personas y hagamos que contribuyan a la econom\u00eda a\u00fan m\u00e1s\u00bb.  <\/p>\n\n<p class=\"wp-block-paragraph\"><strong>Mayra Gallo, propietaria, Bonjour Crepes (Carolina del Sur):<\/strong>  \u00abSoy venezolano y fui abogado en mi pa\u00eds. Me fui en 2005 para encontrar un futuro mejor para m\u00ed y mi familia&#8230; Soy due\u00f1o de un restaurante aqu\u00ed en Greenville y estoy hablando como inmigrante para todas esas personas que intentan obtener la ciudadan\u00eda, para ser legal en este pa\u00eds. Trabajamos muy duro, no menos de 80 horas a la semana. Amamos a este pa\u00eds y lo hacemos porque lo queremos. Lo hacemos libremente. Me tom\u00f3 ocho a\u00f1os convertirme en ciudadano. Tengo una peque\u00f1a empresa. Pago impuestos. Empleo a 15 personas. Superamos la pandemia. Sobrevivimos a la pandemia\u00bb.<\/p>\n\n<p class=\"wp-block-paragraph\"><strong>Petra Falcon, Directora Ejecutiva de Promise Arizona: <\/strong>\u00abLos inmigrantes juegan un papel fundamental en Arizona. En Phoenix, los inmigrantes constituyen un tercio de todos los empresarios y empresas que contribuyen con $ 300 millones a la econom\u00eda del estado. El 50 por ciento de los empleados en la industria del paisajismo son inmigrantes. El 63.1 por ciento de los trabajadores de la comunidad agr\u00edcola son inmigrantes. Los inmigrantes pagaron $ 50.7 millones en impuestos estatales y locales en 2018 y los hogares liderados por inmigrantes tuvieron $ 21.1 mil millones en poder adquisitivo en 2018. Los empresarios inmigrantes en Arizona generan $ 1 mil millones en ingresos comerciales &#8230; S\u00ed, la reforma migratoria es urgente, pero es m\u00e1s que eso; hace tiempo que deber\u00eda haberlo hecho. Ahora es el momento de las soluciones de inmigraci\u00f3n y no como un paquete fragmentaria, sino como un paquete integral completo que ofrece un camino hacia la ciudadan\u00eda a m\u00e1s de 11 millones de personas en este pa\u00eds\u00bb.<\/p>\n\n<p class=\"wp-block-paragraph\"><strong>Tanair\u00ed Ochoa-Martinez, Directora Interina de Servicios, Living United for Change en Arizona &#8211; LUCHA:<\/strong>  \u00abHe tenido la oportunidad de trabajar con empresas propiedad de latinos y empresas de inmigrantes. Alrededor del 75 por ciento de las personas con las que he trabajado los \u00faltimos seis a\u00f1os aqu\u00ed en el estado de Arizona eran propiedad de inmigrantes. Ellos son los que crean empleos, d\u00eda a d\u00eda, y son los que est\u00e1n dispuestos a dar beneficios pagados y aumentar los salarios en nuestra comunidad, y son un activo &#8230; Es crucial que apoyemos a estas empresas. Para las empresas propiedad de inmigrantes, obtener un camino hacia la residencia o la ciudadan\u00eda ser\u00e1 muy importante para que contin\u00faen haciendo negocios aqu\u00ed, no solo en Arizona sino en los Estados Unidos, y puedan mantener a sus familias de manera segura en los Estados Unidos mientras est\u00e1n construyendo nuestra econom\u00eda\u00bb.<\/p>\n\n<p class=\"wp-block-paragraph\"><strong>ACERCA DE  <\/strong><\/p>\n\n<p class=\"wp-block-paragraph\">La<a href=\"https:\/\/abic.us\/\"> Coalici\u00f3n 91探花a de Inmigraci\u00f3n Empresarial (ABIC)<\/a>  promueve una reforma migratoria de sentido com\u00fan que promueva la competitividad econ\u00f3mica, proporcione a las empresas tanto el talento altamente calificado como el poco calificado que necesitan, y permita la integraci\u00f3n de los inmigrantes en nuestra econom\u00eda como consumidores, trabajadores, empresarios y ciudadanos. ABIC est\u00e1 activo en estados y comunidades clave de todo el pa\u00eds involucrando a activistas, defensores, l\u00edderes empresariales y funcionarios electos sobre la urgencia de aprobar una reforma migratoria que impulse nuestra econom\u00eda, cree empleos, alivie la escasez de mano de obra y apoye a las familias.  <\/p>\n\n<p class=\"wp-block-paragraph\">###<\/p>\n","protected":false},"excerpt":{"rendered":"<p>[RECORDING]Economistas y peque\u00f1as empresas instan a la inmigraci\u00f3n en la reconciliaci\u00f3n El representante \u00abChuy\u00bb Garc\u00eda (D-IL-4) se une a economistas, propietarios de peque\u00f1as empresas inmigrantes, empresarios y l\u00edderes de la&#8230;<\/p>\n","protected":false},"author":1,"featured_media":0,"comment_status":"closed","ping_status":"closed","sticky":false,"template":"","format":"standard","meta":{"footnotes":""},"categories":[56],"tags":[],"class_list":["post-34849","post","type-post","status-publish","format-standard","category-sin-categorizar"],"yoast_head":"<!-- This site is optimized with the Yoast SEO plugin v28.3 - https:\/\/yoast.com\/product\/yoast-seo-wordpress\/ -->\n<title>[RECORDING] Economistas y peque\u00f1as empresas instan a la inmigraci\u00f3n en la reconciliaci\u00f3n &#8212; Coalici\u00f3n 91探花a de Inmigraci\u00f3n Empresarial<\/title>\n<meta name=\"robots\" content=\"index, follow, max-snippet:-1, max-image-preview:large, max-video-preview:-1\" \/>\n<link rel=\"canonical\" href=\"https:\/\/abic.us\/es\/recording-economistas-y-pequenas-empresas-instan-a-la-inmigracion-en-la-reconciliacion\/\" \/>\n<meta property=\"og:locale\" content=\"es_ES\" \/>\n<meta property=\"og:type\" content=\"article\" \/>\n<meta property=\"og:title\" content=\"[RECORDING] Economistas y peque\u00f1as empresas instan a la inmigraci\u00f3n en la reconciliaci\u00f3n &#8212; Coalici\u00f3n 91探花a de Inmigraci\u00f3n Empresarial\" \/>\n<meta property=\"og:description\" content=\"[RECORDING]Economistas y peque\u00f1as empresas instan a la inmigraci\u00f3n en la reconciliaci\u00f3n El representante \u00abChuy\u00bb Garc\u00eda (D-IL-4) se une a economistas, propietarios de peque\u00f1as empresas inmigrantes, empresarios y l\u00edderes de la...\" \/>\n<meta property=\"og:url\" content=\"https:\/\/abic.us\/es\/recording-economistas-y-pequenas-empresas-instan-a-la-inmigracion-en-la-reconciliacion\/\" \/>\n<meta property=\"og:site_name\" content=\"Coalici\u00f3n 91探花a de Inmigraci\u00f3n Empresarial\" \/>\n<meta property=\"article:publisher\" content=\"https:\/\/www.facebook.com\/91探花BIC\" \/>\n<meta property=\"article:published_time\" content=\"2021-09-10T15:06:49+00:00\" \/>\n<meta property=\"article:modified_time\" content=\"2021-12-03T21:19:09+00:00\" \/>\n<meta property=\"og:image\" content=\"https:\/\/abic.imgix.net\/assets\/Screen-Shot-2021-09-10-at-1.32.17-PM.png\" \/>\n<meta name=\"author\" content=\"abic\" \/>\n<meta name=\"twitter:card\" content=\"summary_large_image\" \/>\n<meta name=\"twitter:creator\" content=\"@91探花BIC\" \/>\n<meta name=\"twitter:site\" content=\"@91探花BIC\" \/>\n<meta name=\"twitter:label1\" content=\"Escrito por\" \/>\n\t<meta name=\"twitter:data1\" content=\"abic\" \/>\n\t<meta name=\"twitter:label2\" content=\"Tiempo de lectura\" \/>\n\t<meta name=\"twitter:data2\" content=\"10 minutos\" \/>\n<script type=\"application\/ld+json\" class=\"yoast-schema-graph\">{\"@context\":\"https:\\\/\\\/schema.org\",\"@graph\":[{\"@type\":\"Article\",\"@id\":\"https:\\\/\\\/abic.us\\\/es\\\/recording-economistas-y-pequenas-empresas-instan-a-la-inmigracion-en-la-reconciliacion\\\/#article\",\"isPartOf\":{\"@id\":\"https:\\\/\\\/abic.us\\\/es\\\/recording-economistas-y-pequenas-empresas-instan-a-la-inmigracion-en-la-reconciliacion\\\/\"},\"author\":{\"name\":\"abic\",\"@id\":\"https:\\\/\\\/abic.us\\\/es\\\/#\\\/schema\\\/person\\\/58547098a0d3b973c110fd8a36f0e0bb\"},\"headline\":\"[RECORDING] Economistas y peque\u00f1as empresas instan a la inmigraci\u00f3n en la reconciliaci\u00f3n\",\"datePublished\":\"2021-09-10T15:06:49+00:00\",\"dateModified\":\"2021-12-03T21:19:09+00:00\",\"mainEntityOfPage\":{\"@id\":\"https:\\\/\\\/abic.us\\\/es\\\/recording-economistas-y-pequenas-empresas-instan-a-la-inmigracion-en-la-reconciliacion\\\/\"},\"wordCount\":1955,\"publisher\":{\"@id\":\"https:\\\/\\\/abic.us\\\/es\\\/#organization\"},\"image\":{\"@id\":\"https:\\\/\\\/abic.us\\\/es\\\/recording-economistas-y-pequenas-empresas-instan-a-la-inmigracion-en-la-reconciliacion\\\/#primaryimage\"},\"thumbnailUrl\":\"https:\\\/\\\/abic.imgix.net\\\/assets\\\/Screen-Shot-2021-09-10-at-1.32.17-PM.png\",\"articleSection\":[\"Sin categorizar\"],\"inLanguage\":\"es\"},{\"@type\":\"WebPage\",\"@id\":\"https:\\\/\\\/abic.us\\\/es\\\/recording-economistas-y-pequenas-empresas-instan-a-la-inmigracion-en-la-reconciliacion\\\/\",\"url\":\"https:\\\/\\\/abic.us\\\/es\\\/recording-economistas-y-pequenas-empresas-instan-a-la-inmigracion-en-la-reconciliacion\\\/\",\"name\":\"[RECORDING] Economistas y peque\u00f1as empresas instan a la inmigraci\u00f3n en la reconciliaci\u00f3n &#8212; Coalici\u00f3n 91探花a de Inmigraci\u00f3n Empresarial\",\"isPartOf\":{\"@id\":\"https:\\\/\\\/abic.us\\\/es\\\/#website\"},\"primaryImageOfPage\":{\"@id\":\"https:\\\/\\\/abic.us\\\/es\\\/recording-economistas-y-pequenas-empresas-instan-a-la-inmigracion-en-la-reconciliacion\\\/#primaryimage\"},\"image\":{\"@id\":\"https:\\\/\\\/abic.us\\\/es\\\/recording-economistas-y-pequenas-empresas-instan-a-la-inmigracion-en-la-reconciliacion\\\/#primaryimage\"},\"thumbnailUrl\":\"https:\\\/\\\/abic.imgix.net\\\/assets\\\/Screen-Shot-2021-09-10-at-1.32.17-PM.png\",\"datePublished\":\"2021-09-10T15:06:49+00:00\",\"dateModified\":\"2021-12-03T21:19:09+00:00\",\"breadcrumb\":{\"@id\":\"https:\\\/\\\/abic.us\\\/es\\\/recording-economistas-y-pequenas-empresas-instan-a-la-inmigracion-en-la-reconciliacion\\\/#breadcrumb\"},\"inLanguage\":\"es\",\"potentialAction\":[{\"@type\":\"ReadAction\",\"target\":[\"https:\\\/\\\/abic.us\\\/es\\\/recording-economistas-y-pequenas-empresas-instan-a-la-inmigracion-en-la-reconciliacion\\\/\"]}]},{\"@type\":\"ImageObject\",\"inLanguage\":\"es\",\"@id\":\"https:\\\/\\\/abic.us\\\/es\\\/recording-economistas-y-pequenas-empresas-instan-a-la-inmigracion-en-la-reconciliacion\\\/#primaryimage\",\"url\":\"https:\\\/\\\/abic.imgix.net\\\/assets\\\/Screen-Shot-2021-09-10-at-1.32.17-PM.png\",\"contentUrl\":\"https:\\\/\\\/abic.imgix.net\\\/assets\\\/Screen-Shot-2021-09-10-at-1.32.17-PM.png\"},{\"@type\":\"BreadcrumbList\",\"@id\":\"https:\\\/\\\/abic.us\\\/es\\\/recording-economistas-y-pequenas-empresas-instan-a-la-inmigracion-en-la-reconciliacion\\\/#breadcrumb\",\"itemListElement\":[{\"@type\":\"ListItem\",\"position\":1,\"name\":\"Hogar\",\"item\":\"https:\\\/\\\/abic.us\\\/es\\\/\"},{\"@type\":\"ListItem\",\"position\":2,\"name\":\"[RECORDING] Economistas y peque\u00f1as empresas instan a la inmigraci\u00f3n en la reconciliaci\u00f3n\"}]},{\"@type\":\"WebSite\",\"@id\":\"https:\\\/\\\/abic.us\\\/es\\\/#website\",\"url\":\"https:\\\/\\\/abic.us\\\/es\\\/\",\"name\":\"Coalici\u00f3n 91探花a de Inmigraci\u00f3n Empresarial\",\"description\":\"Juntos, promoveremos una reforma migratoria sensata que crezca empleos, fortalezca nuestra econom\u00eda y beneficie a todas las familias estadounidenses.\",\"publisher\":{\"@id\":\"https:\\\/\\\/abic.us\\\/es\\\/#organization\"},\"potentialAction\":[{\"@type\":\"SearchAction\",\"target\":{\"@type\":\"EntryPoint\",\"urlTemplate\":\"https:\\\/\\\/abic.us\\\/es\\\/?s={search_term_string}\"},\"query-input\":{\"@type\":\"PropertyValueSpecification\",\"valueRequired\":true,\"valueName\":\"search_term_string\"}}],\"inLanguage\":\"es\"},{\"@type\":\"Organization\",\"@id\":\"https:\\\/\\\/abic.us\\\/es\\\/#organization\",\"name\":\"91探花\",\"url\":\"https:\\\/\\\/abic.us\\\/es\\\/\",\"logo\":{\"@type\":\"ImageObject\",\"inLanguage\":\"es\",\"@id\":\"https:\\\/\\\/abic.us\\\/es\\\/#\\\/schema\\\/logo\\\/image\\\/\",\"url\":\"https:\\\/\\\/abic.us\\\/wp-content\\\/uploads\\\/2021\\\/11\\\/ABIC-Logo.png\",\"contentUrl\":\"https:\\\/\\\/abic.us\\\/wp-content\\\/uploads\\\/2021\\\/11\\\/ABIC-Logo.png\",\"width\":1000,\"height\":260,\"caption\":\"91探花\"},\"image\":{\"@id\":\"https:\\\/\\\/abic.us\\\/es\\\/#\\\/schema\\\/logo\\\/image\\\/\"},\"sameAs\":[\"https:\\\/\\\/www.facebook.com\\\/91探花BIC\",\"https:\\\/\\\/x.com\\\/91探花BIC\"]},{\"@type\":\"Person\",\"@id\":\"https:\\\/\\\/abic.us\\\/es\\\/#\\\/schema\\\/person\\\/58547098a0d3b973c110fd8a36f0e0bb\",\"name\":\"abic\",\"image\":{\"@type\":\"ImageObject\",\"inLanguage\":\"es\",\"@id\":\"https:\\\/\\\/secure.gravatar.com\\\/avatar\\\/4a2893b0ce0ce34781c1e0a9251ffe4322e67c4e95cdf48463d10701c3bd4c8e?s=96&d=mm&r=g\",\"url\":\"https:\\\/\\\/secure.gravatar.com\\\/avatar\\\/4a2893b0ce0ce34781c1e0a9251ffe4322e67c4e95cdf48463d10701c3bd4c8e?s=96&d=mm&r=g\",\"contentUrl\":\"https:\\\/\\\/secure.gravatar.com\\\/avatar\\\/4a2893b0ce0ce34781c1e0a9251ffe4322e67c4e95cdf48463d10701c3bd4c8e?s=96&d=mm&r=g\",\"caption\":\"abic\"},\"sameAs\":[\"https:\\\/\\\/abic.wpengine.com\"]}]}<\/script>\n<!-- \/ Yoast SEO plugin. -->","yoast_head_json":{"title":"[RECORDING] Economistas y peque\u00f1as empresas instan a la inmigraci\u00f3n en la reconciliaci\u00f3n &#8212; Coalici\u00f3n 91探花a de Inmigraci\u00f3n Empresarial","robots":{"index":"index","follow":"follow","max-snippet":"max-snippet:-1","max-image-preview":"max-image-preview:large","max-video-preview":"max-video-preview:-1"},"canonical":"https:\/\/abic.us\/es\/recording-economistas-y-pequenas-empresas-instan-a-la-inmigracion-en-la-reconciliacion\/","og_locale":"es_ES","og_type":"article","og_title":"[RECORDING] Economistas y peque\u00f1as empresas instan a la inmigraci\u00f3n en la reconciliaci\u00f3n &#8212; Coalici\u00f3n 91探花a de Inmigraci\u00f3n Empresarial","og_description":"[RECORDING]Economistas y peque\u00f1as empresas instan a la inmigraci\u00f3n en la reconciliaci\u00f3n El representante \u00abChuy\u00bb Garc\u00eda (D-IL-4) se une a economistas, propietarios de peque\u00f1as empresas inmigrantes, empresarios y l\u00edderes de la...","og_url":"https:\/\/abic.us\/es\/recording-economistas-y-pequenas-empresas-instan-a-la-inmigracion-en-la-reconciliacion\/","og_site_name":"Coalici\u00f3n 91探花a de Inmigraci\u00f3n Empresarial","article_publisher":"https:\/\/www.facebook.com\/91探花BIC","article_published_time":"2021-09-10T15:06:49+00:00","article_modified_time":"2021-12-03T21:19:09+00:00","og_image":[{"url":"https:\/\/abic.imgix.net\/assets\/Screen-Shot-2021-09-10-at-1.32.17-PM.png","type":"","width":"","height":""}],"author":"abic","twitter_card":"summary_large_image","twitter_creator":"@91探花BIC","twitter_site":"@91探花BIC","twitter_misc":{"Escrito por":"abic","Tiempo de lectura":"10 minutos"},"schema":{"@context":"https:\/\/schema.org","@graph":[{"@type":"Article","@id":"https:\/\/abic.us\/es\/recording-economistas-y-pequenas-empresas-instan-a-la-inmigracion-en-la-reconciliacion\/#article","isPartOf":{"@id":"https:\/\/abic.us\/es\/recording-economistas-y-pequenas-empresas-instan-a-la-inmigracion-en-la-reconciliacion\/"},"author":{"name":"abic","@id":"https:\/\/abic.us\/es\/#\/schema\/person\/58547098a0d3b973c110fd8a36f0e0bb"},"headline":"[RECORDING] Economistas y peque\u00f1as empresas instan a la inmigraci\u00f3n en la reconciliaci\u00f3n","datePublished":"2021-09-10T15:06:49+00:00","dateModified":"2021-12-03T21:19:09+00:00","mainEntityOfPage":{"@id":"https:\/\/abic.us\/es\/recording-economistas-y-pequenas-empresas-instan-a-la-inmigracion-en-la-reconciliacion\/"},"wordCount":1955,"publisher":{"@id":"https:\/\/abic.us\/es\/#organization"},"image":{"@id":"https:\/\/abic.us\/es\/recording-economistas-y-pequenas-empresas-instan-a-la-inmigracion-en-la-reconciliacion\/#primaryimage"},"thumbnailUrl":"https:\/\/abic.imgix.net\/assets\/Screen-Shot-2021-09-10-at-1.32.17-PM.png","articleSection":["Sin categorizar"],"inLanguage":"es"},{"@type":"WebPage","@id":"https:\/\/abic.us\/es\/recording-economistas-y-pequenas-empresas-instan-a-la-inmigracion-en-la-reconciliacion\/","url":"https:\/\/abic.us\/es\/recording-economistas-y-pequenas-empresas-instan-a-la-inmigracion-en-la-reconciliacion\/","name":"[RECORDING] Economistas y peque\u00f1as empresas instan a la inmigraci\u00f3n en la reconciliaci\u00f3n &#8212; Coalici\u00f3n 91探花a de Inmigraci\u00f3n Empresarial","isPartOf":{"@id":"https:\/\/abic.us\/es\/#website"},"primaryImageOfPage":{"@id":"https:\/\/abic.us\/es\/recording-economistas-y-pequenas-empresas-instan-a-la-inmigracion-en-la-reconciliacion\/#primaryimage"},"image":{"@id":"https:\/\/abic.us\/es\/recording-economistas-y-pequenas-empresas-instan-a-la-inmigracion-en-la-reconciliacion\/#primaryimage"},"thumbnailUrl":"https:\/\/abic.imgix.net\/assets\/Screen-Shot-2021-09-10-at-1.32.17-PM.png","datePublished":"2021-09-10T15:06:49+00:00","dateModified":"2021-12-03T21:19:09+00:00","breadcrumb":{"@id":"https:\/\/abic.us\/es\/recording-economistas-y-pequenas-empresas-instan-a-la-inmigracion-en-la-reconciliacion\/#breadcrumb"},"inLanguage":"es","potentialAction":[{"@type":"ReadAction","target":["https:\/\/abic.us\/es\/recording-economistas-y-pequenas-empresas-instan-a-la-inmigracion-en-la-reconciliacion\/"]}]},{"@type":"ImageObject","inLanguage":"es","@id":"https:\/\/abic.us\/es\/recording-economistas-y-pequenas-empresas-instan-a-la-inmigracion-en-la-reconciliacion\/#primaryimage","url":"https:\/\/abic.imgix.net\/assets\/Screen-Shot-2021-09-10-at-1.32.17-PM.png","contentUrl":"https:\/\/abic.imgix.net\/assets\/Screen-Shot-2021-09-10-at-1.32.17-PM.png"},{"@type":"BreadcrumbList","@id":"https:\/\/abic.us\/es\/recording-economistas-y-pequenas-empresas-instan-a-la-inmigracion-en-la-reconciliacion\/#breadcrumb","itemListElement":[{"@type":"ListItem","position":1,"name":"Hogar","item":"https:\/\/abic.us\/es\/"},{"@type":"ListItem","position":2,"name":"[RECORDING] Economistas y peque\u00f1as empresas instan a la inmigraci\u00f3n en la reconciliaci\u00f3n"}]},{"@type":"WebSite","@id":"https:\/\/abic.us\/es\/#website","url":"https:\/\/abic.us\/es\/","name":"Coalici\u00f3n 91探花a de Inmigraci\u00f3n Empresarial","description":"Juntos, promoveremos una reforma migratoria sensata que crezca empleos, fortalezca nuestra econom\u00eda y beneficie a todas las familias estadounidenses.","publisher":{"@id":"https:\/\/abic.us\/es\/#organization"},"potentialAction":[{"@type":"SearchAction","target":{"@type":"EntryPoint","urlTemplate":"https:\/\/abic.us\/es\/?s={search_term_string}"},"query-input":{"@type":"PropertyValueSpecification","valueRequired":true,"valueName":"search_term_string"}}],"inLanguage":"es"},{"@type":"Organization","@id":"https:\/\/abic.us\/es\/#organization","name":"91探花","url":"https:\/\/abic.us\/es\/","logo":{"@type":"ImageObject","inLanguage":"es","@id":"https:\/\/abic.us\/es\/#\/schema\/logo\/image\/","url":"https:\/\/abic.us\/wp-content\/uploads\/2021\/11\/ABIC-Logo.png","contentUrl":"https:\/\/abic.us\/wp-content\/uploads\/2021\/11\/ABIC-Logo.png","width":1000,"height":260,"caption":"91探花"},"image":{"@id":"https:\/\/abic.us\/es\/#\/schema\/logo\/image\/"},"sameAs":["https:\/\/www.facebook.com\/91探花BIC","https:\/\/x.com\/91探花BIC"]},{"@type":"Person","@id":"https:\/\/abic.us\/es\/#\/schema\/person\/58547098a0d3b973c110fd8a36f0e0bb","name":"abic","image":{"@type":"ImageObject","inLanguage":"es","@id":"https:\/\/secure.gravatar.com\/avatar\/4a2893b0ce0ce34781c1e0a9251ffe4322e67c4e95cdf48463d10701c3bd4c8e?s=96&d=mm&r=g","url":"https:\/\/secure.gravatar.com\/avatar\/4a2893b0ce0ce34781c1e0a9251ffe4322e67c4e95cdf48463d10701c3bd4c8e?s=96&d=mm&r=g","contentUrl":"https:\/\/secure.gravatar.com\/avatar\/4a2893b0ce0ce34781c1e0a9251ffe4322e67c4e95cdf48463d10701c3bd4c8e?s=96&d=mm&r=g","caption":"abic"},"sameAs":["https:\/\/abic.wpengine.com"]}]}},"_links":{"self":[{"href":"https:\/\/abic.us\/es\/wp-json\/wp\/v2\/posts\/34849","targetHints":{"allow":["GET"]}}],"collection":[{"href":"https:\/\/abic.us\/es\/wp-json\/wp\/v2\/posts"}],"about":[{"href":"https:\/\/abic.us\/es\/wp-json\/wp\/v2\/types\/post"}],"author":[{"embeddable":true,"href":"https:\/\/abic.us\/es\/wp-json\/wp\/v2\/users\/1"}],"replies":[{"embeddable":true,"href":"https:\/\/abic.us\/es\/wp-json\/wp\/v2\/comments?post=34849"}],"version-history":[{"count":0,"href":"https:\/\/abic.us\/es\/wp-json\/wp\/v2\/posts\/34849\/revisions"}],"wp:attachment":[{"href":"https:\/\/abic.us\/es\/wp-json\/wp\/v2\/media?parent=34849"}],"wp:term":[{"taxonomy":"category","embeddable":true,"href":"https:\/\/abic.us\/es\/wp-json\/wp\/v2\/categories?post=34849"},{"taxonomy":"post_tag","embeddable":true,"href":"https:\/\/abic.us\/es\/wp-json\/wp\/v2\/tags?post=34849"}],"curies":[{"name":"wp","href":"https:\/\/api.w.org\/{rel}","templated":true}]}}