  {"id":34864,"date":"2021-09-09T09:35:34","date_gmt":"2021-09-09T09:35:34","guid":{"rendered":"https:\/\/abic.wpengine.com\/la-directora-ejecutiva-de-abic-rebecca-shi-a-la-parlamentaria-del-senado-de-los-estados-unidos-las-soluciones-de-inmigracion-pertenecen-a-la-reconciliacion\/"},"modified":"2021-12-03T21:09:23","modified_gmt":"2021-12-03T21:09:23","slug":"la-directora-ejecutiva-de-abic-rebecca-shi-a-la-parlamentaria-del-senado-de-los-estados-unidos-las-soluciones-de-inmigracion-pertenecen-a-la-reconciliacion","status":"publish","type":"post","link":"https:\/\/abic.us\/es\/la-directora-ejecutiva-de-abic-rebecca-shi-a-la-parlamentaria-del-senado-de-los-estados-unidos-las-soluciones-de-inmigracion-pertenecen-a-la-reconciliacion\/","title":{"rendered":"La Directora Ejecutiva de ABIC, Rebecca Shi, a la parlamentaria del Senado de los Estados Unidos: Las soluciones de inmigraci\u00f3n pertenecen a la reconciliaci\u00f3n"},"content":{"rendered":"\n<figure class=\"wp-block-image size-large\"><img loading=\"lazy\" decoding=\"async\" width=\"1900\" height=\"688\" src=\"https:\/\/abic.imgix.net\/assets\/immigration.reform.now_.logo_.png\" alt=\"\" class=\"wp-image-31488\"\/><\/figure>\n<h2 class=\"wp-block-heading\"><strong>La Directora Ejecutiva de ABIC, Rebecca Shi, a la parlamentaria del Senado de los Estados Unidos: Las soluciones de inmigraci\u00f3n pertenecen a la reconciliaci\u00f3n  <\/strong><\/h2>\n\n<p class=\"wp-block-paragraph\">WASHINGTON, DC &#8211; En respuesta a la <a href=\"http:\/\/link.mediaoutreach.meltwater.com\/ls\/click?upn=Z5Ymh5668oJULeadT1vlWCTvlLTAG2BT3qQ5ZBX6FPIJU2uJmyubZuyQ3imHtGyX3n9FqocmdUvqX09ydiw9i3dDEfCVfPQyBqXaOAZmoo-2Bde5mPJ9g9ku5LBCli5xxNfhQMuFSCbycdqMGuSeeYKnm-2F2kux2auCpyXGvX12KYs-3D5lZ4_FecpbG-2BWS5wVt-2BM0HlHeo8FQoPPh2t6tFjzC8yvuGABP0Mi-2BrTkeji1YUkBgmoETfIdmOzfwfYdqmIUtl2oLSo7OWhSZJ8dtXkOXcK9Ot1-2FdxuAD-2ByRc7Ejwcivdlcja9301eg1XvOaW7lw-2BEB7FlZcb5GB9eWqxakSlgICXwomIozazKfk4YGspOrhLBubtUeecYbaXQTtRw8OteB-2FvYmrs8Dsk-2FImnEIk9lo6gCsPtszzNqFVNASVdQ0pnSgHIo6dt6oe060vQfL5N2zguxnZ8jFnnUZunGvF1xt4770QgyyZJiHmmhtpEV9zE2DJmnfkUt0PTFGzX-2BXiRWzKQPL5ze17UvEljrAv-2FeTC6JdHPFgBYcLixSj0JfaxIBSeJ\" target=\"_blank\" rel=\"noreferrer noopener\">noticia<\/a> de la reuni\u00f3n del viernes donde los dem\u00f3cratas del Senado presentar\u00e1n el caso para incluir un camino hacia la ciudadan\u00eda para los Dreamers, los trabajadores agr\u00edcolas, los titulares de TPS y los trabajadores inmigrantes esenciales, la directora ejecutiva de <strong>ABIC, Rebecca Shi,<\/strong> emiti\u00f3 la siguiente declaraci\u00f3n:<br\/><br\/><em>\u00abLa reforma migratoria es urgente, bipartidista y pertenece a la reconciliaci\u00f3n presupuestaria. El parlamentario debe gobernar en consecuencia con base en el impacto econ\u00f3mico, el impulso al tesoro federal y el precedente. Las reglas establecen claramente que la reconciliaci\u00f3n se puede usar para medidas que afectan el gasto federal, los ingresos y el l\u00edmite de la deuda federal. La inmigraci\u00f3n encaja perfectamente\u00bb.  <br\/><br\/><\/em>Los inmigrantes y empleadores que dependen de ellos merecen una legislaci\u00f3n que brinde certidumbre a sus vidas y negocios despu\u00e9s de a\u00f1os de existir en un limbo legal. Esto no solo es moralmente correcto, sino que es vital para nuestra econom\u00eda. Existe una necesidad econ\u00f3mica innegable de estas disposiciones de inmigraci\u00f3n.<\/p>\n\n<p class=\"wp-block-paragraph\"><strong>Por qu\u00e9 la Reforma Migratoria pertenece a la Reconciliaci\u00f3n  <\/strong><\/p>\n\n<p class=\"wp-block-paragraph\"><strong>BENEFICIO ECON\u00d3MICO: <br\/><\/strong> Los beneficios econ\u00f3micos para todos los estadounidenses que resultar\u00edan de legalizar el estatus de millones de trabajadores vienen en forma de mayores gastos, ingresos fiscales y creaci\u00f3n de empleos. El aumento de los ingresos fiscales federales por s\u00ed solo deber\u00eda calificar las medidas de inmigraci\u00f3n para su inclusi\u00f3n en el paquete de reconciliaci\u00f3n.<\/p>\n\n<ul class=\"wp-block-list\"><li>Los inmigrantes<a href=\"http:\/\/link.mediaoutreach.meltwater.com\/ls\/click?upn=Z5Ymh5668oJULeadT1vlWNHZtG-2FUl8LVwhJNoQSEoTQ3fFNPnATQ0sUC88EI3ibR2aY6o-2FnaP5yzb6coQIGLAhILgsVCziPtILGquznbm64ATbOIU-2B7pR-2F-2FFSHGs7w6tKcVohMATJlSYQYsXJpr9YJbpLtAueHiP2OTHacA49WFK6HYMkLrn8gsz-2FRsyqsk4xNm2JX-2FK7Lz34lElzN0ifA-3D-3DnNiY_FecpbG-2BWS5wVt-2BM0HlHeo8FQoPPh2t6tFjzC8yvuGABP0Mi-2BrTkeji1YUkBgmoETfIdmOzfwfYdqmIUtl2oLSo7OWhSZJ8dtXkOXcK9Ot1-2FdxuAD-2ByRc7Ejwcivdlcja9301eg1XvOaW7lw-2BEB7FlZcb5GB9eWqxakSlgICXwomIozazKfk4YGspOrhLBubtUeecYbaXQTtRw8OteB-2FvYqw0t3MRrYo5xXFUWUj-2FCXR-2Bhcm7shsQplwz8LH5nHBwW2QMU1fuS1OL2SxVhj0-2BJPS6l-2BrZzVaey7qTObMPVYYQCX4DXTry66mvSEWgrWg8-2FdOWs4rqQYsLe1dWcNQfBnhA1L90dJdXAbYee8-2F-2BCu2sswmUnhFUXnmrUYGbR62w\" target=\"_blank\" rel=\"noreferrer noopener\"> pagaron<\/a> $ 458.7 mil millones en impuestos estatales, locales y federales solo en 2018.<br\/><\/li><li>La econom\u00eda de los Estados Unidos crecer\u00eda en $ 121 mil millones anuales si los Dreamers, los titulares de TPS, los trabajadores agr\u00edcolas y los trabajadores esenciales indocumentados ganaran la legalizaci\u00f3n y se convirtieran en ciudadanos estadounidenses, \u00abincluidas las expansiones multimillonarias en una docena de econom\u00edas estatales y el aumento de los ingresos fiscales federales, estatales y locales en $ 31 mil millones anuales\u00bb.  <a href=\"http:\/\/link.mediaoutreach.meltwater.com\/ls\/click?upn=Z5Ymh5668oJULeadT1vlWFtEYT8ZCgSVfo1KBHFABs5hQU3vwNsh-2BEpOL5USbWXRry27pvnRNIkRh4OG-2B1C4EQ-3D-3DGn6__FecpbG-2BWS5wVt-2BM0HlHeo8FQoPPh2t6tFjzC8yvuGABP0Mi-2BrTkeji1YUkBgmoETfIdmOzfwfYdqmIUtl2oLSo7OWhSZJ8dtXkOXcK9Ot1-2FdxuAD-2ByRc7Ejwcivdlcja9301eg1XvOaW7lw-2BEB7FlZcb5GB9eWqxakSlgICXwomIozazKfk4YGspOrhLBubtUeecYbaXQTtRw8OteB-2FvYjO17EecCboMrYyfk-2FiKOCyQ-2FxcLYMMS7KsyQMWCuDllB0m8xE9ETfn9x1O-2Fb-2FQbzxXLqWtJNQcjUsL68p-2FWQYVBwWE9oYe-2BXkhZzhULPEsY2-2BpYfYqiTy6K6ZgUOuolltXkZhHAxq-2FsjjNmOZLua692qWwd6fVISvejgA10c-2Buv\" target=\"_blank\" rel=\"noreferrer noopener\">seg\u00fan un an\u00e1lisis reciente.<\/a> (Numerosos estudios econ\u00f3micos se han hecho eco de los hallazgos<a href=\"http:\/\/link.mediaoutreach.meltwater.com\/ls\/click?upn=Z5Ymh5668oJULeadT1vlWAn6yJtHXB3TCt0Wc78acrMQNNbjNfC9rhbX28cc9ey56XcQhh5FS1Uv-2Fe8BRV-2F1SYvhohA5IgC43-2BWW6fWjrQI-3D6BXy_FecpbG-2BWS5wVt-2BM0HlHeo8FQoPPh2t6tFjzC8yvuGABP0Mi-2BrTkeji1YUkBgmoETfIdmOzfwfYdqmIUtl2oLSo7OWhSZJ8dtXkOXcK9Ot1-2FdxuAD-2ByRc7Ejwcivdlcja9301eg1XvOaW7lw-2BEB7FlZcb5GB9eWqxakSlgICXwomIozazKfk4YGspOrhLBubtUeecYbaXQTtRw8OteB-2FvYilM5xmq3i0VdC2ZfS0HDjP4Xd70tkKzfVs5ZVUAeOjydrI5aHciZ9uhvP-2BGLcEGWKMDri9AH353BLrzghRLckIB1RRPa9aIIFhF00NTljiscjOFpHYinuDvjTSM3Yt3W-2B-2BixhavvElbpbfe3cOEFCBJ7mK8yTKIZBhPpnBytppe\" target=\"_blank\" rel=\"noreferrer noopener\"> aqu\u00ed<\/a> y<a href=\"http:\/\/link.mediaoutreach.meltwater.com\/ls\/click?upn=Z5Ymh5668oJULeadT1vlWIiTBSuqELPNK33zExYEQsJTNsdkC3t1W93NCFN2KjCK-2B6dr7VUzTy4BaoAueNm345ZJspqGShugT-2BpLio0nzwU-3DbZQG_FecpbG-2BWS5wVt-2BM0HlHeo8FQoPPh2t6tFjzC8yvuGABP0Mi-2BrTkeji1YUkBgmoETfIdmOzfwfYdqmIUtl2oLSo7OWhSZJ8dtXkOXcK9Ot1-2FdxuAD-2ByRc7Ejwcivdlcja9301eg1XvOaW7lw-2BEB7FlZcb5GB9eWqxakSlgICXwomIozazKfk4YGspOrhLBubtUeecYbaXQTtRw8OteB-2FvYpmtoS-2FmefTjX5V1OP4GyItGbttMxTz8105aMqDx-2FkeBEdnxy2-2BehgOCiS9EELEo2KjFuTl0I0XdtUo6VY4SP1AvGl9dV3lbyKnE68vTe-2BfywlYhk8fJCbYSIlQ8OPT3THqJiNzbf8HRgPZ-2BrK0J7daFahbj0ioP3L7aY9W4ndvA\" target=\"_blank\" rel=\"noreferrer noopener\"> aqu\u00ed).<\/a><br\/><\/li><li>La Oficina de Presupuesto del Congreso (CBO) ha reconocido durante mucho tiempo los beneficios econ\u00f3micos para la econom\u00eda de los Estados Unidos y para la reducci\u00f3n del d\u00e9ficit federal si los inmigrantes indocumentados tuvieran acceso a la legalizaci\u00f3n y la ciudadan\u00eda. Durante el debate de 2013 de S744, que fue votado fuera del Senado con 68 votos, la <a href=\"http:\/\/link.mediaoutreach.meltwater.com\/ls\/click?upn=Z5Ymh5668oJULeadT1vlWMgyTKiA7PISV2HyaWqenPy2e6qF8wOXuKSvBSu-2BkZfyoImXpwNBK7-2BkguPVA1manReYNpcNOq-2B6e6mnsAxZj2mmGauAdusiFH68jTGUFcvJoO-2BFU3JB-2BXGW7rVCqp54WA-3D-3Dhu8V_FecpbG-2BWS5wVt-2BM0HlHeo8FQoPPh2t6tFjzC8yvuGABP0Mi-2BrTkeji1YUkBgmoETfIdmOzfwfYdqmIUtl2oLSo7OWhSZJ8dtXkOXcK9Ot1-2FdxuAD-2ByRc7Ejwcivdlcja9301eg1XvOaW7lw-2BEB7FlZcb5GB9eWqxakSlgICXwomIozazKfk4YGspOrhLBubtUeecYbaXQTtRw8OteB-2FvYg5JZBRJGjzNjWcoQBIHq-2FP0pqgjoI-2Ba8e9-2Fhgdr-2Fwjn4QxOFCSr7DZM-2B8dlnNSsPV8EJni0U2dmvAooCYkkd3XOhThfAjnjwIgCrApVICRWijuSmAOqf0ffNEElJLUONB2f45jVtgaNHAVxT-2FCtKoNgpVC4NVPi7yC0G59ApYHj\" target=\"_blank\" rel=\"noreferrer noopener\">CBO<\/a> estim\u00f3 que la medida, si se promulga, habr\u00eda disminuido los d\u00e9ficits presupuestarios federales en $ 197 mil millones durante el per\u00edodo 2014-2023 y en aproximadamente $ 700 mil millones durante el per\u00edodo 2024-2033.<br\/><\/li><li>La legalizaci\u00f3n aborda la <a href=\"http:\/\/link.mediaoutreach.meltwater.com\/ls\/click?upn=Z5Ymh5668oJULeadT1vlWOmmT8uBWp6Rp5RnfsbIKnqIukny9ylCE42G6xh51hcqqYRpbo5BcgScD-2BV01GOKDw-3D-3DTkFI_FecpbG-2BWS5wVt-2BM0HlHeo8FQoPPh2t6tFjzC8yvuGABP0Mi-2BrTkeji1YUkBgmoETfIdmOzfwfYdqmIUtl2oLSo7OWhSZJ8dtXkOXcK9Ot1-2FdxuAD-2ByRc7Ejwcivdlcja9301eg1XvOaW7lw-2BEB7FlZcb5GB9eWqxakSlgICXwomIozazKfk4YGspOrhLBubtUeecYbaXQTtRw8OteB-2FvYrilczYCy4kDOkJCnhXIGvS0gu-2FYUFP8XvXimOe4OKSobCHgJRFou-2Bbxk0VhjOcnEunDonARCbQ7uyRLvWd92sjrExu2Vn9DJfqmHzgR22yDPRBQ8wIrHPyzTurFT9mK2PQza-2FoYgB4onPo4o-2FtIVr4d33Hd0XLO3xf7-2Fj4J-2F0mi\" target=\"_blank\" rel=\"noreferrer noopener\">aguda escasez de mano de obra en todos los sectores:<\/a>nuestra econom\u00eda tiene 10,1 millones de vacantes de empleo. 3,1 millones de vacantes de empleo solo en el Sur. Proporcionar un camino hacia la permanencia para los inmigrantes indocumentados que ya contribuyen liberar\u00e1 su potencial econ\u00f3mico y aliviar\u00e1 la aguda escasez de mano de obra de nuestra naci\u00f3n.  <\/li><\/ul>\n<p class=\"wp-block-paragraph\"><strong>COSTE ECON\u00d3MICO DE LA INACCI\u00d3N:<\/strong><br\/>La reconciliaci\u00f3n puede ser la \u00faltima oportunidad de hacer lo que el pueblo estadounidense quiere y lo que nuestra econom\u00eda necesita, durante meses, y tal vez a\u00f1os por venir. Si no logramos aprobar estas soluciones de inmigraci\u00f3n ahora, corremos el riesgo de perder 800,000 beneficiarios de DACA, 400,000 beneficiarios de TPS y miles de millones de d\u00f3lares en contribuciones de ingresos econ\u00f3micos y fiscales que son necesarios para hacer crecer nuestra econom\u00eda.<\/p>\n\n<p class=\"wp-block-paragraph\"><strong>PRECEDENTE: <br\/><\/strong> La inmigraci\u00f3n se ha<a href=\"http:\/\/link.mediaoutreach.meltwater.com\/ls\/click?upn=Z5Ymh5668oJULeadT1vlWKRunJovj1VcUwCi-2FUjZgoJO-2B1a2Ciea4tFNOOSKY-2F6kj46WdrddNHLmiVclRtuIr68zMGjiosfb4FRxL4PeKzE-3Djzfx_FecpbG-2BWS5wVt-2BM0HlHeo8FQoPPh2t6tFjzC8yvuGABP0Mi-2BrTkeji1YUkBgmoETfIdmOzfwfYdqmIUtl2oLSo7OWhSZJ8dtXkOXcK9Ot1-2FdxuAD-2ByRc7Ejwcivdlcja9301eg1XvOaW7lw-2BEB7FlZcb5GB9eWqxakSlgICXwomIozazKfk4YGspOrhLBubtUeecYbaXQTtRw8OteB-2FvYoegtiD-2BB119ZLj6stO2DVQqkiuUk-2F-2BZk3ejN9ymCO2FSeBJqIaFTpSGrn1FR7Zw81j1kiBT8WMrQyE-2BLVWWExFdvA30zJibhsEwc-2BuitcyO6aKgkIuLLNepk0ge8rvMvNY3D0D3AX0Oc60rWR7vedkA7b1ZL4-2F93EWPAI5oFAyU\" target=\"_blank\" rel=\"noreferrer noopener\"> incluido<\/a> previamente en la reconciliaci\u00f3n. La inmigraci\u00f3n ha sido incluida previamente en los proyectos de ley de presupuesto y asignaciones al menos CINCO veces, por ambas partes, incluyendo:<\/p>\n\n<ul class=\"wp-block-list\"><li>Ley de Reforma de la Inmigraci\u00f3n Ilegal y Responsabilidad del Inmigrante de 1996: Cre\u00f3 nuevas restricciones a la inmigraci\u00f3n; Los republicanos controlaban ambas C\u00e1maras.<\/li><li>Ley de Equidad en la Inmigraci\u00f3n de Refugiados Haitianos de 1999: Legalizaci\u00f3n de haitianos indocumentados elegibles; Los republicanos controlaban ambas C\u00e1maras.<\/li><li>Ley de Equidad Familiar de Inmigraci\u00f3n Legal: Cre\u00f3 un camino m\u00e1s f\u00e1cil hacia la residencia para algunos residentes familiares y de empleo inmediatos: los republicanos controlaban ambas C\u00e1maras.<\/li><li>Ley de Ajuste Nicarag\u00fcense y Alivio Centroamericano de 1998: Legalizaci\u00f3n de centroamericanos indocumentados elegibles y europeos del este; Los republicanos controlaban ambas C\u00e1maras.<\/li><li>Ley de Equidad de Inmigraci\u00f3n de Refugiados de Liberia de 2019: Legalizar a los liberianos elegibles que ten\u00edan TPS \/ DED a largo plazo; Los dem\u00f3cratas controlaban la C\u00e1mara de Representantes, los republicanos controlaban el Senado.<\/li><\/ul>\n<p class=\"wp-block-paragraph\"><strong>APOYO BIPARTIDISTA:<\/strong><br\/>La reforma migratoria es urgente, bipartidista y pertenece a la reconciliaci\u00f3n presupuestaria.  <\/p>\n\n<p class=\"wp-block-paragraph\">Hemos esperado durante d\u00e9cadas soluciones de inmigraci\u00f3n y el Congreso no ha actuado para proteger la seguridad de nuestra econom\u00eda y nuestras familias. La inacci\u00f3n en 2021 es inaceptable. El momento de actuar es ahora. Hay apoyo bipartidista para la reforma migratoria. M\u00e1s de 40 republicanos de la C\u00e1mara de Representantes y todos los dem\u00f3cratas de la C\u00e1mara votaron a favor del Sue\u00f1o y la Promesa (HR 6) y la Ley de Modernizaci\u00f3n de la Fuerza Laboral Agr\u00edcola;  <a href=\"http:\/\/link.mediaoutreach.meltwater.com\/ls\/click?upn=Z5Ymh5668oJULeadT1vlWD7dxOecSflc4ki-2FivFBZyU3nHP-2B7jHDNUEnWpPVldf7l7EgECqUhv-2BG2V1mkcUU46NAMbWsHT9TQRdMNwxp07foDMENrzA6UeCM4-2FacqcawwFLqfMsQEWijx9C9BriD5VhMdHV5w0wIzceVSmwyPD14ak6h-2BDs-2FCCkSuRU7NRDGMAZN12uyYq0ozBkJrgcAdzWWUSGgsk9mmBZRa1CEFwletwH-2FT1A8hyNfExtYEcouxlBl_FecpbG-2BWS5wVt-2BM0HlHeo8FQoPPh2t6tFjzC8yvuGABP0Mi-2BrTkeji1YUkBgmoETfIdmOzfwfYdqmIUtl2oLSo7OWhSZJ8dtXkOXcK9Ot1-2FdxuAD-2ByRc7Ejwcivdlcja9301eg1XvOaW7lw-2BEB7FlZcb5GB9eWqxakSlgICXwomIozazKfk4YGspOrhLBubtUeecYbaXQTtRw8OteB-2FvYvkEi553KAKNkyrdYOU2uRwuJ-2BAZO1ZF-2FSoTWKS8S2A5n2gswypUWMfrJjxpXy2S15CK2bhO-2B-2FYXEnJBGdLCzl4xntfqqkPW0YQFXfO4qlvQWfzDts4ibYrx-2BfZJwHs9RukClpaY9-2BUY8sLgVlrbmEsARf6zr61BawGkmMispH-2FY\" target=\"_blank\" rel=\"noreferrer noopener\">21 l\u00edderes empresariales republicanos enviaron recientemente una carta al presidente Biden y al l\u00edder del Congreso<\/a>instando a que las soluciones de inmigraci\u00f3n se incluyan en la pr\u00f3xima votaci\u00f3n de reconciliaci\u00f3n presupuestaria debido a la urgencia creada por la escasez de mano de obra.  <\/p>\n\n<p class=\"wp-block-paragraph\">Los votantes de todo el espectro pol\u00edtico apoyan la creaci\u00f3n de un camino hacia la ciudadan\u00eda para los inmigrantes indocumentados Nuevo  <a href=\"http:\/\/link.mediaoutreach.meltwater.com\/ls\/click?upn=pzpdy847t9dVsOg1sRJNGYFPNBg55o-2BdMPmGBXA6Eq1fvYD3iAYN-2BX2uItffdT9OnUYY6ZvSbYtS034ukKjIbrIcHEelYS6iEi2unKOV6b2Bo24-2FFF5LdsJfdMGCW-2FAfskvcuiMC2kvxeRsgnd8zNQ-3D-3D6n9a_FecpbG-2BWS5wVt-2BM0HlHeo8FQoPPh2t6tFjzC8yvuGABP0Mi-2BrTkeji1YUkBgmoETfIdmOzfwfYdqmIUtl2oLSo7OWhSZJ8dtXkOXcK9Ot1-2FdxuAD-2ByRc7Ejwcivdlcja9301eg1XvOaW7lw-2BEB7FlZcb5GB9eWqxakSlgICXwomIozazKfk4YGspOrhLBubtUeecYbaXQTtRw8OteB-2FvYqjwbXy3kTlnAzjpS4hZ1-2Flu6-2BgA9rb-2BaEzKRR5imujlwh38pLOhQKIwW0xeIsAxBbu14cGkliMZjp8zTYF-2BSnk5VOOdEAl-2BlMB6KQ5akQXnfj-2BT-2FThGjbbxgGE0OojjE0E1ySzGVMix3Zsnjx3LTr4T5UQ8EiQKczYU1LeP5-2FLL\" target=\"_blank\" rel=\"noreferrer noopener\">La encuesta de Data for Progress<\/a> encuentra que el 67% de los estadounidenses a trav\u00e9s de las l\u00edneas partidarias apoyan las propuestas de tarjeta verde \/ ciudadan\u00eda del paquete presupuestario de los dem\u00f3cratas, con una intensidad que favorece fuertemente a los encuestados pro-inmigrantes.  <a href=\"http:\/\/link.mediaoutreach.meltwater.com\/ls\/click?upn=Z5Ymh5668oJULeadT1vlWE65pKX-2BRK2yEENqBgVTmza63gKjoNrmr-2B87tQqfKMolB02t4kTsiy2DdOXh6TssWHTOhKVHH38lvsFRcQgdA2q3Qj7nf73Jtrvhbl-2BWYIP34ERmzCkmQ1vnL2W91xNdJg-3D-3D7JhG_FecpbG-2BWS5wVt-2BM0HlHeo8FQoPPh2t6tFjzC8yvuGABP0Mi-2BrTkeji1YUkBgmoETfIdmOzfwfYdqmIUtl2oLSo7OWhSZJ8dtXkOXcK9Ot1-2FdxuAD-2ByRc7Ejwcivdlcja9301eg1XvOaW7lw-2BEB7FlZcb5GB9eWqxakSlgICXwomIozazKfk4YGspOrhLBubtUeecYbaXQTtRw8OteB-2FvYimvfNDuGc6OxUrook28dBeRDayIJctNic6yX9r5jcDb9fk-2B5ajba8-2B0busgygJ-2B-2BcD6aCewF8s49RSPl2j84GENEannlj3I4Bd7g7LwBpOz8266AP6D6fb18-2BBCZWNrItq3VfRAFRJ6KHl-2BSqbeCREOtjlxauXSE0ieYRWoNTnW\" target=\"_blank\" rel=\"noreferrer noopener\">Otra encuesta<\/a> encontr\u00f3 que el 70% de los estadounidenses apoyan arreglar nuestro sistema de inmigraci\u00f3n. &#8211;  <\/p>\n\n<p class=\"wp-block-paragraph\"><strong>ACERCA DE <br\/><\/strong> La<a href=\"http:\/\/link.mediaoutreach.meltwater.com\/ls\/click?upn=Z5Ymh5668oJULeadT1vlWH0ArQy-2B0l7fJupBT-2FXjbMI-3DYzX__FecpbG-2BWS5wVt-2BM0HlHeo8FQoPPh2t6tFjzC8yvuGABP0Mi-2BrTkeji1YUkBgmoETfIdmOzfwfYdqmIUtl2oLSo7OWhSZJ8dtXkOXcK9Ot1-2FdxuAD-2ByRc7Ejwcivdlcja9301eg1XvOaW7lw-2BEB7FlZcb5GB9eWqxakSlgICXwomIozazKfk4YGspOrhLBubtUeecYbaXQTtRw8OteB-2FvYgpJ2CCCA0O3XVv3ED5MfAdTCHahoCRvgW9FOW1sQMtZLmAQpnNZC6l-2F1aAvV1HJRS58BwR5BixKDUqWJ7oPo-2BLRkfIh7oAhGxi6V3j2QqEWSeTAIcNmdOWSqxZ0QlewfNGv8U6sgQYb3F-2FEisS2YKhc4OUDMCzzyBHtQfLY6aXh\" target=\"_blank\" rel=\"noreferrer noopener\"> 91探花 (ABIC)<\/a> promueve una reforma migratoria de sentido com\u00fan que promueve la competitividad econ\u00f3mica, proporciona a las empresas tanto el talento altamente calificado como el poco calificado que necesitan, y permite la integraci\u00f3n de los inmigrantes en nuestra econom\u00eda como consumidores, trabajadores, empresarios y ciudadanos. ABIC est\u00e1 activo en estados y comunidades clave de todo el pa\u00eds involucrando a activistas, defensores, l\u00edderes empresariales y funcionarios electos sobre la urgencia de aprobar una reforma migratoria que impulse nuestra econom\u00eda, cree empleos, alivie la escasez de mano de obra y apoye a las familias.  <\/p>\n\n<p class=\"wp-block-paragraph\">###<\/p>\n","protected":false},"excerpt":{"rendered":"<p>La Directora Ejecutiva de ABIC, Rebecca Shi, a la parlamentaria del Senado de los Estados Unidos: Las soluciones de inmigraci\u00f3n pertenecen a la reconciliaci\u00f3n WASHINGTON, DC &#8211; En respuesta a&#8230;<\/p>\n","protected":false},"author":1,"featured_media":0,"comment_status":"closed","ping_status":"closed","sticky":false,"template":"","format":"standard","meta":{"footnotes":""},"categories":[63],"tags":[],"class_list":["post-34864","post","type-post","status-publish","format-standard","category-actualizaciones"],"yoast_head":"<!-- This site is optimized with the Yoast SEO plugin v28.3 - https:\/\/yoast.com\/product\/yoast-seo-wordpress\/ -->\n<title>La Directora Ejecutiva de ABIC, Rebecca Shi, a la parlamentaria del Senado de los Estados Unidos: Las soluciones de inmigraci\u00f3n pertenecen a la reconciliaci\u00f3n &#8212; Coalici\u00f3n 91探花a de Inmigraci\u00f3n Empresarial<\/title>\n<meta name=\"robots\" content=\"index, follow, max-snippet:-1, max-image-preview:large, max-video-preview:-1\" \/>\n<link rel=\"canonical\" href=\"https:\/\/abic.us\/es\/la-directora-ejecutiva-de-abic-rebecca-shi-a-la-parlamentaria-del-senado-de-los-estados-unidos-las-soluciones-de-inmigracion-pertenecen-a-la-reconciliacion\/\" \/>\n<meta property=\"og:locale\" content=\"es_ES\" \/>\n<meta property=\"og:type\" content=\"article\" \/>\n<meta property=\"og:title\" content=\"La Directora Ejecutiva de ABIC, Rebecca Shi, a la parlamentaria del Senado de los Estados Unidos: Las soluciones de inmigraci\u00f3n pertenecen a la reconciliaci\u00f3n &#8212; Coalici\u00f3n 91探花a de Inmigraci\u00f3n Empresarial\" \/>\n<meta property=\"og:description\" content=\"La Directora Ejecutiva de ABIC, Rebecca Shi, a la parlamentaria del Senado de los Estados Unidos: Las soluciones de inmigraci\u00f3n pertenecen a la reconciliaci\u00f3n WASHINGTON, DC &#8211; En respuesta a...\" \/>\n<meta property=\"og:url\" content=\"https:\/\/abic.us\/es\/la-directora-ejecutiva-de-abic-rebecca-shi-a-la-parlamentaria-del-senado-de-los-estados-unidos-las-soluciones-de-inmigracion-pertenecen-a-la-reconciliacion\/\" \/>\n<meta property=\"og:site_name\" content=\"Coalici\u00f3n 91探花a de Inmigraci\u00f3n Empresarial\" \/>\n<meta property=\"article:publisher\" content=\"https:\/\/www.facebook.com\/91探花BIC\" \/>\n<meta property=\"article:published_time\" content=\"2021-09-09T09:35:34+00:00\" \/>\n<meta property=\"article:modified_time\" content=\"2021-12-03T21:09:23+00:00\" \/>\n<meta property=\"og:image\" content=\"https:\/\/abic.imgix.net\/assets\/immigration.reform.now_.logo_.png\" \/>\n<meta name=\"author\" content=\"abic\" \/>\n<meta name=\"twitter:card\" content=\"summary_large_image\" \/>\n<meta name=\"twitter:creator\" content=\"@91探花BIC\" \/>\n<meta name=\"twitter:site\" content=\"@91探花BIC\" \/>\n<meta name=\"twitter:label1\" content=\"Escrito por\" \/>\n\t<meta name=\"twitter:data1\" content=\"abic\" \/>\n\t<meta name=\"twitter:label2\" content=\"Tiempo de lectura\" \/>\n\t<meta name=\"twitter:data2\" content=\"6 minutos\" \/>\n<script type=\"application\/ld+json\" class=\"yoast-schema-graph\">{\"@context\":\"https:\\\/\\\/schema.org\",\"@graph\":[{\"@type\":\"Article\",\"@id\":\"https:\\\/\\\/abic.us\\\/es\\\/la-directora-ejecutiva-de-abic-rebecca-shi-a-la-parlamentaria-del-senado-de-los-estados-unidos-las-soluciones-de-inmigracion-pertenecen-a-la-reconciliacion\\\/#article\",\"isPartOf\":{\"@id\":\"https:\\\/\\\/abic.us\\\/es\\\/la-directora-ejecutiva-de-abic-rebecca-shi-a-la-parlamentaria-del-senado-de-los-estados-unidos-las-soluciones-de-inmigracion-pertenecen-a-la-reconciliacion\\\/\"},\"author\":{\"name\":\"abic\",\"@id\":\"https:\\\/\\\/abic.us\\\/es\\\/#\\\/schema\\\/person\\\/58547098a0d3b973c110fd8a36f0e0bb\"},\"headline\":\"La Directora Ejecutiva de ABIC, Rebecca Shi, a la parlamentaria del Senado de los Estados Unidos: Las soluciones de inmigraci\u00f3n pertenecen a la reconciliaci\u00f3n\",\"datePublished\":\"2021-09-09T09:35:34+00:00\",\"dateModified\":\"2021-12-03T21:09:23+00:00\",\"mainEntityOfPage\":{\"@id\":\"https:\\\/\\\/abic.us\\\/es\\\/la-directora-ejecutiva-de-abic-rebecca-shi-a-la-parlamentaria-del-senado-de-los-estados-unidos-las-soluciones-de-inmigracion-pertenecen-a-la-reconciliacion\\\/\"},\"wordCount\":1170,\"publisher\":{\"@id\":\"https:\\\/\\\/abic.us\\\/es\\\/#organization\"},\"image\":{\"@id\":\"https:\\\/\\\/abic.us\\\/es\\\/la-directora-ejecutiva-de-abic-rebecca-shi-a-la-parlamentaria-del-senado-de-los-estados-unidos-las-soluciones-de-inmigracion-pertenecen-a-la-reconciliacion\\\/#primaryimage\"},\"thumbnailUrl\":\"https:\\\/\\\/abic.imgix.net\\\/assets\\\/immigration.reform.now_.logo_.png\",\"articleSection\":[\"Actualizaciones\"],\"inLanguage\":\"es\"},{\"@type\":\"WebPage\",\"@id\":\"https:\\\/\\\/abic.us\\\/es\\\/la-directora-ejecutiva-de-abic-rebecca-shi-a-la-parlamentaria-del-senado-de-los-estados-unidos-las-soluciones-de-inmigracion-pertenecen-a-la-reconciliacion\\\/\",\"url\":\"https:\\\/\\\/abic.us\\\/es\\\/la-directora-ejecutiva-de-abic-rebecca-shi-a-la-parlamentaria-del-senado-de-los-estados-unidos-las-soluciones-de-inmigracion-pertenecen-a-la-reconciliacion\\\/\",\"name\":\"La Directora Ejecutiva de ABIC, Rebecca Shi, a la parlamentaria del Senado de los Estados Unidos: Las soluciones de inmigraci\u00f3n pertenecen a la reconciliaci\u00f3n &#8212; Coalici\u00f3n 91探花a de Inmigraci\u00f3n Empresarial\",\"isPartOf\":{\"@id\":\"https:\\\/\\\/abic.us\\\/es\\\/#website\"},\"primaryImageOfPage\":{\"@id\":\"https:\\\/\\\/abic.us\\\/es\\\/la-directora-ejecutiva-de-abic-rebecca-shi-a-la-parlamentaria-del-senado-de-los-estados-unidos-las-soluciones-de-inmigracion-pertenecen-a-la-reconciliacion\\\/#primaryimage\"},\"image\":{\"@id\":\"https:\\\/\\\/abic.us\\\/es\\\/la-directora-ejecutiva-de-abic-rebecca-shi-a-la-parlamentaria-del-senado-de-los-estados-unidos-las-soluciones-de-inmigracion-pertenecen-a-la-reconciliacion\\\/#primaryimage\"},\"thumbnailUrl\":\"https:\\\/\\\/abic.imgix.net\\\/assets\\\/immigration.reform.now_.logo_.png\",\"datePublished\":\"2021-09-09T09:35:34+00:00\",\"dateModified\":\"2021-12-03T21:09:23+00:00\",\"breadcrumb\":{\"@id\":\"https:\\\/\\\/abic.us\\\/es\\\/la-directora-ejecutiva-de-abic-rebecca-shi-a-la-parlamentaria-del-senado-de-los-estados-unidos-las-soluciones-de-inmigracion-pertenecen-a-la-reconciliacion\\\/#breadcrumb\"},\"inLanguage\":\"es\",\"potentialAction\":[{\"@type\":\"ReadAction\",\"target\":[\"https:\\\/\\\/abic.us\\\/es\\\/la-directora-ejecutiva-de-abic-rebecca-shi-a-la-parlamentaria-del-senado-de-los-estados-unidos-las-soluciones-de-inmigracion-pertenecen-a-la-reconciliacion\\\/\"]}]},{\"@type\":\"ImageObject\",\"inLanguage\":\"es\",\"@id\":\"https:\\\/\\\/abic.us\\\/es\\\/la-directora-ejecutiva-de-abic-rebecca-shi-a-la-parlamentaria-del-senado-de-los-estados-unidos-las-soluciones-de-inmigracion-pertenecen-a-la-reconciliacion\\\/#primaryimage\",\"url\":\"https:\\\/\\\/abic.imgix.net\\\/assets\\\/immigration.reform.now_.logo_.png\",\"contentUrl\":\"https:\\\/\\\/abic.imgix.net\\\/assets\\\/immigration.reform.now_.logo_.png\"},{\"@type\":\"BreadcrumbList\",\"@id\":\"https:\\\/\\\/abic.us\\\/es\\\/la-directora-ejecutiva-de-abic-rebecca-shi-a-la-parlamentaria-del-senado-de-los-estados-unidos-las-soluciones-de-inmigracion-pertenecen-a-la-reconciliacion\\\/#breadcrumb\",\"itemListElement\":[{\"@type\":\"ListItem\",\"position\":1,\"name\":\"Hogar\",\"item\":\"https:\\\/\\\/abic.us\\\/es\\\/\"},{\"@type\":\"ListItem\",\"position\":2,\"name\":\"La Directora Ejecutiva de ABIC, Rebecca Shi, a la parlamentaria del Senado de los Estados Unidos: Las soluciones de inmigraci\u00f3n pertenecen a la reconciliaci\u00f3n\"}]},{\"@type\":\"WebSite\",\"@id\":\"https:\\\/\\\/abic.us\\\/es\\\/#website\",\"url\":\"https:\\\/\\\/abic.us\\\/es\\\/\",\"name\":\"Coalici\u00f3n 91探花a de Inmigraci\u00f3n Empresarial\",\"description\":\"Juntos, promoveremos una reforma migratoria sensata que crezca empleos, fortalezca nuestra econom\u00eda y beneficie a todas las familias estadounidenses.\",\"publisher\":{\"@id\":\"https:\\\/\\\/abic.us\\\/es\\\/#organization\"},\"potentialAction\":[{\"@type\":\"SearchAction\",\"target\":{\"@type\":\"EntryPoint\",\"urlTemplate\":\"https:\\\/\\\/abic.us\\\/es\\\/?s={search_term_string}\"},\"query-input\":{\"@type\":\"PropertyValueSpecification\",\"valueRequired\":true,\"valueName\":\"search_term_string\"}}],\"inLanguage\":\"es\"},{\"@type\":\"Organization\",\"@id\":\"https:\\\/\\\/abic.us\\\/es\\\/#organization\",\"name\":\"91探花\",\"url\":\"https:\\\/\\\/abic.us\\\/es\\\/\",\"logo\":{\"@type\":\"ImageObject\",\"inLanguage\":\"es\",\"@id\":\"https:\\\/\\\/abic.us\\\/es\\\/#\\\/schema\\\/logo\\\/image\\\/\",\"url\":\"https:\\\/\\\/abic.us\\\/wp-content\\\/uploads\\\/2021\\\/11\\\/ABIC-Logo.png\",\"contentUrl\":\"https:\\\/\\\/abic.us\\\/wp-content\\\/uploads\\\/2021\\\/11\\\/ABIC-Logo.png\",\"width\":1000,\"height\":260,\"caption\":\"91探花\"},\"image\":{\"@id\":\"https:\\\/\\\/abic.us\\\/es\\\/#\\\/schema\\\/logo\\\/image\\\/\"},\"sameAs\":[\"https:\\\/\\\/www.facebook.com\\\/91探花BIC\",\"https:\\\/\\\/x.com\\\/91探花BIC\"]},{\"@type\":\"Person\",\"@id\":\"https:\\\/\\\/abic.us\\\/es\\\/#\\\/schema\\\/person\\\/58547098a0d3b973c110fd8a36f0e0bb\",\"name\":\"abic\",\"image\":{\"@type\":\"ImageObject\",\"inLanguage\":\"es\",\"@id\":\"https:\\\/\\\/secure.gravatar.com\\\/avatar\\\/4a2893b0ce0ce34781c1e0a9251ffe4322e67c4e95cdf48463d10701c3bd4c8e?s=96&d=mm&r=g\",\"url\":\"https:\\\/\\\/secure.gravatar.com\\\/avatar\\\/4a2893b0ce0ce34781c1e0a9251ffe4322e67c4e95cdf48463d10701c3bd4c8e?s=96&d=mm&r=g\",\"contentUrl\":\"https:\\\/\\\/secure.gravatar.com\\\/avatar\\\/4a2893b0ce0ce34781c1e0a9251ffe4322e67c4e95cdf48463d10701c3bd4c8e?s=96&d=mm&r=g\",\"caption\":\"abic\"},\"sameAs\":[\"https:\\\/\\\/abic.wpengine.com\"]}]}<\/script>\n<!-- \/ Yoast SEO plugin. -->","yoast_head_json":{"title":"La Directora Ejecutiva de ABIC, Rebecca Shi, a la parlamentaria del Senado de los Estados Unidos: Las soluciones de inmigraci\u00f3n pertenecen a la reconciliaci\u00f3n &#8212; Coalici\u00f3n 91探花a de Inmigraci\u00f3n Empresarial","robots":{"index":"index","follow":"follow","max-snippet":"max-snippet:-1","max-image-preview":"max-image-preview:large","max-video-preview":"max-video-preview:-1"},"canonical":"https:\/\/abic.us\/es\/la-directora-ejecutiva-de-abic-rebecca-shi-a-la-parlamentaria-del-senado-de-los-estados-unidos-las-soluciones-de-inmigracion-pertenecen-a-la-reconciliacion\/","og_locale":"es_ES","og_type":"article","og_title":"La Directora Ejecutiva de ABIC, Rebecca Shi, a la parlamentaria del Senado de los Estados Unidos: Las soluciones de inmigraci\u00f3n pertenecen a la reconciliaci\u00f3n &#8212; Coalici\u00f3n 91探花a de Inmigraci\u00f3n Empresarial","og_description":"La Directora Ejecutiva de ABIC, Rebecca Shi, a la parlamentaria del Senado de los Estados Unidos: Las soluciones de inmigraci\u00f3n pertenecen a la reconciliaci\u00f3n WASHINGTON, DC &#8211; En respuesta a...","og_url":"https:\/\/abic.us\/es\/la-directora-ejecutiva-de-abic-rebecca-shi-a-la-parlamentaria-del-senado-de-los-estados-unidos-las-soluciones-de-inmigracion-pertenecen-a-la-reconciliacion\/","og_site_name":"Coalici\u00f3n 91探花a de Inmigraci\u00f3n Empresarial","article_publisher":"https:\/\/www.facebook.com\/91探花BIC","article_published_time":"2021-09-09T09:35:34+00:00","article_modified_time":"2021-12-03T21:09:23+00:00","og_image":[{"url":"https:\/\/abic.imgix.net\/assets\/immigration.reform.now_.logo_.png","type":"","width":"","height":""}],"author":"abic","twitter_card":"summary_large_image","twitter_creator":"@91探花BIC","twitter_site":"@91探花BIC","twitter_misc":{"Escrito por":"abic","Tiempo de lectura":"6 minutos"},"schema":{"@context":"https:\/\/schema.org","@graph":[{"@type":"Article","@id":"https:\/\/abic.us\/es\/la-directora-ejecutiva-de-abic-rebecca-shi-a-la-parlamentaria-del-senado-de-los-estados-unidos-las-soluciones-de-inmigracion-pertenecen-a-la-reconciliacion\/#article","isPartOf":{"@id":"https:\/\/abic.us\/es\/la-directora-ejecutiva-de-abic-rebecca-shi-a-la-parlamentaria-del-senado-de-los-estados-unidos-las-soluciones-de-inmigracion-pertenecen-a-la-reconciliacion\/"},"author":{"name":"abic","@id":"https:\/\/abic.us\/es\/#\/schema\/person\/58547098a0d3b973c110fd8a36f0e0bb"},"headline":"La Directora Ejecutiva de ABIC, Rebecca Shi, a la parlamentaria del Senado de los Estados Unidos: Las soluciones de inmigraci\u00f3n pertenecen a la reconciliaci\u00f3n","datePublished":"2021-09-09T09:35:34+00:00","dateModified":"2021-12-03T21:09:23+00:00","mainEntityOfPage":{"@id":"https:\/\/abic.us\/es\/la-directora-ejecutiva-de-abic-rebecca-shi-a-la-parlamentaria-del-senado-de-los-estados-unidos-las-soluciones-de-inmigracion-pertenecen-a-la-reconciliacion\/"},"wordCount":1170,"publisher":{"@id":"https:\/\/abic.us\/es\/#organization"},"image":{"@id":"https:\/\/abic.us\/es\/la-directora-ejecutiva-de-abic-rebecca-shi-a-la-parlamentaria-del-senado-de-los-estados-unidos-las-soluciones-de-inmigracion-pertenecen-a-la-reconciliacion\/#primaryimage"},"thumbnailUrl":"https:\/\/abic.imgix.net\/assets\/immigration.reform.now_.logo_.png","articleSection":["Actualizaciones"],"inLanguage":"es"},{"@type":"WebPage","@id":"https:\/\/abic.us\/es\/la-directora-ejecutiva-de-abic-rebecca-shi-a-la-parlamentaria-del-senado-de-los-estados-unidos-las-soluciones-de-inmigracion-pertenecen-a-la-reconciliacion\/","url":"https:\/\/abic.us\/es\/la-directora-ejecutiva-de-abic-rebecca-shi-a-la-parlamentaria-del-senado-de-los-estados-unidos-las-soluciones-de-inmigracion-pertenecen-a-la-reconciliacion\/","name":"La Directora Ejecutiva de ABIC, Rebecca Shi, a la parlamentaria del Senado de los Estados Unidos: Las soluciones de inmigraci\u00f3n pertenecen a la reconciliaci\u00f3n &#8212; Coalici\u00f3n 91探花a de Inmigraci\u00f3n Empresarial","isPartOf":{"@id":"https:\/\/abic.us\/es\/#website"},"primaryImageOfPage":{"@id":"https:\/\/abic.us\/es\/la-directora-ejecutiva-de-abic-rebecca-shi-a-la-parlamentaria-del-senado-de-los-estados-unidos-las-soluciones-de-inmigracion-pertenecen-a-la-reconciliacion\/#primaryimage"},"image":{"@id":"https:\/\/abic.us\/es\/la-directora-ejecutiva-de-abic-rebecca-shi-a-la-parlamentaria-del-senado-de-los-estados-unidos-las-soluciones-de-inmigracion-pertenecen-a-la-reconciliacion\/#primaryimage"},"thumbnailUrl":"https:\/\/abic.imgix.net\/assets\/immigration.reform.now_.logo_.png","datePublished":"2021-09-09T09:35:34+00:00","dateModified":"2021-12-03T21:09:23+00:00","breadcrumb":{"@id":"https:\/\/abic.us\/es\/la-directora-ejecutiva-de-abic-rebecca-shi-a-la-parlamentaria-del-senado-de-los-estados-unidos-las-soluciones-de-inmigracion-pertenecen-a-la-reconciliacion\/#breadcrumb"},"inLanguage":"es","potentialAction":[{"@type":"ReadAction","target":["https:\/\/abic.us\/es\/la-directora-ejecutiva-de-abic-rebecca-shi-a-la-parlamentaria-del-senado-de-los-estados-unidos-las-soluciones-de-inmigracion-pertenecen-a-la-reconciliacion\/"]}]},{"@type":"ImageObject","inLanguage":"es","@id":"https:\/\/abic.us\/es\/la-directora-ejecutiva-de-abic-rebecca-shi-a-la-parlamentaria-del-senado-de-los-estados-unidos-las-soluciones-de-inmigracion-pertenecen-a-la-reconciliacion\/#primaryimage","url":"https:\/\/abic.imgix.net\/assets\/immigration.reform.now_.logo_.png","contentUrl":"https:\/\/abic.imgix.net\/assets\/immigration.reform.now_.logo_.png"},{"@type":"BreadcrumbList","@id":"https:\/\/abic.us\/es\/la-directora-ejecutiva-de-abic-rebecca-shi-a-la-parlamentaria-del-senado-de-los-estados-unidos-las-soluciones-de-inmigracion-pertenecen-a-la-reconciliacion\/#breadcrumb","itemListElement":[{"@type":"ListItem","position":1,"name":"Hogar","item":"https:\/\/abic.us\/es\/"},{"@type":"ListItem","position":2,"name":"La Directora Ejecutiva de ABIC, Rebecca Shi, a la parlamentaria del Senado de los Estados Unidos: Las soluciones de inmigraci\u00f3n pertenecen a la reconciliaci\u00f3n"}]},{"@type":"WebSite","@id":"https:\/\/abic.us\/es\/#website","url":"https:\/\/abic.us\/es\/","name":"Coalici\u00f3n 91探花a de Inmigraci\u00f3n Empresarial","description":"Juntos, promoveremos una reforma migratoria sensata que crezca empleos, fortalezca nuestra econom\u00eda y beneficie a todas las familias estadounidenses.","publisher":{"@id":"https:\/\/abic.us\/es\/#organization"},"potentialAction":[{"@type":"SearchAction","target":{"@type":"EntryPoint","urlTemplate":"https:\/\/abic.us\/es\/?s={search_term_string}"},"query-input":{"@type":"PropertyValueSpecification","valueRequired":true,"valueName":"search_term_string"}}],"inLanguage":"es"},{"@type":"Organization","@id":"https:\/\/abic.us\/es\/#organization","name":"91探花","url":"https:\/\/abic.us\/es\/","logo":{"@type":"ImageObject","inLanguage":"es","@id":"https:\/\/abic.us\/es\/#\/schema\/logo\/image\/","url":"https:\/\/abic.us\/wp-content\/uploads\/2021\/11\/ABIC-Logo.png","contentUrl":"https:\/\/abic.us\/wp-content\/uploads\/2021\/11\/ABIC-Logo.png","width":1000,"height":260,"caption":"91探花"},"image":{"@id":"https:\/\/abic.us\/es\/#\/schema\/logo\/image\/"},"sameAs":["https:\/\/www.facebook.com\/91探花BIC","https:\/\/x.com\/91探花BIC"]},{"@type":"Person","@id":"https:\/\/abic.us\/es\/#\/schema\/person\/58547098a0d3b973c110fd8a36f0e0bb","name":"abic","image":{"@type":"ImageObject","inLanguage":"es","@id":"https:\/\/secure.gravatar.com\/avatar\/4a2893b0ce0ce34781c1e0a9251ffe4322e67c4e95cdf48463d10701c3bd4c8e?s=96&d=mm&r=g","url":"https:\/\/secure.gravatar.com\/avatar\/4a2893b0ce0ce34781c1e0a9251ffe4322e67c4e95cdf48463d10701c3bd4c8e?s=96&d=mm&r=g","contentUrl":"https:\/\/secure.gravatar.com\/avatar\/4a2893b0ce0ce34781c1e0a9251ffe4322e67c4e95cdf48463d10701c3bd4c8e?s=96&d=mm&r=g","caption":"abic"},"sameAs":["https:\/\/abic.wpengine.com"]}]}},"_links":{"self":[{"href":"https:\/\/abic.us\/es\/wp-json\/wp\/v2\/posts\/34864","targetHints":{"allow":["GET"]}}],"collection":[{"href":"https:\/\/abic.us\/es\/wp-json\/wp\/v2\/posts"}],"about":[{"href":"https:\/\/abic.us\/es\/wp-json\/wp\/v2\/types\/post"}],"author":[{"embeddable":true,"href":"https:\/\/abic.us\/es\/wp-json\/wp\/v2\/users\/1"}],"replies":[{"embeddable":true,"href":"https:\/\/abic.us\/es\/wp-json\/wp\/v2\/comments?post=34864"}],"version-history":[{"count":0,"href":"https:\/\/abic.us\/es\/wp-json\/wp\/v2\/posts\/34864\/revisions"}],"wp:attachment":[{"href":"https:\/\/abic.us\/es\/wp-json\/wp\/v2\/media?parent=34864"}],"wp:term":[{"taxonomy":"category","embeddable":true,"href":"https:\/\/abic.us\/es\/wp-json\/wp\/v2\/categories?post=34864"},{"taxonomy":"post_tag","embeddable":true,"href":"https:\/\/abic.us\/es\/wp-json\/wp\/v2\/tags?post=34864"}],"curies":[{"name":"wp","href":"https:\/\/api.w.org\/{rel}","templated":true}]}}