  {"id":34866,"date":"2021-08-31T13:07:21","date_gmt":"2021-08-31T13:07:21","guid":{"rendered":"https:\/\/abic.wpengine.com\/los-jefes-de-los-grupos-de-la-camara-latina-y-otros-lideres-empresariales-instan-a-la-inclusion-de-la-reforma-migratoria-dentro-de-la-reconciliacion-presupuestaria-como-parte-de-la-campana-bipartidist\/"},"modified":"2021-12-03T21:09:53","modified_gmt":"2021-12-03T21:09:53","slug":"los-jefes-de-los-grupos-de-la-camara-latina-y-otros-lideres-empresariales-instan-a-la-inclusion-de-la-reforma-migratoria-dentro-de-la-reconciliacion-presupuestaria-como-parte-de-la-campana-bipartidist","status":"publish","type":"post","link":"https:\/\/abic.us\/es\/los-jefes-de-los-grupos-de-la-camara-latina-y-otros-lideres-empresariales-instan-a-la-inclusion-de-la-reforma-migratoria-dentro-de-la-reconciliacion-presupuestaria-como-parte-de-la-campana-bipartidist\/","title":{"rendered":"Los jefes de los grupos de la C\u00e1mara Latina y otros l\u00edderes empresariales instan a la inclusi\u00f3n de la reforma migratoria dentro de la reconciliaci\u00f3n presupuestaria como parte de la campa\u00f1a bipartidista de 7 cifras de ABIC"},"content":{"rendered":"\n<h1 class=\"wp-block-heading\"><strong>Los jefes de los grupos de la C\u00e1mara Latina y otros l\u00edderes empresariales instan a la inclusi\u00f3n de la reforma migratoria dentro de la reconciliaci\u00f3n presupuestaria como parte de la campa\u00f1a bipartidista de 7 cifras de ABIC<\/strong><\/h1>\n\n<p class=\"wp-block-paragraph\"><strong>GRABACI\u00d3N del evento: <\/strong> <a href=\"https:\/\/youtu.be\/kzcSzoc3AxE\"> <strong>https:\/\/youtu.be\/kzcSzoc3AxE<\/strong>\n  \n<\/a><\/p>\n\n<p class=\"wp-block-paragraph\">Charlotte, Carolina del Norte &#8211; Grupos de c\u00e1maras latinas y otros ejecutivos de negocios pidieron el martes al Congreso que apruebe v\u00edas hacia la ciudadan\u00eda para los Dreamers, los titulares del Estatus de Protecci\u00f3n Temporal (TPS), los trabajadores agr\u00edcolas y los trabajadores esenciales y liberen el potencial econ\u00f3mico que estas soluciones de inmigraci\u00f3n de sentido com\u00fan traer\u00edan a Carolina del Norte.<\/p>\n\n<p class=\"wp-block-paragraph\">Los l\u00edderes del Congreso est\u00e1n listos para incluir v\u00edas hacia la ciudadan\u00eda para estas poblaciones en el pr\u00f3ximo proyecto de ley de reconciliaci\u00f3n presupuestaria. La Coalici\u00f3n Bipartidista de Inmigraci\u00f3n Empresarial Estadounidense (ABIC), que incluye el cap\u00edtulo de carolinas, est\u00e1 llevando a cabo una campa\u00f1a de siete cifras para apoyar la estrategia legislativa. \u00abEl evento de hoy es el lanzamiento en Carolina del Norte de la campa\u00f1a multiestatal, multifac\u00e9tica y de siete cifras de ABIC para impulsar el esfuerzo de d\u00e9cadas para reformar el sistema de inmigraci\u00f3n roto de nuestra naci\u00f3n sobre la l\u00ednea de meta en el oto\u00f1o, cuando se planea debatir la legislaci\u00f3n de reconciliaci\u00f3n presupuestaria\u00bb, dijo Yahel Flores, Directora Estatal del cap\u00edtulo de Carolinas de ABIC. \u00abLas soluciones de inmigraci\u00f3n pertenecen a la legislaci\u00f3n presupuestaria porque crear\u00e1n empleos, impulsar\u00e1n la econom\u00eda, aliviar\u00e1n la escasez de mano de obra, tendr\u00e1n un impacto positivo en el presupuesto federal y apoyar\u00e1n a las familias\u00bb.  <\/p>\n\n<p class=\"wp-block-paragraph\">ABIC celebr\u00f3 docenas de reuniones con miembros clave del Congreso, incluidos 41 senadores republicanos, y m\u00e1s de 50 eventos p\u00fablicos para promover soluciones bipartidistas. Pero con los proyectos de ley bipartidistas estancados indefinidamente, el \u00fanico veh\u00edculo hacia adelante en este momento es el proceso de reconciliaci\u00f3n presupuestaria.<\/p>\n\n<p class=\"wp-block-paragraph\">Al igual que muchos estados de todo el pa\u00eds, Carolina del Norte enfrenta escasez de trabajadores. Al mismo tiempo, los inmigrantes sin estatus legal tienen un poder adquisitivo total de <a href=\"https:\/\/www.newamericaneconomy.org\/locations\/north-carolina\/\">$ 5.9 mil millones <\/a>y pagan casi $ 722 millones en impuestos anualmente. Los defensores de la inmigraci\u00f3n est\u00e1n decididos a ganar la batalla pol\u00edtica para proporcionar estabilidad a los trabajadores inmigrantes, sus familias y los empleadores y empresas que dependen de ellos.<\/p>\n\n<p class=\"wp-block-paragraph\">A continuaci\u00f3n se destacan los aspectos m\u00e1s destacados de las observaciones de los oradores:<\/p>\n\n<p class=\"wp-block-paragraph\"><strong>Martin Eakes<\/strong>, CEO, Self-Help\/Center for Responsible Lending, ABIC y ABIC Carolinas Co-Chair:  <\/p>\n\n<p class=\"wp-block-paragraph\">\u00abLas disposiciones de inmigraci\u00f3n pertenecen a la reconciliaci\u00f3n porque estos grupos ( Dreamers, titulares de TPS y trabajadores agr\u00edcolas &#8211; impactan dram\u00e1ticamente el gasto y los ingresos federales, que es la prueba para determinar si un art\u00edculo puede incluirse en el proceso de reconciliaci\u00f3n. Las soluciones para estos grupos agregar\u00e1n $ 121 millones en actividad econ\u00f3mica y m\u00e1s de $ 31 mil millones en ingresos fiscales federales, estatales y locales cada a\u00f1o . Simplemente no podemos darnos el lujo de dejar nuestros negocios, nuestras comunidades y familias en un estado de deterioro roto. Es hora de actuar ahora mismo, y el proceso de reconciliaci\u00f3n es nuestra mejor oportunidad para seguir adelante\u00bb.<\/p>\n\n<p class=\"wp-block-paragraph\"><strong>Gris Bailey<\/strong>, Presidente y CEO, C\u00e1mara de Comercio Latinoamericana de Charlotte y Copresidente del Cap\u00edtulo ABIC Carolinas:  <\/p>\n\n<p class=\"wp-block-paragraph\">\u00abHemos visto que muchas empresas aqu\u00ed en Charlotte y en todo el pa\u00eds han sufrido la pandemia, han sufrido muchas dificultades, en particular, buscando empleados. No hay escasez de empleos, pero hay escasez de mano de obra&#8230; Los inmigrantes indocumentados ya est\u00e1n contribuyendo a nuestra econom\u00eda. Proporcionar permanencia y ponerlos en el camino hacia la ciudadan\u00eda liberar\u00eda su potencial econ\u00f3mico y aliviar\u00eda la aguda escasez de mano de obra de nuestra naci\u00f3n. Esto no es s\u00f3lo una cuesti\u00f3n moral; es econ\u00f3mico, y en un estado como Carolina del Norte, donde la poblaci\u00f3n latina ha crecido un 52 por ciento en la \u00faltima d\u00e9cada, este es un problema que ya no podemos ignorar\u00bb.<\/p>\n\n<p class=\"wp-block-paragraph\"><strong>Isabela Luj\u00e1n<\/strong>, Cofundador del Consejo Empresarial Latinoamericano de la C\u00e1mara de Comercio de Wilmington, Carolina del Norte: \u00abLos Estados Unidos de Am\u00e9rica necesitan una reforma migratoria ahora. Hoy estoy aqu\u00ed para recordarles que los inmigrantes sin estatus legal pagan casi $722 millones en impuestos aqu\u00ed en Carolina del Norte. Y mientras muchos de ustedes est\u00e1n desesperados, tratando de encontrar personas que est\u00e9n dispuestas a trabajar, hay miles como yo esperando la oportunidad &#8230; Las reglas establecen que la reconciliaci\u00f3n se puede utilizar para medidas que afectan el gasto federal, los ingresos y el l\u00edmite de la deuda federal, y la inmigraci\u00f3n encaja perfectamente en &#8230; La inmigraci\u00f3n se ha incluido previamente en la reconciliaci\u00f3n. Esto sucedi\u00f3 en 2005 con un Senado controlado por los republicanos\u00bb.<\/p>\n\n<p class=\"wp-block-paragraph\"><strong>Miriam G. Espaillat<\/strong>  MSW, Director de Participaci\u00f3n Comunitaria de Raydal Hospitality LLC: \u00abActualmente tenemos 22 restaurantes que hemos crecido desde 2010. Empleamos a m\u00e1s de 250 empleados, y en 2020 pagamos m\u00e1s de $ 1 mill\u00f3n en impuestos federales, estatales y locales. La crisis laboral nos ha impactado de una gran manera&#8230; Los empleados de los restaurantes son trabajadores esenciales, por lo que enfrentan el miedo constante y la amenaza de infectarse con COVID. Mis padres emigraron a los Estados Unidos en los a\u00f1os ochenta como inmigrantes indocumentados. Me qued\u00e9 atr\u00e1s en El Salvador con mis hermanos y mis abuelos durante un tiempo de guerra. Mis padres tardaron seis a\u00f1os en poder obtener sus documentos para traernos a los Estados Unidos. Mi mam\u00e1 fue patrocinada por su empleador&#8230; Las oportunidades que se han creado para m\u00ed han sido debido al sacrificio de mis padres y los caminos que encontraron. Es hora de reconocer que los beneficiarios de DACA y los beneficiarios de TPS est\u00e1n contribuyendo a la econom\u00eda local. Est\u00e1n pagando impuestos. Son innovadores. Son empresarios y personas que est\u00e1n prosperando en nuestra comunidad\u00bb.<\/p>\n\n<p class=\"wp-block-paragraph\"><strong>ACERCA DE  <\/strong><\/p>\n\n<p class=\"wp-block-paragraph\">La<a href=\"https:\/\/abic.us\/\"> 91探花 (ABIC)<\/a> promueve una reforma migratoria de sentido com\u00fan que promueve la competitividad econ\u00f3mica, proporciona a las empresas tanto el talento altamente calificado como el poco calificado que necesitan, y permite la integraci\u00f3n de los inmigrantes en nuestra econom\u00eda como consumidores, trabajadores, empresarios y ciudadanos. ABIC est\u00e1 activo en estados y comunidades clave de todo el pa\u00eds involucrando a activistas, defensores, l\u00edderes empresariales y funcionarios electos sobre la urgencia de aprobar una reforma migratoria que impulse nuestra econom\u00eda, cree empleos, alivie la escasez de mano de obra y apoye a las familias.  <\/p>\n","protected":false},"excerpt":{"rendered":"<p>Los jefes de los grupos de la C\u00e1mara Latina y otros l\u00edderes empresariales instan a la inclusi\u00f3n de la reforma migratoria dentro de la reconciliaci\u00f3n presupuestaria como parte de la&#8230;<\/p>\n","protected":false},"author":1,"featured_media":0,"comment_status":"closed","ping_status":"closed","sticky":false,"template":"","format":"standard","meta":{"footnotes":""},"categories":[63],"tags":[],"class_list":["post-34866","post","type-post","status-publish","format-standard","category-actualizaciones"],"yoast_head":"<!-- This site is optimized with the Yoast SEO plugin v28.3 - https:\/\/yoast.com\/product\/yoast-seo-wordpress\/ -->\n<title>Los jefes de los grupos de la C\u00e1mara Latina y otros l\u00edderes empresariales instan a la inclusi\u00f3n de la reforma migratoria dentro de la reconciliaci\u00f3n presupuestaria como parte de la campa\u00f1a bipartidista de 7 cifras de ABIC &#8212; Coalici\u00f3n 91探花a de Inmigraci\u00f3n Empresarial<\/title>\n<meta name=\"robots\" content=\"index, follow, max-snippet:-1, max-image-preview:large, max-video-preview:-1\" \/>\n<link rel=\"canonical\" href=\"https:\/\/abic.us\/es\/los-jefes-de-los-grupos-de-la-camara-latina-y-otros-lideres-empresariales-instan-a-la-inclusion-de-la-reforma-migratoria-dentro-de-la-reconciliacion-presupuestaria-como-parte-de-la-campana-bipartidist\/\" \/>\n<meta property=\"og:locale\" content=\"es_ES\" \/>\n<meta property=\"og:type\" content=\"article\" \/>\n<meta property=\"og:title\" content=\"Los jefes de los grupos de la C\u00e1mara Latina y otros l\u00edderes empresariales instan a la inclusi\u00f3n de la reforma migratoria dentro de la reconciliaci\u00f3n presupuestaria como parte de la campa\u00f1a bipartidista de 7 cifras de ABIC &#8212; Coalici\u00f3n 91探花a de Inmigraci\u00f3n Empresarial\" \/>\n<meta property=\"og:description\" content=\"Los jefes de los grupos de la C\u00e1mara Latina y otros l\u00edderes empresariales instan a la inclusi\u00f3n de la reforma migratoria dentro de la reconciliaci\u00f3n presupuestaria como parte de la...\" \/>\n<meta property=\"og:url\" content=\"https:\/\/abic.us\/es\/los-jefes-de-los-grupos-de-la-camara-latina-y-otros-lideres-empresariales-instan-a-la-inclusion-de-la-reforma-migratoria-dentro-de-la-reconciliacion-presupuestaria-como-parte-de-la-campana-bipartidist\/\" \/>\n<meta property=\"og:site_name\" content=\"Coalici\u00f3n 91探花a de Inmigraci\u00f3n Empresarial\" \/>\n<meta property=\"article:publisher\" content=\"https:\/\/www.facebook.com\/91探花BIC\" \/>\n<meta property=\"article:published_time\" content=\"2021-08-31T13:07:21+00:00\" \/>\n<meta property=\"article:modified_time\" content=\"2021-12-03T21:09:53+00:00\" \/>\n<meta property=\"og:image\" content=\"https:\/\/abic.us\/wp-content\/uploads\/2021\/12\/ABIC-Meta-Image.jpg\" \/>\n\t<meta property=\"og:image:width\" content=\"1200\" \/>\n\t<meta property=\"og:image:height\" content=\"630\" \/>\n\t<meta property=\"og:image:type\" content=\"image\/jpeg\" \/>\n<meta name=\"author\" content=\"abic\" \/>\n<meta name=\"twitter:card\" content=\"summary_large_image\" \/>\n<meta name=\"twitter:creator\" content=\"@91探花BIC\" \/>\n<meta name=\"twitter:site\" content=\"@91探花BIC\" \/>\n<meta name=\"twitter:label1\" content=\"Escrito por\" \/>\n\t<meta name=\"twitter:data1\" content=\"abic\" \/>\n\t<meta name=\"twitter:label2\" content=\"Tiempo de lectura\" \/>\n\t<meta name=\"twitter:data2\" content=\"6 minutos\" \/>\n<script type=\"application\/ld+json\" class=\"yoast-schema-graph\">{\"@context\":\"https:\\\/\\\/schema.org\",\"@graph\":[{\"@type\":\"Article\",\"@id\":\"https:\\\/\\\/abic.us\\\/es\\\/los-jefes-de-los-grupos-de-la-camara-latina-y-otros-lideres-empresariales-instan-a-la-inclusion-de-la-reforma-migratoria-dentro-de-la-reconciliacion-presupuestaria-como-parte-de-la-campana-bipartidist\\\/#article\",\"isPartOf\":{\"@id\":\"https:\\\/\\\/abic.us\\\/es\\\/los-jefes-de-los-grupos-de-la-camara-latina-y-otros-lideres-empresariales-instan-a-la-inclusion-de-la-reforma-migratoria-dentro-de-la-reconciliacion-presupuestaria-como-parte-de-la-campana-bipartidist\\\/\"},\"author\":{\"name\":\"abic\",\"@id\":\"https:\\\/\\\/abic.us\\\/es\\\/#\\\/schema\\\/person\\\/58547098a0d3b973c110fd8a36f0e0bb\"},\"headline\":\"Los jefes de los grupos de la C\u00e1mara Latina y otros l\u00edderes empresariales instan a la inclusi\u00f3n de la reforma migratoria dentro de la reconciliaci\u00f3n presupuestaria como parte de la campa\u00f1a bipartidista de 7 cifras de ABIC\",\"datePublished\":\"2021-08-31T13:07:21+00:00\",\"dateModified\":\"2021-12-03T21:09:53+00:00\",\"mainEntityOfPage\":{\"@id\":\"https:\\\/\\\/abic.us\\\/es\\\/los-jefes-de-los-grupos-de-la-camara-latina-y-otros-lideres-empresariales-instan-a-la-inclusion-de-la-reforma-migratoria-dentro-de-la-reconciliacion-presupuestaria-como-parte-de-la-campana-bipartidist\\\/\"},\"wordCount\":1177,\"publisher\":{\"@id\":\"https:\\\/\\\/abic.us\\\/es\\\/#organization\"},\"articleSection\":[\"Actualizaciones\"],\"inLanguage\":\"es\"},{\"@type\":\"WebPage\",\"@id\":\"https:\\\/\\\/abic.us\\\/es\\\/los-jefes-de-los-grupos-de-la-camara-latina-y-otros-lideres-empresariales-instan-a-la-inclusion-de-la-reforma-migratoria-dentro-de-la-reconciliacion-presupuestaria-como-parte-de-la-campana-bipartidist\\\/\",\"url\":\"https:\\\/\\\/abic.us\\\/es\\\/los-jefes-de-los-grupos-de-la-camara-latina-y-otros-lideres-empresariales-instan-a-la-inclusion-de-la-reforma-migratoria-dentro-de-la-reconciliacion-presupuestaria-como-parte-de-la-campana-bipartidist\\\/\",\"name\":\"Los jefes de los grupos de la C\u00e1mara Latina y otros l\u00edderes empresariales instan a la inclusi\u00f3n de la reforma migratoria dentro de la reconciliaci\u00f3n presupuestaria como parte de la campa\u00f1a bipartidista de 7 cifras de ABIC &#8212; Coalici\u00f3n 91探花a de Inmigraci\u00f3n Empresarial\",\"isPartOf\":{\"@id\":\"https:\\\/\\\/abic.us\\\/es\\\/#website\"},\"datePublished\":\"2021-08-31T13:07:21+00:00\",\"dateModified\":\"2021-12-03T21:09:53+00:00\",\"breadcrumb\":{\"@id\":\"https:\\\/\\\/abic.us\\\/es\\\/los-jefes-de-los-grupos-de-la-camara-latina-y-otros-lideres-empresariales-instan-a-la-inclusion-de-la-reforma-migratoria-dentro-de-la-reconciliacion-presupuestaria-como-parte-de-la-campana-bipartidist\\\/#breadcrumb\"},\"inLanguage\":\"es\",\"potentialAction\":[{\"@type\":\"ReadAction\",\"target\":[\"https:\\\/\\\/abic.us\\\/es\\\/los-jefes-de-los-grupos-de-la-camara-latina-y-otros-lideres-empresariales-instan-a-la-inclusion-de-la-reforma-migratoria-dentro-de-la-reconciliacion-presupuestaria-como-parte-de-la-campana-bipartidist\\\/\"]}]},{\"@type\":\"BreadcrumbList\",\"@id\":\"https:\\\/\\\/abic.us\\\/es\\\/los-jefes-de-los-grupos-de-la-camara-latina-y-otros-lideres-empresariales-instan-a-la-inclusion-de-la-reforma-migratoria-dentro-de-la-reconciliacion-presupuestaria-como-parte-de-la-campana-bipartidist\\\/#breadcrumb\",\"itemListElement\":[{\"@type\":\"ListItem\",\"position\":1,\"name\":\"Hogar\",\"item\":\"https:\\\/\\\/abic.us\\\/es\\\/\"},{\"@type\":\"ListItem\",\"position\":2,\"name\":\"Los jefes de los grupos de la C\u00e1mara Latina y otros l\u00edderes empresariales instan a la inclusi\u00f3n de la reforma migratoria dentro de la reconciliaci\u00f3n presupuestaria como parte de la campa\u00f1a bipartidista de 7 cifras de ABIC\"}]},{\"@type\":\"WebSite\",\"@id\":\"https:\\\/\\\/abic.us\\\/es\\\/#website\",\"url\":\"https:\\\/\\\/abic.us\\\/es\\\/\",\"name\":\"Coalici\u00f3n 91探花a de Inmigraci\u00f3n Empresarial\",\"description\":\"Juntos, promoveremos una reforma migratoria sensata que crezca empleos, fortalezca nuestra econom\u00eda y beneficie a todas las familias estadounidenses.\",\"publisher\":{\"@id\":\"https:\\\/\\\/abic.us\\\/es\\\/#organization\"},\"potentialAction\":[{\"@type\":\"SearchAction\",\"target\":{\"@type\":\"EntryPoint\",\"urlTemplate\":\"https:\\\/\\\/abic.us\\\/es\\\/?s={search_term_string}\"},\"query-input\":{\"@type\":\"PropertyValueSpecification\",\"valueRequired\":true,\"valueName\":\"search_term_string\"}}],\"inLanguage\":\"es\"},{\"@type\":\"Organization\",\"@id\":\"https:\\\/\\\/abic.us\\\/es\\\/#organization\",\"name\":\"91探花\",\"url\":\"https:\\\/\\\/abic.us\\\/es\\\/\",\"logo\":{\"@type\":\"ImageObject\",\"inLanguage\":\"es\",\"@id\":\"https:\\\/\\\/abic.us\\\/es\\\/#\\\/schema\\\/logo\\\/image\\\/\",\"url\":\"https:\\\/\\\/abic.us\\\/wp-content\\\/uploads\\\/2021\\\/11\\\/ABIC-Logo.png\",\"contentUrl\":\"https:\\\/\\\/abic.us\\\/wp-content\\\/uploads\\\/2021\\\/11\\\/ABIC-Logo.png\",\"width\":1000,\"height\":260,\"caption\":\"91探花\"},\"image\":{\"@id\":\"https:\\\/\\\/abic.us\\\/es\\\/#\\\/schema\\\/logo\\\/image\\\/\"},\"sameAs\":[\"https:\\\/\\\/www.facebook.com\\\/91探花BIC\",\"https:\\\/\\\/x.com\\\/91探花BIC\"]},{\"@type\":\"Person\",\"@id\":\"https:\\\/\\\/abic.us\\\/es\\\/#\\\/schema\\\/person\\\/58547098a0d3b973c110fd8a36f0e0bb\",\"name\":\"abic\",\"image\":{\"@type\":\"ImageObject\",\"inLanguage\":\"es\",\"@id\":\"https:\\\/\\\/secure.gravatar.com\\\/avatar\\\/4a2893b0ce0ce34781c1e0a9251ffe4322e67c4e95cdf48463d10701c3bd4c8e?s=96&d=mm&r=g\",\"url\":\"https:\\\/\\\/secure.gravatar.com\\\/avatar\\\/4a2893b0ce0ce34781c1e0a9251ffe4322e67c4e95cdf48463d10701c3bd4c8e?s=96&d=mm&r=g\",\"contentUrl\":\"https:\\\/\\\/secure.gravatar.com\\\/avatar\\\/4a2893b0ce0ce34781c1e0a9251ffe4322e67c4e95cdf48463d10701c3bd4c8e?s=96&d=mm&r=g\",\"caption\":\"abic\"},\"sameAs\":[\"https:\\\/\\\/abic.wpengine.com\"]}]}<\/script>\n<!-- \/ Yoast SEO plugin. -->","yoast_head_json":{"title":"Los jefes de los grupos de la C\u00e1mara Latina y otros l\u00edderes empresariales instan a la inclusi\u00f3n de la reforma migratoria dentro de la reconciliaci\u00f3n presupuestaria como parte de la campa\u00f1a bipartidista de 7 cifras de ABIC &#8212; Coalici\u00f3n 91探花a de Inmigraci\u00f3n Empresarial","robots":{"index":"index","follow":"follow","max-snippet":"max-snippet:-1","max-image-preview":"max-image-preview:large","max-video-preview":"max-video-preview:-1"},"canonical":"https:\/\/abic.us\/es\/los-jefes-de-los-grupos-de-la-camara-latina-y-otros-lideres-empresariales-instan-a-la-inclusion-de-la-reforma-migratoria-dentro-de-la-reconciliacion-presupuestaria-como-parte-de-la-campana-bipartidist\/","og_locale":"es_ES","og_type":"article","og_title":"Los jefes de los grupos de la C\u00e1mara Latina y otros l\u00edderes empresariales instan a la inclusi\u00f3n de la reforma migratoria dentro de la reconciliaci\u00f3n presupuestaria como parte de la campa\u00f1a bipartidista de 7 cifras de ABIC &#8212; Coalici\u00f3n 91探花a de Inmigraci\u00f3n Empresarial","og_description":"Los jefes de los grupos de la C\u00e1mara Latina y otros l\u00edderes empresariales instan a la inclusi\u00f3n de la reforma migratoria dentro de la reconciliaci\u00f3n presupuestaria como parte de la...","og_url":"https:\/\/abic.us\/es\/los-jefes-de-los-grupos-de-la-camara-latina-y-otros-lideres-empresariales-instan-a-la-inclusion-de-la-reforma-migratoria-dentro-de-la-reconciliacion-presupuestaria-como-parte-de-la-campana-bipartidist\/","og_site_name":"Coalici\u00f3n 91探花a de Inmigraci\u00f3n Empresarial","article_publisher":"https:\/\/www.facebook.com\/91探花BIC","article_published_time":"2021-08-31T13:07:21+00:00","article_modified_time":"2021-12-03T21:09:53+00:00","og_image":[{"width":1200,"height":630,"url":"https:\/\/abic.us\/wp-content\/uploads\/2021\/12\/ABIC-Meta-Image.jpg","type":"image\/jpeg"}],"author":"abic","twitter_card":"summary_large_image","twitter_creator":"@91探花BIC","twitter_site":"@91探花BIC","twitter_misc":{"Escrito por":"abic","Tiempo de lectura":"6 minutos"},"schema":{"@context":"https:\/\/schema.org","@graph":[{"@type":"Article","@id":"https:\/\/abic.us\/es\/los-jefes-de-los-grupos-de-la-camara-latina-y-otros-lideres-empresariales-instan-a-la-inclusion-de-la-reforma-migratoria-dentro-de-la-reconciliacion-presupuestaria-como-parte-de-la-campana-bipartidist\/#article","isPartOf":{"@id":"https:\/\/abic.us\/es\/los-jefes-de-los-grupos-de-la-camara-latina-y-otros-lideres-empresariales-instan-a-la-inclusion-de-la-reforma-migratoria-dentro-de-la-reconciliacion-presupuestaria-como-parte-de-la-campana-bipartidist\/"},"author":{"name":"abic","@id":"https:\/\/abic.us\/es\/#\/schema\/person\/58547098a0d3b973c110fd8a36f0e0bb"},"headline":"Los jefes de los grupos de la C\u00e1mara Latina y otros l\u00edderes empresariales instan a la inclusi\u00f3n de la reforma migratoria dentro de la reconciliaci\u00f3n presupuestaria como parte de la campa\u00f1a bipartidista de 7 cifras de ABIC","datePublished":"2021-08-31T13:07:21+00:00","dateModified":"2021-12-03T21:09:53+00:00","mainEntityOfPage":{"@id":"https:\/\/abic.us\/es\/los-jefes-de-los-grupos-de-la-camara-latina-y-otros-lideres-empresariales-instan-a-la-inclusion-de-la-reforma-migratoria-dentro-de-la-reconciliacion-presupuestaria-como-parte-de-la-campana-bipartidist\/"},"wordCount":1177,"publisher":{"@id":"https:\/\/abic.us\/es\/#organization"},"articleSection":["Actualizaciones"],"inLanguage":"es"},{"@type":"WebPage","@id":"https:\/\/abic.us\/es\/los-jefes-de-los-grupos-de-la-camara-latina-y-otros-lideres-empresariales-instan-a-la-inclusion-de-la-reforma-migratoria-dentro-de-la-reconciliacion-presupuestaria-como-parte-de-la-campana-bipartidist\/","url":"https:\/\/abic.us\/es\/los-jefes-de-los-grupos-de-la-camara-latina-y-otros-lideres-empresariales-instan-a-la-inclusion-de-la-reforma-migratoria-dentro-de-la-reconciliacion-presupuestaria-como-parte-de-la-campana-bipartidist\/","name":"Los jefes de los grupos de la C\u00e1mara Latina y otros l\u00edderes empresariales instan a la inclusi\u00f3n de la reforma migratoria dentro de la reconciliaci\u00f3n presupuestaria como parte de la campa\u00f1a bipartidista de 7 cifras de ABIC &#8212; Coalici\u00f3n 91探花a de Inmigraci\u00f3n Empresarial","isPartOf":{"@id":"https:\/\/abic.us\/es\/#website"},"datePublished":"2021-08-31T13:07:21+00:00","dateModified":"2021-12-03T21:09:53+00:00","breadcrumb":{"@id":"https:\/\/abic.us\/es\/los-jefes-de-los-grupos-de-la-camara-latina-y-otros-lideres-empresariales-instan-a-la-inclusion-de-la-reforma-migratoria-dentro-de-la-reconciliacion-presupuestaria-como-parte-de-la-campana-bipartidist\/#breadcrumb"},"inLanguage":"es","potentialAction":[{"@type":"ReadAction","target":["https:\/\/abic.us\/es\/los-jefes-de-los-grupos-de-la-camara-latina-y-otros-lideres-empresariales-instan-a-la-inclusion-de-la-reforma-migratoria-dentro-de-la-reconciliacion-presupuestaria-como-parte-de-la-campana-bipartidist\/"]}]},{"@type":"BreadcrumbList","@id":"https:\/\/abic.us\/es\/los-jefes-de-los-grupos-de-la-camara-latina-y-otros-lideres-empresariales-instan-a-la-inclusion-de-la-reforma-migratoria-dentro-de-la-reconciliacion-presupuestaria-como-parte-de-la-campana-bipartidist\/#breadcrumb","itemListElement":[{"@type":"ListItem","position":1,"name":"Hogar","item":"https:\/\/abic.us\/es\/"},{"@type":"ListItem","position":2,"name":"Los jefes de los grupos de la C\u00e1mara Latina y otros l\u00edderes empresariales instan a la inclusi\u00f3n de la reforma migratoria dentro de la reconciliaci\u00f3n presupuestaria como parte de la campa\u00f1a bipartidista de 7 cifras de ABIC"}]},{"@type":"WebSite","@id":"https:\/\/abic.us\/es\/#website","url":"https:\/\/abic.us\/es\/","name":"Coalici\u00f3n 91探花a de Inmigraci\u00f3n Empresarial","description":"Juntos, promoveremos una reforma migratoria sensata que crezca empleos, fortalezca nuestra econom\u00eda y beneficie a todas las familias estadounidenses.","publisher":{"@id":"https:\/\/abic.us\/es\/#organization"},"potentialAction":[{"@type":"SearchAction","target":{"@type":"EntryPoint","urlTemplate":"https:\/\/abic.us\/es\/?s={search_term_string}"},"query-input":{"@type":"PropertyValueSpecification","valueRequired":true,"valueName":"search_term_string"}}],"inLanguage":"es"},{"@type":"Organization","@id":"https:\/\/abic.us\/es\/#organization","name":"91探花","url":"https:\/\/abic.us\/es\/","logo":{"@type":"ImageObject","inLanguage":"es","@id":"https:\/\/abic.us\/es\/#\/schema\/logo\/image\/","url":"https:\/\/abic.us\/wp-content\/uploads\/2021\/11\/ABIC-Logo.png","contentUrl":"https:\/\/abic.us\/wp-content\/uploads\/2021\/11\/ABIC-Logo.png","width":1000,"height":260,"caption":"91探花"},"image":{"@id":"https:\/\/abic.us\/es\/#\/schema\/logo\/image\/"},"sameAs":["https:\/\/www.facebook.com\/91探花BIC","https:\/\/x.com\/91探花BIC"]},{"@type":"Person","@id":"https:\/\/abic.us\/es\/#\/schema\/person\/58547098a0d3b973c110fd8a36f0e0bb","name":"abic","image":{"@type":"ImageObject","inLanguage":"es","@id":"https:\/\/secure.gravatar.com\/avatar\/4a2893b0ce0ce34781c1e0a9251ffe4322e67c4e95cdf48463d10701c3bd4c8e?s=96&d=mm&r=g","url":"https:\/\/secure.gravatar.com\/avatar\/4a2893b0ce0ce34781c1e0a9251ffe4322e67c4e95cdf48463d10701c3bd4c8e?s=96&d=mm&r=g","contentUrl":"https:\/\/secure.gravatar.com\/avatar\/4a2893b0ce0ce34781c1e0a9251ffe4322e67c4e95cdf48463d10701c3bd4c8e?s=96&d=mm&r=g","caption":"abic"},"sameAs":["https:\/\/abic.wpengine.com"]}]}},"_links":{"self":[{"href":"https:\/\/abic.us\/es\/wp-json\/wp\/v2\/posts\/34866","targetHints":{"allow":["GET"]}}],"collection":[{"href":"https:\/\/abic.us\/es\/wp-json\/wp\/v2\/posts"}],"about":[{"href":"https:\/\/abic.us\/es\/wp-json\/wp\/v2\/types\/post"}],"author":[{"embeddable":true,"href":"https:\/\/abic.us\/es\/wp-json\/wp\/v2\/users\/1"}],"replies":[{"embeddable":true,"href":"https:\/\/abic.us\/es\/wp-json\/wp\/v2\/comments?post=34866"}],"version-history":[{"count":0,"href":"https:\/\/abic.us\/es\/wp-json\/wp\/v2\/posts\/34866\/revisions"}],"wp:attachment":[{"href":"https:\/\/abic.us\/es\/wp-json\/wp\/v2\/media?parent=34866"}],"wp:term":[{"taxonomy":"category","embeddable":true,"href":"https:\/\/abic.us\/es\/wp-json\/wp\/v2\/categories?post=34866"},{"taxonomy":"post_tag","embeddable":true,"href":"https:\/\/abic.us\/es\/wp-json\/wp\/v2\/tags?post=34866"}],"curies":[{"name":"wp","href":"https:\/\/api.w.org\/{rel}","templated":true}]}}