  {"id":34882,"date":"2021-07-19T10:21:15","date_gmt":"2021-07-19T10:21:15","guid":{"rendered":"https:\/\/abic.wpengine.com\/mas-de-400-directores-ejecutivos-presidentes-de-universidades-y-lideres-civicos-instan-a-los-lideres-schumer-y-mcconnell-a-aprobar-la-ley-bipartidista-dream-tras-el-fallo-de-la-corte-de-texas-para-po\/"},"modified":"2021-12-03T20:54:03","modified_gmt":"2021-12-03T20:54:03","slug":"mas-de-400-directores-ejecutivos-presidentes-de-universidades-y-lideres-civicos-instan-a-los-lideres-schumer-y-mcconnell-a-aprobar-la-ley-bipartidista-dream-tras-el-fallo-de-la-corte-de-texas-para-po","status":"publish","type":"post","link":"https:\/\/abic.us\/es\/mas-de-400-directores-ejecutivos-presidentes-de-universidades-y-lideres-civicos-instan-a-los-lideres-schumer-y-mcconnell-a-aprobar-la-ley-bipartidista-dream-tras-el-fallo-de-la-corte-de-texas-para-po\/","title":{"rendered":"M\u00e1s de 400 directores ejecutivos, presidentes de universidades y l\u00edderes c\u00edvicos instan a los l\u00edderes Schumer y McConnell a aprobar la ley bipartidista DREAM tras el fallo de la corte de Texas para poner fin a DACA"},"content":{"rendered":"\n<figure class=\"wp-block-image size-large\"><img loading=\"lazy\" decoding=\"async\" width=\"1761\" height=\"980\" src=\"https:\/\/abic.imgix.net\/assets\/Untitled-design-47.png\" alt=\"\" class=\"wp-image-31436\"\/><\/figure>\n<h2 class=\"wp-block-heading\"><strong>M\u00e1s de 400 directores ejecutivos, presidentes de universidades y l\u00edderes c\u00edvicos instan a los l\u00edderes Schumer y McConnell a aprobar la ley bipartidista DREAM tras el fallo de la corte de Texas para poner fin a DACA  <\/strong><\/h2>\n\n<p class=\"wp-block-paragraph\"><em>La carta insta a la acci\u00f3n sobre la Ley DREAM a trav\u00e9s de la acci\u00f3n bipartidista o la reconciliaci\u00f3n presupuestaria si es necesario<\/em><\/p>\n\n<p class=\"wp-block-paragraph\"><strong>AUSTIN, TEXAS<\/strong> \u2014 Citando un futuro incierto para cientos de miles de Dreamers, sus empleadores, familias y comunidades despu\u00e9s de que un juez federal de Texas declarara ilegal DACA y  <a href=\"https:\/\/www.washingtonpost.com\/immigration\/daca-court-decision\/2021\/07\/16\/6c9a35be-e677-11eb-a41e-c8442c213fa8_story.html\">cerr\u00f3 el programa DACA a futuros solicitantes,<\/a>m\u00e1s de 400 directores ejecutivos, presidentes de universidades y l\u00edderes c\u00edvicos  <a href=\"https:\/\/www.presidentsalliance.org\/wp-content\/uploads\/2021\/07\/2021-07-19-Letter-to-Leaders-Schumer-and-McConnell-Re-Dream-Legislation-Presidents-Alliance-ABIC-Final.pdf\">envi\u00f3 una carta<\/a> a  <strong>El l\u00edder de la mayor\u00eda del Senado, Chuck Schumer<\/strong> (D-NY) y  <strong>El l\u00edder republicano del Senado, Mitch McConnell<\/strong> (R-KY), los inst\u00f3 a aprobar la Ley bipartidista Durbin-Graham DREAM de 2021.<\/p>\n\n<p class=\"wp-block-paragraph\">\u00abInstamos al Senado a unirse e inmediatamente proporcionar un camino hacia la ciudadan\u00eda para los beneficiarios de DACA y las personas elegibles para DACA a trav\u00e9s de la aprobaci\u00f3n de la Ley DREAM bipartidista y, si es necesario, a trav\u00e9s de la reconciliaci\u00f3n presupuestaria. Entendemos que ning\u00fan proyecto de ley es perfecto, pero creemos que este proyecto de ley bipartidista existente es el mejor marco para proteger a los Dreamers en lugar de comenzar de nuevo con una nueva legislaci\u00f3n\u00bb, declar\u00f3 la carta. Lea la carta <a href=\"https:\/\/www.presidentsalliance.org\/wp-content\/uploads\/2021\/07\/2021-07-19-Letter-to-Leaders-Schumer-and-McConnell-Re-Dream-Legislation-Presidents-Alliance-ABIC-Final.pdf\">aqu\u00ed.<\/a> Vea la lista completa de signatarios <a href=\"https:\/\/www.presidentsalliance.org\/wp-content\/uploads\/2021\/07\/Dream-Letter-Signatories-for-Public-Release-2021-07-18-1.pdf\">aqu\u00ed.<\/a><\/p>\n\n<p class=\"wp-block-paragraph\">El  <a href=\"https:\/\/www.presidentsalliance.org\/wp-content\/uploads\/2021\/07\/2021-07-19-Letter-to-Leaders-Schumer-and-McConnell-Re-Dream-Legislation-Presidents-Alliance-ABIC-Final.pdf\">la carta<\/a> fue convocada por el  <a href=\"https:\/\/abic.us\/\">91探花,<\/a>una coalici\u00f3n bipartidista de m\u00e1s de 1200 l\u00edderes empresariales en todo el pa\u00eds, desde Texas hasta Idaho, desde Arizona hasta Florida, y el  <a href=\"https:\/\/www.presidentsalliance.org\/\">Alianza de Presidentes sobre Educaci\u00f3n Superior e Inmigraci\u00f3n,<\/a>que re\u00fane a m\u00e1s de 500 presidentes y rectores de colegios y universidades sobre temas de inmigraci\u00f3n que afectan la educaci\u00f3n superior.  <\/p>\n\n<p class=\"wp-block-paragraph\">Los firmantes incluyen <strong>a Noelle Cockett, <\/strong><strong>Presidenta, <\/strong>Utah<strong> <\/strong>Estado<strong> <\/strong>Universidad<strong>;<\/strong> <strong>Hugh McColl,<\/strong>ex presidente y director ejecutivo de Bank of America; <strong>Jos\u00e9 I. Castro,<\/strong> Canciller, California<strong> <\/strong>Estado<strong> <\/strong>Universidad<strong>; Carole Segal, <\/strong>cofundadora de Crate and Barrel;  <strong>Lawrence Bacow,<\/strong>Presidente de la Universidad de Harvard;  <strong>Mike Fern\u00e1ndez,<\/strong>Presidente y CEO de MBF Healthcare Partners;  <strong>Juan Rowe, <\/strong> Presidente Em\u00e9rito de Exelon Corporation;  <strong>Michael Drake,<\/strong>Presidente del Sistema de la Universidad de California;  <strong>Craig Duchossois, <\/strong> Presidente del Grupo Duchossois;  <strong>Christopher Eisgruber,<\/strong>Presidente de la Universidad de Princeton;  <strong>Chris<\/strong> <strong> Wallace, <\/strong>Presidente y CEO de la Comisi\u00f3n del Norte de Texas; <strong>David Leebron,<\/strong>Presidente de la Universidad de Rice;  <strong>Robert J. Jones<\/strong>, Canciller, Universidad de Illinois Urbana Champaign. Para obtener una lista completa de los signatarios, haga clic <a href=\"https:\/\/www.presidentsalliance.org\/wp-content\/uploads\/2021\/07\/Dream-Letter-Signatories-for-Public-Release-2021-07-18.pdf\">aqu\u00ed.<\/a><\/p>\n\n<p class=\"wp-block-paragraph\">Los l\u00edderes empresariales, incluidos varios signatarios de la carta, estar\u00e1n en el Capitolio esta semana para presentar el caso en persona para una acci\u00f3n inmediata sobre la provisi\u00f3n de alivio a los Dreamers, trabajadores agr\u00edcolas y titulares de TPS, entregando un mensaje claro <strong>de<\/strong>que<strong>la reacci\u00f3n no es aceptable en 2021.<\/strong> <\/p>\n\n<p class=\"wp-block-paragraph\">Alrededor del 93 por ciento de los Dreamers est\u00e1n empleados y pagan cerca de $ 10 mil millones en impuestos, mientras que generan casi $ 20 mil millones en poder adquisitivo. Son estudiantes, maestros, empleados, empresarios y 200,000 trabajadores esenciales, incluidos socorristas, trabajadores de restaurantes y tiendas de comestibles, proveedores de cuidado infantil y casi 30,000 trabajadores de la salud, incluidos m\u00e9dicos y enfermeras. Hay <a href=\"https:\/\/www.higheredimmigrationportal.org\/national\/national-data\/\">181 mil estudiantes elegibles para DACA inscritos<\/a> en instituciones de educaci\u00f3n superior. Casi 40,000 Dreamers iniciaron negocios y crearon empleos para los trabajadores estadounidenses. <a href=\"https:\/\/www.pewresearch.org\/fact-tank\/2020\/06\/17\/americans-broadly-support-legal-status-for-immigrants-brought-to-the-u-s-illegally-as-children\/\">El apoyo a la legalizaci\u00f3n<\/a> de los Dreamers ha crecido desde su introducci\u00f3n hace 20 a\u00f1os: el 79% de todos los votantes y el 69% de los votantes de Trump apoyan la legalizaci\u00f3n de los Dreamers.<\/p>\n\n<p class=\"wp-block-paragraph\">Los siguientes son comentarios destacados de los l\u00edderes de la coalici\u00f3n:<\/p>\n\n<p class=\"wp-block-paragraph\"><strong>Noelle Cockett, presidenta de la Universidad Estatal de Utah, declar\u00f3:<\/strong>  \u00abEn esencia, la educaci\u00f3n superior p\u00fablica se trata de oportunidades: la oportunidad de mejorarse a s\u00ed mismo, a su familia y a su comunidad; para hacer crecer tu mente; y para navegar y descubrir el mundo. Como la universidad de concesi\u00f3n de tierras de Utah, USU est\u00e1 a la vanguardia de proporcionar acceso y oportunidades para todos los estudiantes de Utah, sin importar sus antecedentes o circunstancias. La Ley de Sue\u00f1os del Senado bipartidista de 2021 es fundamental para garantizar que los Dreamers tengan la certeza que necesitan para seguir la educaci\u00f3n y llevar habilidades cr\u00edticas a la fuerza laboral\u00bb.<\/p>\n\n<p class=\"wp-block-paragraph\"><strong>Bob Worsley, Copresidente  <\/strong><strong>de la 91探花<\/strong><strong>  y ex senador estatal republicano de Arizona:  <\/strong>\u00abAhora es el momento de que Lindsey Graham y John Cornyn den un paso adelante y lideren la Ley del Sue\u00f1o Graham \/ Durbin y las soluciones bipartidistas o se salgan del camino y dejen que los dem\u00f3cratas hagan la legalizaci\u00f3n a trav\u00e9s de la reconciliaci\u00f3n\u00bb.  <\/p>\n\n<p class=\"wp-block-paragraph\"><strong>Juan Carlos Cerda, beneficiario de DACA y Director, Coalici\u00f3n de Inmigraci\u00f3n Empresarial de Texas:  <\/strong>\u00abEl apoyo de cientos de directores ejecutivos y presidentes de universidades para un Dream Act subraya lo importante que los Dreamers han sido para nuestras comunidades y econom\u00eda. El Congreso ya no puede ignorar la urgencia de un Dream Act y debe actuar ahora para asegurar los talentos y habilidades de los Dreamers para el futuro de nuestra naci\u00f3n\u00bb.  <\/p>\n\n<p class=\"wp-block-paragraph\"><strong>Joseph I. Castro, Rector de la Universidad Estatal de California, declar\u00f3:<\/strong>  \u00abNo olvidemos la g\u00e9nesis del t\u00e9rmino &#8216;Dreamers&#8217;: describe acertadamente a las personas que son simult\u00e1neamente parte de un sue\u00f1o americano colectivo y a los individuos que est\u00e1n tratando de vivir su sue\u00f1o americano personal. La Universidad Estatal de California ha abogado durante mucho tiempo, y continuar\u00e1 abogando, por una soluci\u00f3n legislativa sostenible que brinde protecci\u00f3n permanente a los Dreamers: j\u00f3venes, llenos de promesas, que fueron tra\u00eddos a los Estados Unidos cuando eran ni\u00f1os sin elecci\u00f3n propia\u00bb.<\/p>\n\n<p class=\"wp-block-paragraph\"><strong>Woody L. Hunt, Hunt Companies Inc. Presidente Senior de la Junta Directiva y Copresidente de la 91探花:  <\/strong>\u00abAhora hay un sentido a\u00fan mayor de urgencia para que nuestros senadores aprueben un Dream Act federal y pongan la econom\u00eda de nuestro estado por delante de la pol\u00edtica. La comunidad empresarial debe apoyar a los Dreamers de Texas y lograr que se apruebe un Dream Act de inmediato\u00bb.<\/p>\n\n<p class=\"wp-block-paragraph\"><strong>Cezanne Hayden-Dyer, miembro de la Mesa de Estrategia Estudiantil de The Presidents&#8217; Alliance:  <\/strong>\u00abDebido a que el tribunal del 5to Circuito fall\u00f3 en contra de DACA, arrojar\u00e1 a miles de beneficiarios de DACA a una ola de incertidumbre. Para m\u00ed, significa que no podr\u00e9 pagar la escuela y completar mi licenciatura. No podr\u00e9 trabajar y ayudar a mantener a mi familia, incluido mi hijo de 10 a\u00f1os. Habr\u00eda tantas oportunidades que me ser\u00edan arrebatadas. He estado en los Estados Unidos por m\u00e1s de 25 a\u00f1os, este es mi hogar, y sin DACA mi futuro aqu\u00ed es sombr\u00edo\u00bb.  <\/p>\n\n<p class=\"wp-block-paragraph\"><strong>Chris Wallace, Presidente y CEO de la Comisi\u00f3n del Norte de Texas:<\/strong>  \u00abLos so\u00f1adores son estadounidenses en todo menos en el papel, y tambi\u00e9n son esenciales para nuestra econom\u00eda. La decisi\u00f3n del juez Hanen es un mensaje claro de que el Senado debe actuar r\u00e1pidamente no solo para proteger a los Dreamers de la deportaci\u00f3n, sino tambi\u00e9n para proporcionarles un camino hacia la permanencia para que puedan continuar siendo miembros productivos de la sociedad y nuestra fuerza laboral\u00bb.<\/p>\n\n<p class=\"wp-block-paragraph\"><strong>Acerca de<\/strong><\/p>\n\n<p class=\"wp-block-paragraph\">La <a href=\"https:\/\/abic.us\/\">91探花<\/a> (ABIC) promueve una reforma migratoria de sentido com\u00fan que promueve la competitividad econ\u00f3mica, proporciona a las empresas tanto el talento altamente calificado como el poco calificado que necesitan, y permite la integraci\u00f3n de los inmigrantes en nuestra econom\u00eda como consumidores, trabajadores, empresarios y ciudadanos.<\/p>\n\n<p class=\"wp-block-paragraph\"><strong>Alianza de Presidentes sobre Educaci\u00f3n Superior e Inmigraci\u00f3n  <\/strong><\/p>\n\n<p class=\"wp-block-paragraph\">La Alianza de Presidentes sobre Educaci\u00f3n Superior e Inmigraci\u00f3n, no partidista y sin fines de lucro, re\u00fane a presidentes y rectores de colegios y universidades sobre temas de inmigraci\u00f3n que afectan la educaci\u00f3n superior, nuestros estudiantes, campus, comunidades y naci\u00f3n. Trabajamos para promover pol\u00edticas y pr\u00e1cticas de inmigraci\u00f3n justas y con visi\u00f3n de futuro a nivel federal, estatal y universitario que sean consistentes con nuestra herencia como naci\u00f3n de inmigrantes y los valores acad\u00e9micos de equidad y apertura. La Alianza est\u00e1 compuesta por m\u00e1s de 500 presidentes y rectores de colegios y universidades p\u00fablicas y privadas, inscribiendo a m\u00e1s de cinco millones de estudiantes en 43 estados, D.C. y Puerto Rico.  <\/p>\n\n<p class=\"wp-block-paragraph\">###<\/p>\n","protected":false},"excerpt":{"rendered":"<p>M\u00e1s de 400 directores ejecutivos, presidentes de universidades y l\u00edderes c\u00edvicos instan a los l\u00edderes Schumer y McConnell a aprobar la ley bipartidista DREAM tras el fallo de la corte&#8230;<\/p>\n","protected":false},"author":1,"featured_media":34554,"comment_status":"closed","ping_status":"closed","sticky":false,"template":"","format":"standard","meta":{"footnotes":""},"categories":[63],"tags":[],"class_list":["post-34882","post","type-post","status-publish","format-standard","has-post-thumbnail","category-actualizaciones"],"yoast_head":"<!-- This site is optimized with the Yoast SEO plugin v28.3 - https:\/\/yoast.com\/product\/yoast-seo-wordpress\/ -->\n<title>M\u00e1s de 400 directores ejecutivos, presidentes de universidades y l\u00edderes c\u00edvicos instan a los l\u00edderes Schumer y McConnell a aprobar la ley bipartidista DREAM tras el fallo de la corte de Texas para poner fin a DACA &#8212; Coalici\u00f3n 91探花a de Inmigraci\u00f3n Empresarial<\/title>\n<meta name=\"robots\" content=\"index, follow, max-snippet:-1, max-image-preview:large, max-video-preview:-1\" \/>\n<link rel=\"canonical\" href=\"https:\/\/abic.us\/es\/mas-de-400-directores-ejecutivos-presidentes-de-universidades-y-lideres-civicos-instan-a-los-lideres-schumer-y-mcconnell-a-aprobar-la-ley-bipartidista-dream-tras-el-fallo-de-la-corte-de-texas-para-po\/\" \/>\n<meta property=\"og:locale\" content=\"es_ES\" \/>\n<meta property=\"og:type\" content=\"article\" \/>\n<meta property=\"og:title\" content=\"M\u00e1s de 400 directores ejecutivos, presidentes de universidades y l\u00edderes c\u00edvicos instan a los l\u00edderes Schumer y McConnell a aprobar la ley bipartidista DREAM tras el fallo de la corte de Texas para poner fin a DACA &#8212; Coalici\u00f3n 91探花a de Inmigraci\u00f3n Empresarial\" \/>\n<meta property=\"og:description\" content=\"M\u00e1s de 400 directores ejecutivos, presidentes de universidades y l\u00edderes c\u00edvicos instan a los l\u00edderes Schumer y McConnell a aprobar la ley bipartidista DREAM tras el fallo de la corte...\" \/>\n<meta property=\"og:url\" content=\"https:\/\/abic.us\/es\/mas-de-400-directores-ejecutivos-presidentes-de-universidades-y-lideres-civicos-instan-a-los-lideres-schumer-y-mcconnell-a-aprobar-la-ley-bipartidista-dream-tras-el-fallo-de-la-corte-de-texas-para-po\/\" \/>\n<meta property=\"og:site_name\" content=\"Coalici\u00f3n 91探花a de Inmigraci\u00f3n Empresarial\" \/>\n<meta property=\"article:publisher\" content=\"https:\/\/www.facebook.com\/91探花BIC\" \/>\n<meta property=\"article:published_time\" content=\"2021-07-19T10:21:15+00:00\" \/>\n<meta property=\"article:modified_time\" content=\"2021-12-03T20:54:03+00:00\" \/>\n<meta property=\"og:image\" content=\"https:\/\/abic.us\/wp-content\/uploads\/2021\/08\/ABIC-Meta.jpg\" \/>\n\t<meta property=\"og:image:width\" content=\"1200\" \/>\n\t<meta property=\"og:image:height\" content=\"630\" \/>\n\t<meta property=\"og:image:type\" content=\"image\/jpeg\" \/>\n<meta name=\"author\" content=\"abic\" \/>\n<meta name=\"twitter:card\" content=\"summary_large_image\" \/>\n<meta name=\"twitter:creator\" content=\"@91探花BIC\" \/>\n<meta name=\"twitter:site\" content=\"@91探花BIC\" \/>\n<meta name=\"twitter:label1\" content=\"Escrito por\" \/>\n\t<meta name=\"twitter:data1\" content=\"abic\" \/>\n\t<meta name=\"twitter:label2\" content=\"Tiempo de lectura\" \/>\n\t<meta name=\"twitter:data2\" content=\"7 minutos\" \/>\n<script type=\"application\/ld+json\" class=\"yoast-schema-graph\">{\"@context\":\"https:\\\/\\\/schema.org\",\"@graph\":[{\"@type\":\"Article\",\"@id\":\"https:\\\/\\\/abic.us\\\/es\\\/mas-de-400-directores-ejecutivos-presidentes-de-universidades-y-lideres-civicos-instan-a-los-lideres-schumer-y-mcconnell-a-aprobar-la-ley-bipartidista-dream-tras-el-fallo-de-la-corte-de-texas-para-po\\\/#article\",\"isPartOf\":{\"@id\":\"https:\\\/\\\/abic.us\\\/es\\\/mas-de-400-directores-ejecutivos-presidentes-de-universidades-y-lideres-civicos-instan-a-los-lideres-schumer-y-mcconnell-a-aprobar-la-ley-bipartidista-dream-tras-el-fallo-de-la-corte-de-texas-para-po\\\/\"},\"author\":{\"name\":\"abic\",\"@id\":\"https:\\\/\\\/abic.us\\\/es\\\/#\\\/schema\\\/person\\\/58547098a0d3b973c110fd8a36f0e0bb\"},\"headline\":\"M\u00e1s de 400 directores ejecutivos, presidentes de universidades y l\u00edderes c\u00edvicos instan a los l\u00edderes Schumer y McConnell a aprobar la ley bipartidista DREAM tras el fallo de la corte de Texas para poner fin a DACA\",\"datePublished\":\"2021-07-19T10:21:15+00:00\",\"dateModified\":\"2021-12-03T20:54:03+00:00\",\"mainEntityOfPage\":{\"@id\":\"https:\\\/\\\/abic.us\\\/es\\\/mas-de-400-directores-ejecutivos-presidentes-de-universidades-y-lideres-civicos-instan-a-los-lideres-schumer-y-mcconnell-a-aprobar-la-ley-bipartidista-dream-tras-el-fallo-de-la-corte-de-texas-para-po\\\/\"},\"wordCount\":1486,\"publisher\":{\"@id\":\"https:\\\/\\\/abic.us\\\/es\\\/#organization\"},\"image\":{\"@id\":\"https:\\\/\\\/abic.us\\\/es\\\/mas-de-400-directores-ejecutivos-presidentes-de-universidades-y-lideres-civicos-instan-a-los-lideres-schumer-y-mcconnell-a-aprobar-la-ley-bipartidista-dream-tras-el-fallo-de-la-corte-de-texas-para-po\\\/#primaryimage\"},\"thumbnailUrl\":\"https:\\\/\\\/abic.us\\\/wp-content\\\/uploads\\\/2021\\\/08\\\/ABIC-Meta.jpg\",\"articleSection\":[\"Actualizaciones\"],\"inLanguage\":\"es\"},{\"@type\":\"WebPage\",\"@id\":\"https:\\\/\\\/abic.us\\\/es\\\/mas-de-400-directores-ejecutivos-presidentes-de-universidades-y-lideres-civicos-instan-a-los-lideres-schumer-y-mcconnell-a-aprobar-la-ley-bipartidista-dream-tras-el-fallo-de-la-corte-de-texas-para-po\\\/\",\"url\":\"https:\\\/\\\/abic.us\\\/es\\\/mas-de-400-directores-ejecutivos-presidentes-de-universidades-y-lideres-civicos-instan-a-los-lideres-schumer-y-mcconnell-a-aprobar-la-ley-bipartidista-dream-tras-el-fallo-de-la-corte-de-texas-para-po\\\/\",\"name\":\"M\u00e1s de 400 directores ejecutivos, presidentes de universidades y l\u00edderes c\u00edvicos instan a los l\u00edderes Schumer y McConnell a aprobar la ley bipartidista DREAM tras el fallo de la corte de Texas para poner fin a DACA &#8212; Coalici\u00f3n 91探花a de Inmigraci\u00f3n Empresarial\",\"isPartOf\":{\"@id\":\"https:\\\/\\\/abic.us\\\/es\\\/#website\"},\"primaryImageOfPage\":{\"@id\":\"https:\\\/\\\/abic.us\\\/es\\\/mas-de-400-directores-ejecutivos-presidentes-de-universidades-y-lideres-civicos-instan-a-los-lideres-schumer-y-mcconnell-a-aprobar-la-ley-bipartidista-dream-tras-el-fallo-de-la-corte-de-texas-para-po\\\/#primaryimage\"},\"image\":{\"@id\":\"https:\\\/\\\/abic.us\\\/es\\\/mas-de-400-directores-ejecutivos-presidentes-de-universidades-y-lideres-civicos-instan-a-los-lideres-schumer-y-mcconnell-a-aprobar-la-ley-bipartidista-dream-tras-el-fallo-de-la-corte-de-texas-para-po\\\/#primaryimage\"},\"thumbnailUrl\":\"https:\\\/\\\/abic.us\\\/wp-content\\\/uploads\\\/2021\\\/08\\\/ABIC-Meta.jpg\",\"datePublished\":\"2021-07-19T10:21:15+00:00\",\"dateModified\":\"2021-12-03T20:54:03+00:00\",\"breadcrumb\":{\"@id\":\"https:\\\/\\\/abic.us\\\/es\\\/mas-de-400-directores-ejecutivos-presidentes-de-universidades-y-lideres-civicos-instan-a-los-lideres-schumer-y-mcconnell-a-aprobar-la-ley-bipartidista-dream-tras-el-fallo-de-la-corte-de-texas-para-po\\\/#breadcrumb\"},\"inLanguage\":\"es\",\"potentialAction\":[{\"@type\":\"ReadAction\",\"target\":[\"https:\\\/\\\/abic.us\\\/es\\\/mas-de-400-directores-ejecutivos-presidentes-de-universidades-y-lideres-civicos-instan-a-los-lideres-schumer-y-mcconnell-a-aprobar-la-ley-bipartidista-dream-tras-el-fallo-de-la-corte-de-texas-para-po\\\/\"]}]},{\"@type\":\"ImageObject\",\"inLanguage\":\"es\",\"@id\":\"https:\\\/\\\/abic.us\\\/es\\\/mas-de-400-directores-ejecutivos-presidentes-de-universidades-y-lideres-civicos-instan-a-los-lideres-schumer-y-mcconnell-a-aprobar-la-ley-bipartidista-dream-tras-el-fallo-de-la-corte-de-texas-para-po\\\/#primaryimage\",\"url\":\"https:\\\/\\\/abic.us\\\/wp-content\\\/uploads\\\/2021\\\/08\\\/ABIC-Meta.jpg\",\"contentUrl\":\"https:\\\/\\\/abic.us\\\/wp-content\\\/uploads\\\/2021\\\/08\\\/ABIC-Meta.jpg\",\"width\":1200,\"height\":630,\"caption\":\"Metaimagen ABIC\"},{\"@type\":\"BreadcrumbList\",\"@id\":\"https:\\\/\\\/abic.us\\\/es\\\/mas-de-400-directores-ejecutivos-presidentes-de-universidades-y-lideres-civicos-instan-a-los-lideres-schumer-y-mcconnell-a-aprobar-la-ley-bipartidista-dream-tras-el-fallo-de-la-corte-de-texas-para-po\\\/#breadcrumb\",\"itemListElement\":[{\"@type\":\"ListItem\",\"position\":1,\"name\":\"Hogar\",\"item\":\"https:\\\/\\\/abic.us\\\/es\\\/\"},{\"@type\":\"ListItem\",\"position\":2,\"name\":\"M\u00e1s de 400 directores ejecutivos, presidentes de universidades y l\u00edderes c\u00edvicos instan a los l\u00edderes Schumer y McConnell a aprobar la ley bipartidista DREAM tras el fallo de la corte de Texas para poner fin a DACA\"}]},{\"@type\":\"WebSite\",\"@id\":\"https:\\\/\\\/abic.us\\\/es\\\/#website\",\"url\":\"https:\\\/\\\/abic.us\\\/es\\\/\",\"name\":\"Coalici\u00f3n 91探花a de Inmigraci\u00f3n Empresarial\",\"description\":\"Juntos, promoveremos una reforma migratoria sensata que crezca empleos, fortalezca nuestra econom\u00eda y beneficie a todas las familias estadounidenses.\",\"publisher\":{\"@id\":\"https:\\\/\\\/abic.us\\\/es\\\/#organization\"},\"potentialAction\":[{\"@type\":\"SearchAction\",\"target\":{\"@type\":\"EntryPoint\",\"urlTemplate\":\"https:\\\/\\\/abic.us\\\/es\\\/?s={search_term_string}\"},\"query-input\":{\"@type\":\"PropertyValueSpecification\",\"valueRequired\":true,\"valueName\":\"search_term_string\"}}],\"inLanguage\":\"es\"},{\"@type\":\"Organization\",\"@id\":\"https:\\\/\\\/abic.us\\\/es\\\/#organization\",\"name\":\"91探花\",\"url\":\"https:\\\/\\\/abic.us\\\/es\\\/\",\"logo\":{\"@type\":\"ImageObject\",\"inLanguage\":\"es\",\"@id\":\"https:\\\/\\\/abic.us\\\/es\\\/#\\\/schema\\\/logo\\\/image\\\/\",\"url\":\"https:\\\/\\\/abic.us\\\/wp-content\\\/uploads\\\/2021\\\/11\\\/ABIC-Logo.png\",\"contentUrl\":\"https:\\\/\\\/abic.us\\\/wp-content\\\/uploads\\\/2021\\\/11\\\/ABIC-Logo.png\",\"width\":1000,\"height\":260,\"caption\":\"91探花\"},\"image\":{\"@id\":\"https:\\\/\\\/abic.us\\\/es\\\/#\\\/schema\\\/logo\\\/image\\\/\"},\"sameAs\":[\"https:\\\/\\\/www.facebook.com\\\/91探花BIC\",\"https:\\\/\\\/x.com\\\/91探花BIC\"]},{\"@type\":\"Person\",\"@id\":\"https:\\\/\\\/abic.us\\\/es\\\/#\\\/schema\\\/person\\\/58547098a0d3b973c110fd8a36f0e0bb\",\"name\":\"abic\",\"image\":{\"@type\":\"ImageObject\",\"inLanguage\":\"es\",\"@id\":\"https:\\\/\\\/secure.gravatar.com\\\/avatar\\\/4a2893b0ce0ce34781c1e0a9251ffe4322e67c4e95cdf48463d10701c3bd4c8e?s=96&d=mm&r=g\",\"url\":\"https:\\\/\\\/secure.gravatar.com\\\/avatar\\\/4a2893b0ce0ce34781c1e0a9251ffe4322e67c4e95cdf48463d10701c3bd4c8e?s=96&d=mm&r=g\",\"contentUrl\":\"https:\\\/\\\/secure.gravatar.com\\\/avatar\\\/4a2893b0ce0ce34781c1e0a9251ffe4322e67c4e95cdf48463d10701c3bd4c8e?s=96&d=mm&r=g\",\"caption\":\"abic\"},\"sameAs\":[\"https:\\\/\\\/abic.wpengine.com\"]}]}<\/script>\n<!-- \/ Yoast SEO plugin. -->","yoast_head_json":{"title":"M\u00e1s de 400 directores ejecutivos, presidentes de universidades y l\u00edderes c\u00edvicos instan a los l\u00edderes Schumer y McConnell a aprobar la ley bipartidista DREAM tras el fallo de la corte de Texas para poner fin a DACA &#8212; Coalici\u00f3n 91探花a de Inmigraci\u00f3n Empresarial","robots":{"index":"index","follow":"follow","max-snippet":"max-snippet:-1","max-image-preview":"max-image-preview:large","max-video-preview":"max-video-preview:-1"},"canonical":"https:\/\/abic.us\/es\/mas-de-400-directores-ejecutivos-presidentes-de-universidades-y-lideres-civicos-instan-a-los-lideres-schumer-y-mcconnell-a-aprobar-la-ley-bipartidista-dream-tras-el-fallo-de-la-corte-de-texas-para-po\/","og_locale":"es_ES","og_type":"article","og_title":"M\u00e1s de 400 directores ejecutivos, presidentes de universidades y l\u00edderes c\u00edvicos instan a los l\u00edderes Schumer y McConnell a aprobar la ley bipartidista DREAM tras el fallo de la corte de Texas para poner fin a DACA &#8212; Coalici\u00f3n 91探花a de Inmigraci\u00f3n Empresarial","og_description":"M\u00e1s de 400 directores ejecutivos, presidentes de universidades y l\u00edderes c\u00edvicos instan a los l\u00edderes Schumer y McConnell a aprobar la ley bipartidista DREAM tras el fallo de la corte...","og_url":"https:\/\/abic.us\/es\/mas-de-400-directores-ejecutivos-presidentes-de-universidades-y-lideres-civicos-instan-a-los-lideres-schumer-y-mcconnell-a-aprobar-la-ley-bipartidista-dream-tras-el-fallo-de-la-corte-de-texas-para-po\/","og_site_name":"Coalici\u00f3n 91探花a de Inmigraci\u00f3n Empresarial","article_publisher":"https:\/\/www.facebook.com\/91探花BIC","article_published_time":"2021-07-19T10:21:15+00:00","article_modified_time":"2021-12-03T20:54:03+00:00","og_image":[{"width":1200,"height":630,"url":"https:\/\/abic.us\/wp-content\/uploads\/2021\/08\/ABIC-Meta.jpg","type":"image\/jpeg"}],"author":"abic","twitter_card":"summary_large_image","twitter_creator":"@91探花BIC","twitter_site":"@91探花BIC","twitter_misc":{"Escrito por":"abic","Tiempo de lectura":"7 minutos"},"schema":{"@context":"https:\/\/schema.org","@graph":[{"@type":"Article","@id":"https:\/\/abic.us\/es\/mas-de-400-directores-ejecutivos-presidentes-de-universidades-y-lideres-civicos-instan-a-los-lideres-schumer-y-mcconnell-a-aprobar-la-ley-bipartidista-dream-tras-el-fallo-de-la-corte-de-texas-para-po\/#article","isPartOf":{"@id":"https:\/\/abic.us\/es\/mas-de-400-directores-ejecutivos-presidentes-de-universidades-y-lideres-civicos-instan-a-los-lideres-schumer-y-mcconnell-a-aprobar-la-ley-bipartidista-dream-tras-el-fallo-de-la-corte-de-texas-para-po\/"},"author":{"name":"abic","@id":"https:\/\/abic.us\/es\/#\/schema\/person\/58547098a0d3b973c110fd8a36f0e0bb"},"headline":"M\u00e1s de 400 directores ejecutivos, presidentes de universidades y l\u00edderes c\u00edvicos instan a los l\u00edderes Schumer y McConnell a aprobar la ley bipartidista DREAM tras el fallo de la corte de Texas para poner fin a DACA","datePublished":"2021-07-19T10:21:15+00:00","dateModified":"2021-12-03T20:54:03+00:00","mainEntityOfPage":{"@id":"https:\/\/abic.us\/es\/mas-de-400-directores-ejecutivos-presidentes-de-universidades-y-lideres-civicos-instan-a-los-lideres-schumer-y-mcconnell-a-aprobar-la-ley-bipartidista-dream-tras-el-fallo-de-la-corte-de-texas-para-po\/"},"wordCount":1486,"publisher":{"@id":"https:\/\/abic.us\/es\/#organization"},"image":{"@id":"https:\/\/abic.us\/es\/mas-de-400-directores-ejecutivos-presidentes-de-universidades-y-lideres-civicos-instan-a-los-lideres-schumer-y-mcconnell-a-aprobar-la-ley-bipartidista-dream-tras-el-fallo-de-la-corte-de-texas-para-po\/#primaryimage"},"thumbnailUrl":"https:\/\/abic.us\/wp-content\/uploads\/2021\/08\/ABIC-Meta.jpg","articleSection":["Actualizaciones"],"inLanguage":"es"},{"@type":"WebPage","@id":"https:\/\/abic.us\/es\/mas-de-400-directores-ejecutivos-presidentes-de-universidades-y-lideres-civicos-instan-a-los-lideres-schumer-y-mcconnell-a-aprobar-la-ley-bipartidista-dream-tras-el-fallo-de-la-corte-de-texas-para-po\/","url":"https:\/\/abic.us\/es\/mas-de-400-directores-ejecutivos-presidentes-de-universidades-y-lideres-civicos-instan-a-los-lideres-schumer-y-mcconnell-a-aprobar-la-ley-bipartidista-dream-tras-el-fallo-de-la-corte-de-texas-para-po\/","name":"M\u00e1s de 400 directores ejecutivos, presidentes de universidades y l\u00edderes c\u00edvicos instan a los l\u00edderes Schumer y McConnell a aprobar la ley bipartidista DREAM tras el fallo de la corte de Texas para poner fin a DACA &#8212; Coalici\u00f3n 91探花a de Inmigraci\u00f3n Empresarial","isPartOf":{"@id":"https:\/\/abic.us\/es\/#website"},"primaryImageOfPage":{"@id":"https:\/\/abic.us\/es\/mas-de-400-directores-ejecutivos-presidentes-de-universidades-y-lideres-civicos-instan-a-los-lideres-schumer-y-mcconnell-a-aprobar-la-ley-bipartidista-dream-tras-el-fallo-de-la-corte-de-texas-para-po\/#primaryimage"},"image":{"@id":"https:\/\/abic.us\/es\/mas-de-400-directores-ejecutivos-presidentes-de-universidades-y-lideres-civicos-instan-a-los-lideres-schumer-y-mcconnell-a-aprobar-la-ley-bipartidista-dream-tras-el-fallo-de-la-corte-de-texas-para-po\/#primaryimage"},"thumbnailUrl":"https:\/\/abic.us\/wp-content\/uploads\/2021\/08\/ABIC-Meta.jpg","datePublished":"2021-07-19T10:21:15+00:00","dateModified":"2021-12-03T20:54:03+00:00","breadcrumb":{"@id":"https:\/\/abic.us\/es\/mas-de-400-directores-ejecutivos-presidentes-de-universidades-y-lideres-civicos-instan-a-los-lideres-schumer-y-mcconnell-a-aprobar-la-ley-bipartidista-dream-tras-el-fallo-de-la-corte-de-texas-para-po\/#breadcrumb"},"inLanguage":"es","potentialAction":[{"@type":"ReadAction","target":["https:\/\/abic.us\/es\/mas-de-400-directores-ejecutivos-presidentes-de-universidades-y-lideres-civicos-instan-a-los-lideres-schumer-y-mcconnell-a-aprobar-la-ley-bipartidista-dream-tras-el-fallo-de-la-corte-de-texas-para-po\/"]}]},{"@type":"ImageObject","inLanguage":"es","@id":"https:\/\/abic.us\/es\/mas-de-400-directores-ejecutivos-presidentes-de-universidades-y-lideres-civicos-instan-a-los-lideres-schumer-y-mcconnell-a-aprobar-la-ley-bipartidista-dream-tras-el-fallo-de-la-corte-de-texas-para-po\/#primaryimage","url":"https:\/\/abic.us\/wp-content\/uploads\/2021\/08\/ABIC-Meta.jpg","contentUrl":"https:\/\/abic.us\/wp-content\/uploads\/2021\/08\/ABIC-Meta.jpg","width":1200,"height":630,"caption":"Metaimagen ABIC"},{"@type":"BreadcrumbList","@id":"https:\/\/abic.us\/es\/mas-de-400-directores-ejecutivos-presidentes-de-universidades-y-lideres-civicos-instan-a-los-lideres-schumer-y-mcconnell-a-aprobar-la-ley-bipartidista-dream-tras-el-fallo-de-la-corte-de-texas-para-po\/#breadcrumb","itemListElement":[{"@type":"ListItem","position":1,"name":"Hogar","item":"https:\/\/abic.us\/es\/"},{"@type":"ListItem","position":2,"name":"M\u00e1s de 400 directores ejecutivos, presidentes de universidades y l\u00edderes c\u00edvicos instan a los l\u00edderes Schumer y McConnell a aprobar la ley bipartidista DREAM tras el fallo de la corte de Texas para poner fin a DACA"}]},{"@type":"WebSite","@id":"https:\/\/abic.us\/es\/#website","url":"https:\/\/abic.us\/es\/","name":"Coalici\u00f3n 91探花a de Inmigraci\u00f3n Empresarial","description":"Juntos, promoveremos una reforma migratoria sensata que crezca empleos, fortalezca nuestra econom\u00eda y beneficie a todas las familias estadounidenses.","publisher":{"@id":"https:\/\/abic.us\/es\/#organization"},"potentialAction":[{"@type":"SearchAction","target":{"@type":"EntryPoint","urlTemplate":"https:\/\/abic.us\/es\/?s={search_term_string}"},"query-input":{"@type":"PropertyValueSpecification","valueRequired":true,"valueName":"search_term_string"}}],"inLanguage":"es"},{"@type":"Organization","@id":"https:\/\/abic.us\/es\/#organization","name":"91探花","url":"https:\/\/abic.us\/es\/","logo":{"@type":"ImageObject","inLanguage":"es","@id":"https:\/\/abic.us\/es\/#\/schema\/logo\/image\/","url":"https:\/\/abic.us\/wp-content\/uploads\/2021\/11\/ABIC-Logo.png","contentUrl":"https:\/\/abic.us\/wp-content\/uploads\/2021\/11\/ABIC-Logo.png","width":1000,"height":260,"caption":"91探花"},"image":{"@id":"https:\/\/abic.us\/es\/#\/schema\/logo\/image\/"},"sameAs":["https:\/\/www.facebook.com\/91探花BIC","https:\/\/x.com\/91探花BIC"]},{"@type":"Person","@id":"https:\/\/abic.us\/es\/#\/schema\/person\/58547098a0d3b973c110fd8a36f0e0bb","name":"abic","image":{"@type":"ImageObject","inLanguage":"es","@id":"https:\/\/secure.gravatar.com\/avatar\/4a2893b0ce0ce34781c1e0a9251ffe4322e67c4e95cdf48463d10701c3bd4c8e?s=96&d=mm&r=g","url":"https:\/\/secure.gravatar.com\/avatar\/4a2893b0ce0ce34781c1e0a9251ffe4322e67c4e95cdf48463d10701c3bd4c8e?s=96&d=mm&r=g","contentUrl":"https:\/\/secure.gravatar.com\/avatar\/4a2893b0ce0ce34781c1e0a9251ffe4322e67c4e95cdf48463d10701c3bd4c8e?s=96&d=mm&r=g","caption":"abic"},"sameAs":["https:\/\/abic.wpengine.com"]}]}},"_links":{"self":[{"href":"https:\/\/abic.us\/es\/wp-json\/wp\/v2\/posts\/34882","targetHints":{"allow":["GET"]}}],"collection":[{"href":"https:\/\/abic.us\/es\/wp-json\/wp\/v2\/posts"}],"about":[{"href":"https:\/\/abic.us\/es\/wp-json\/wp\/v2\/types\/post"}],"author":[{"embeddable":true,"href":"https:\/\/abic.us\/es\/wp-json\/wp\/v2\/users\/1"}],"replies":[{"embeddable":true,"href":"https:\/\/abic.us\/es\/wp-json\/wp\/v2\/comments?post=34882"}],"version-history":[{"count":0,"href":"https:\/\/abic.us\/es\/wp-json\/wp\/v2\/posts\/34882\/revisions"}],"wp:featuredmedia":[{"embeddable":true,"href":"https:\/\/abic.us\/es\/wp-json\/wp\/v2\/media\/34554"}],"wp:attachment":[{"href":"https:\/\/abic.us\/es\/wp-json\/wp\/v2\/media?parent=34882"}],"wp:term":[{"taxonomy":"category","embeddable":true,"href":"https:\/\/abic.us\/es\/wp-json\/wp\/v2\/categories?post=34882"},{"taxonomy":"post_tag","embeddable":true,"href":"https:\/\/abic.us\/es\/wp-json\/wp\/v2\/tags?post=34882"}],"curies":[{"name":"wp","href":"https:\/\/api.w.org\/{rel}","templated":true}]}}