  {"id":34887,"date":"2021-08-09T08:07:11","date_gmt":"2021-08-09T08:07:11","guid":{"rendered":"https:\/\/abic.wpengine.com\/lideres-empresariales-y-civicos-republicanos-envian-una-carta-al-presidente-biden-y-a-los-lideres-del-congreso-instando-a-la-inclusion-de-reformas-migratorias-en-la-reconciliacion-presupuestaria\/"},"modified":"2021-12-03T20:52:23","modified_gmt":"2021-12-03T20:52:23","slug":"lideres-empresariales-y-civicos-republicanos-envian-una-carta-al-presidente-biden-y-a-los-lideres-del-congreso-instando-a-la-inclusion-de-reformas-migratorias-en-la-reconciliacion-presupuestaria","status":"publish","type":"post","link":"https:\/\/abic.us\/es\/lideres-empresariales-y-civicos-republicanos-envian-una-carta-al-presidente-biden-y-a-los-lideres-del-congreso-instando-a-la-inclusion-de-reformas-migratorias-en-la-reconciliacion-presupuestaria\/","title":{"rendered":"L\u00cdDERES EMPRESARIALES Y C\u00cdVICOS REPUBLICANOS ENV\u00cdAN UNA CARTA AL PRESIDENTE BIDEN Y A LOS L\u00cdDERES DEL CONGRESO INSTANDO A LA INCLUSI\u00d3N DE REFORMAS MIGRATORIAS EN LA RECONCILIACI\u00d3N PRESUPUESTARIA"},"content":{"rendered":"\n<figure class=\"wp-block-image size-large\"><img loading=\"lazy\" decoding=\"async\" width=\"1900\" height=\"1069\" src=\"https:\/\/abic.imgix.net\/assets\/Untitled-design-54.png\" alt=\"\" class=\"wp-image-31464\"\/><\/figure>\n<p class=\"wp-block-paragraph\">agosto 9, 2021<\/p>\n\n<p class=\"wp-block-paragraph\">CONTACTO:  <\/p>\n\n<p class=\"wp-block-paragraph\">Gebe Mart\u00ednez | gmartinez@americanbic.biz | (703-731-9505)<\/p>\n\n<h3 class=\"wp-block-heading\"><strong>L\u00cdDERES EMPRESARIALES Y C\u00cdVICOS REPUBLICANOS ENV\u00cdAN UNA CARTA AL PRESIDENTE BIDEN Y A LOS L\u00cdDERES DEL CONGRESO INSTANDO A LA INCLUSI\u00d3N DE REFORMAS MIGRATORIAS EN LA RECONCILIACI\u00d3N PRESUPUESTARIA  <\/strong><\/h3>\n\n<p class=\"wp-block-paragraph\"><em>Los miembros del Partido Republicano de ABIC piden la aprobaci\u00f3n inmediata del camino a la ciudadan\u00eda para los Dreamers, los titulares de permisos de TPS, los trabajadores agr\u00edcolas y los trabajadores esenciales por el bien de nuestra econom\u00eda y familias.  <\/em><\/p>\n\n<p class=\"wp-block-paragraph\">WASHINGTON, DC &#8212; La bipartidista 91探花 (ABIC, por sus sus familiares, por sus sus familiares) fue publicada el lunes  <a href=\"https:\/\/abic.us\/republican-business-and-civic-leaders-send-letter-to-president-biden-and-congressional-leaders-urging-inclusion-of-immigration-reforms-in-budget-reconciliation\/\">\n  <strong>una carta<\/strong>\n<\/a> al presidente Biden, la presidenta Nancy Pelosi, el l\u00edder de la mayor\u00eda del Senado Chuck Schumer, el l\u00edder republicano del Senado Mitch McConnell y el l\u00edder de la minor\u00eda de la C\u00e1mara de Representantes Kevin McCarthy, firmada por 15 miembros republicanos de ABIC en apoyo de la acci\u00f3n inmediata sobre la reforma migratoria a trav\u00e9s del proceso de reconciliaci\u00f3n presupuestaria.<\/p>\n\n<p class=\"wp-block-paragraph\">ABIC apoya la inclusi\u00f3n de caminos a la ciudadan\u00eda para dreamers, titulares de TPS, trabajadores agr\u00edcolas y trabajadores esenciales, lo que aumentar\u00eda los ingresos fiscales federales, estatales y locales al  <a href=\"https:\/\/www.fwd.us\/news\/immigration-reconciliation\/\">$ 31 mil millones <\/a>anuales como parte del crecimiento econ\u00f3mico anual de $ 121 mil millones si los Dreamers, los titulares de TPS, los trabajadores agr\u00edcolas y los trabajadores esenciales indocumentados fueran ciudadanos estadounidenses.<\/p>\n\n<p class=\"wp-block-paragraph\">La<a href=\"https:\/\/abic.us\/republican-business-and-civic-leaders-send-letter-to-president-biden-and-congressional-leaders-urging-inclusion-of-immigration-reforms-in-budget-reconciliation\/\"> <strong>carta se\u00f1ala<\/strong> <\/a>la incapacidad del Senado para forjar un compromiso bipartidista como la raz\u00f3n por la que las soluciones de inmigraci\u00f3n de sentido com\u00fan deben pasar a trav\u00e9s de la reconciliaci\u00f3n.<\/p>\n\n<p class=\"wp-block-paragraph\">\u00abComo l\u00edderes empresariales y c\u00edvicos republicanos de la Coalici\u00f3n Bipartidista de Inmigraci\u00f3n Empresarial Estadounidense (ABIC), deseamos emitir nuestro fuerte apoyo a la inclusi\u00f3n de soluciones de inmigraci\u00f3n de sentido com\u00fan en la legislaci\u00f3n de reconciliaci\u00f3n presupuestaria. Preferimos el bipartidismo, pero si la reconciliaci\u00f3n avanza, le instamos a que incluya soluciones de inmigraci\u00f3n sensatas para hacer crecer nuestro PIB nacional (Producto Interno Bruto), estimular el crecimiento del empleo y aumentar el piso salarial para todos los estadounidenses.  <\/p>\n\n<p class=\"wp-block-paragraph\">\u00abEn los \u00faltimos meses, ABIC se reuni\u00f3 con 41 senadores republicanos y celebr\u00f3 47 eventos p\u00fablicos con senadores republicanos y dem\u00f3cratas en apoyo de un acuerdo bipartidista. Escuchamos palabras alentadoras, un acuerdo de que se necesita desesperadamente acci\u00f3n, pero, desafortunadamente, esto no se tradujo en un compromiso bipartidista\u00bb, dice la carta.<\/p>\n\n<p class=\"wp-block-paragraph\">\u00abLa reconciliaci\u00f3n ofrece la mejor oportunidad en a\u00f1os para legalizar a los Dreamers, beneficiarios de TPS, trabajadores agr\u00edcolas y trabajadores esenciales. Los inmigrantes y empleadores que dependen de ellos merecen una legislaci\u00f3n que brinde certidumbre a sus vidas y negocios despu\u00e9s de a\u00f1os de existir en un limbo legal. Esto no solo es moralmente correcto, sino que es vital para nuestra econom\u00eda. Hay una necesidad econ\u00f3mica innegable para estas disposiciones de inmigraci\u00f3n\u00bb.<\/p>\n\n<p class=\"wp-block-paragraph\">Durante los recientes foros de ABIC, los legisladores han escuchado a dreamers, trabajadores agr\u00edcolas y otros que han esperado con frustraci\u00f3n y preocupaci\u00f3n durante a\u00f1os la oportunidad de legalizar su estatus. En esos mismos foros, los l\u00edderes religiosos y c\u00edvicos, y los propietarios de peque\u00f1as y grandes empresas compartieron la necesidad cr\u00edtica de arreglar el sistema de inmigraci\u00f3n inmoral y roto que el Congreso ha evitado reparar durante d\u00e9cadas. La \u00faltima reforma migratoria de gran alcance se promulg\u00f3 hace 35 a\u00f1os.<\/p>\n\n<p class=\"wp-block-paragraph\">\u00abComo afirman nuestros l\u00edderes de ABIC, es hora de que el Congreso haga su trabajo. Los votantes de todo el espectro pol\u00edtico y de todas las regiones del pa\u00eds entienden que la reforma migratoria con caminos ganados hacia la legalizaci\u00f3n y la ciudadan\u00eda es buena para todos los estadounidenses y para nuestra econom\u00eda\u00bb, dijo Rebecca Shi, Directora Ejecutiva de ABIC. \u00abEs hora de que el Congreso reciba el mensaje\u00bb, agreg\u00f3 Shi.<\/p>\n\n<p class=\"wp-block-paragraph\"><strong>El texto completo de la carta es el siguiente:<\/strong><\/p>\n\n<p class=\"wp-block-paragraph\"><em>\u00abEstimado presidente Biden, presidenta Pelosi, l\u00edder de la mayor\u00eda del Senado Schumer, l\u00edderes minoritarios McConnnell y McCarthy,<\/em><\/p>\n\n<p class=\"wp-block-paragraph\"><em>Como l\u00edderes empresariales y c\u00edvicos republicanos de la Coalici\u00f3n Bipartidista de Inmigraci\u00f3n Empresarial Estadounidense (ABIC), deseamos emitir nuestro fuerte apoyo a la inclusi\u00f3n de soluciones de inmigraci\u00f3n de sentido com\u00fan en la legislaci\u00f3n de reconciliaci\u00f3n presupuestaria. Preferimos el bipartidismo, pero si la reconciliaci\u00f3n avanza, le instamos a que incluya soluciones de inmigraci\u00f3n sensatas para hacer crecer nuestro PIB nacional (Producto Interno Bruto), estimular el crecimiento del empleo y aumentar el piso salarial para todos los estadounidenses.  <\/em><\/p>\n\n<p class=\"wp-block-paragraph\"><em>En los \u00faltimos meses, ABIC se reuni\u00f3 con 41 senadores republicanos y celebr\u00f3 47 eventos p\u00fablicos con senadores republicanos y dem\u00f3cratas en apoyo de un acuerdo bipartidista. Escuchamos palabras alentadoras \u2014acuerdo en que se necesita desesperadamente una acci\u00f3n\u2014 pero, desafortunadamente, esto no se tradujo en un compromiso bipartidista.  <\/em><\/p>\n\n<p class=\"wp-block-paragraph\"><em>La reconciliaci\u00f3n ofrece la mejor oportunidad en a\u00f1os para legalizar a los Dreamers, beneficiarios de TPS, trabajadores agr\u00edcolas y trabajadores esenciales. Los inmigrantes y empleadores que dependen de ellos merecen una legislaci\u00f3n que brinde certidumbre a sus vidas y negocios despu\u00e9s de a\u00f1os de existir en un limbo legal. Esto no solo es moralmente correcto, sino que es vital para nuestra econom\u00eda. Existe una necesidad econ\u00f3mica innegable de estas disposiciones de inmigraci\u00f3n.<\/em><\/p>\n\n<p class=\"wp-block-paragraph\"><em>Los beneficios econ\u00f3micos para todos los estadounidenses que resultar\u00edan de legalizar el estatus de millones de trabajadores vienen en forma de mayores gastos, ingresos fiscales y creaci\u00f3n de empleos. La econom\u00eda de los Estados Unidos crecer\u00eda en $ 121 mil millones anuales si los Dreamers, los titulares de TPS, los trabajadores agr\u00edcolas y los trabajadores esenciales indocumentados ganaran la legalizaci\u00f3n y se convirtieran en ciudadanos estadounidenses, \u00abincluidas las expansiones multimillonarias en una docena de econom\u00edas estatales y el aumento de los ingresos fiscales federales, estatales y locales en $ 31 mil millones anuales\u00bb.<\/em><a href=\"https:\/\/www.fwd.us\/news\/immigration-reconciliation\/\"><em> <\/em><em>seg\u00fan un an\u00e1lisis reciente<\/em><\/a><em>. El aumento de los ingresos fiscales federales por s\u00ed solo deber\u00eda calificar las medidas de inmigraci\u00f3n para su inclusi\u00f3n en el paquete de reconciliaci\u00f3n. La Oficina de Presupuesto del Congreso (CBO) ha reconocido durante mucho tiempo los beneficios econ\u00f3micos para la econom\u00eda de los Estados Unidos y para la reducci\u00f3n del d\u00e9ficit federal si los inmigrantes indocumentados tuvieran acceso a la legalizaci\u00f3n y la ciudadan\u00eda. Durante el debate de 2013 de S744, que fue votado fuera del Senado con 68 votos, el<\/em><a href=\"https:\/\/www.cbo.gov\/sites\/default\/files\/113th-congress-2013-2014\/reports\/44346-immigration.pdf\"><em> <\/em><em>CBO<\/em><\/a><em> <\/em><em>estim\u00f3 que la medida, si se promulga, habr\u00eda disminuido los d\u00e9ficits presupuestarios federales en $ 197 mil millones durante el per\u00edodo 2014-2023 y en aproximadamente $ 700 mil millones durante el per\u00edodo 2024-2033.  <\/em><\/p>\n\n<p class=\"wp-block-paragraph\"><em>Estas reformas sensatas son cruciales para nuestra seguridad econ\u00f3mica nacional, ya que los empleadores enfrentan escasez de mano de obra en todo Estados Unidos.<\/em><\/p>\n\n<p class=\"wp-block-paragraph\"><em>Es hora de que el Congreso haga su trabajo y utilice todas las herramientas a su alcance para hacer avanzar al pa\u00eds y a nuestra econom\u00eda; para garantizar que se incluya un camino hacia el estatus legal para los trabajadores agr\u00edcolas, los Dreamers, los beneficiarios de TPS y los trabajadores esenciales en el proceso de reconciliaci\u00f3n.<\/em><\/p>\n\n<p class=\"wp-block-paragraph\"><em>Nuestro objetivo en ABIC sigue siendo el mismo, apoyar una reforma migratoria sensata para hacer crecer la econom\u00eda y mantener a las familias unidas. Estamos listos para trabajar con el Congreso para lograr ese objetivo.  <\/em><\/p>\n\n<p class=\"wp-block-paragraph\"><em>Recordamos a los legisladores que la inacci\u00f3n es inaceptable. El momento de actuar es ahora. Preferimos el bipartidismo, pero si la reconciliaci\u00f3n est\u00e1 avanzando, entonces le instamos a que incluya soluciones de inmigraci\u00f3n. La reconciliaci\u00f3n puede ser la \u00faltima oportunidad de hacer lo que el pueblo estadounidense quiere, y lo que nuestra econom\u00eda necesita, durante meses, y tal vez a\u00f1os por venir\u00bb.<\/em><\/p>\n\n<p class=\"wp-block-paragraph\">La carta fue firmada por los siguientes l\u00edderes empresariales y comunitarios:<\/p>\n\n<p class=\"wp-block-paragraph\"><strong>John Rowe<\/strong>, Presidente Em\u00e9rito, Exelon Corporation<\/p>\n\n<p class=\"wp-block-paragraph\"><strong>Mike Fern\u00e1ndez<\/strong>, Presidente, MBF Healthcare Partners<\/p>\n\n<p class=\"wp-block-paragraph\"><strong>Jeb Bush, Jr.<\/strong><\/p>\n\n<p class=\"wp-block-paragraph\"><strong>Jim Edgar<\/strong>, Ex Gobernador Republicano de Illinois<\/p>\n\n<p class=\"wp-block-paragraph\"><strong>William C. Kunkler III<\/strong>, Vicepresidente Ejecutivo, CC Industries<\/p>\n\n<p class=\"wp-block-paragraph\"><strong>Bob Worsley<\/strong>, ex senador estatal republicano de Arizona, fundador de Skymall<\/p>\n\n<p class=\"wp-block-paragraph\"><strong>Al C\u00e1rdenas<\/strong>, Ex Presidente, Partido Republicano de Florida<\/p>\n\n<p class=\"wp-block-paragraph\"><strong>Paul DiMare<\/strong>, Presidente, DiMare Distribution, Florida \u00abAgricultor del A\u00f1o\u00bb  <\/p>\n\n<p class=\"wp-block-paragraph\"><strong>Ana Navarro<\/strong>, estratega republicana, CNN \/ The View Host  <\/p>\n\n<p class=\"wp-block-paragraph\"><strong>David Barber<\/strong>, Ex Presidente y CEO de Barber Foods<\/p>\n\n<p class=\"wp-block-paragraph\"><strong>Representante Neal Collins (R-SC 5)<\/strong><\/p>\n\n<p class=\"wp-block-paragraph\"><strong>Sol Trujillo<\/strong>, Presidente del Grupo Trujillo<\/p>\n\n<p class=\"wp-block-paragraph\"><strong>Craig Duchossois<\/strong>, Presidente del Grupo Duchossois  <\/p>\n\n<p class=\"wp-block-paragraph\"><strong>Dave Bender,<\/strong>vicepresidente de Asuntos Pol\u00edticos del Consejo 91探花o de Empresas de Ingenier\u00eda; Ex presidente del Partido Republicano del Condado de Logan, Illinois<\/p>\n\n<p class=\"wp-block-paragraph\"><strong>Chris Wallace<\/strong>, Presidente y CEO, Comisi\u00f3n del Norte de Texas<\/p>\n\n<p class=\"wp-block-paragraph\"><strong>Tom Cross,<\/strong>ex l\u00edder republicano de Illinois<\/p>\n\n<p class=\"wp-block-paragraph\"><strong>Bill Hammond<\/strong>, Ex Presidente, Asociaci\u00f3n de Negocios de Texas<\/p>\n\n<p class=\"wp-block-paragraph\"><strong>Stan Marek<\/strong>, Presidente y CEO, Marek Family of Companies<\/p>\n\n<p class=\"wp-block-paragraph\"><strong>Pastor Maudia Mel\u00e9ndez,<\/strong> Director Ejecutivo, Jesus Ministry Inc.<\/p>\n\n<p class=\"wp-block-paragraph\"><strong>Byron Cook<\/strong>, ex representante estatal republicano de Texas<\/p>\n\n<p class=\"wp-block-paragraph\"><strong>Mario Murgado<\/strong>, Presidente y CEO, Murgado Automotive Group  <\/p>\n\n<p class=\"wp-block-paragraph\"><strong>ACERCA DE<\/strong><\/p>\n\n<p class=\"wp-block-paragraph\">La <a href=\"https:\/\/abic.us\/\">91探花<\/a> (ABIC) promueve una reforma migratoria de sentido com\u00fan que promueve la competitividad econ\u00f3mica, proporciona a las empresas tanto el talento altamente calificado como el poco calificado que necesitan, y permite la integraci\u00f3n de los inmigrantes en nuestra econom\u00eda como consumidores, trabajadores, empresarios y ciudadanos.<\/p>\n","protected":false},"excerpt":{"rendered":"<p>agosto 9, 2021 CONTACTO: Gebe Mart\u00ednez | gmartinez@americanbic.biz | (703-731-9505) L\u00cdDERES EMPRESARIALES Y C\u00cdVICOS REPUBLICANOS ENV\u00cdAN UNA CARTA AL PRESIDENTE BIDEN Y A LOS L\u00cdDERES DEL CONGRESO INSTANDO A LA&#8230;<\/p>\n","protected":false},"author":1,"featured_media":34554,"comment_status":"closed","ping_status":"closed","sticky":false,"template":"","format":"standard","meta":{"footnotes":""},"categories":[63],"tags":[],"class_list":["post-34887","post","type-post","status-publish","format-standard","has-post-thumbnail","category-actualizaciones"],"yoast_head":"<!-- This site is optimized with the Yoast SEO plugin v28.3 - https:\/\/yoast.com\/product\/yoast-seo-wordpress\/ -->\n<title>L\u00cdDERES EMPRESARIALES Y C\u00cdVICOS REPUBLICANOS ENV\u00cdAN UNA CARTA AL PRESIDENTE BIDEN Y A LOS L\u00cdDERES DEL CONGRESO INSTANDO A LA INCLUSI\u00d3N DE REFORMAS MIGRATORIAS EN LA RECONCILIACI\u00d3N PRESUPUESTARIA &#8212; Coalici\u00f3n 91探花a de Inmigraci\u00f3n Empresarial<\/title>\n<meta name=\"robots\" content=\"index, follow, max-snippet:-1, max-image-preview:large, max-video-preview:-1\" \/>\n<link rel=\"canonical\" href=\"https:\/\/abic.us\/es\/lideres-empresariales-y-civicos-republicanos-envian-una-carta-al-presidente-biden-y-a-los-lideres-del-congreso-instando-a-la-inclusion-de-reformas-migratorias-en-la-reconciliacion-presupuestaria\/\" \/>\n<meta property=\"og:locale\" content=\"es_ES\" \/>\n<meta property=\"og:type\" content=\"article\" \/>\n<meta property=\"og:title\" content=\"L\u00cdDERES EMPRESARIALES Y C\u00cdVICOS REPUBLICANOS ENV\u00cdAN UNA CARTA AL PRESIDENTE BIDEN Y A LOS L\u00cdDERES DEL CONGRESO INSTANDO A LA INCLUSI\u00d3N DE REFORMAS MIGRATORIAS EN LA RECONCILIACI\u00d3N PRESUPUESTARIA &#8212; Coalici\u00f3n 91探花a de Inmigraci\u00f3n Empresarial\" \/>\n<meta property=\"og:description\" content=\"agosto 9, 2021 CONTACTO: Gebe Mart\u00ednez | gmartinez@americanbic.biz | (703-731-9505) L\u00cdDERES EMPRESARIALES Y C\u00cdVICOS REPUBLICANOS ENV\u00cdAN UNA CARTA AL PRESIDENTE BIDEN Y A LOS L\u00cdDERES DEL CONGRESO INSTANDO A LA...\" \/>\n<meta property=\"og:url\" content=\"https:\/\/abic.us\/es\/lideres-empresariales-y-civicos-republicanos-envian-una-carta-al-presidente-biden-y-a-los-lideres-del-congreso-instando-a-la-inclusion-de-reformas-migratorias-en-la-reconciliacion-presupuestaria\/\" \/>\n<meta property=\"og:site_name\" content=\"Coalici\u00f3n 91探花a de Inmigraci\u00f3n Empresarial\" \/>\n<meta property=\"article:publisher\" content=\"https:\/\/www.facebook.com\/91探花BIC\" \/>\n<meta property=\"article:published_time\" content=\"2021-08-09T08:07:11+00:00\" \/>\n<meta property=\"article:modified_time\" content=\"2021-12-03T20:52:23+00:00\" \/>\n<meta property=\"og:image\" content=\"https:\/\/abic.us\/wp-content\/uploads\/2021\/08\/ABIC-Meta.jpg\" \/>\n\t<meta property=\"og:image:width\" content=\"1200\" \/>\n\t<meta property=\"og:image:height\" content=\"630\" \/>\n\t<meta property=\"og:image:type\" content=\"image\/jpeg\" \/>\n<meta name=\"author\" content=\"abic\" \/>\n<meta name=\"twitter:card\" content=\"summary_large_image\" \/>\n<meta name=\"twitter:creator\" content=\"@91探花BIC\" \/>\n<meta name=\"twitter:site\" content=\"@91探花BIC\" \/>\n<meta name=\"twitter:label1\" content=\"Escrito por\" \/>\n\t<meta name=\"twitter:data1\" content=\"abic\" \/>\n\t<meta name=\"twitter:label2\" content=\"Tiempo de lectura\" \/>\n\t<meta name=\"twitter:data2\" content=\"8 minutos\" \/>\n<script type=\"application\/ld+json\" class=\"yoast-schema-graph\">{\"@context\":\"https:\\\/\\\/schema.org\",\"@graph\":[{\"@type\":\"Article\",\"@id\":\"https:\\\/\\\/abic.us\\\/es\\\/lideres-empresariales-y-civicos-republicanos-envian-una-carta-al-presidente-biden-y-a-los-lideres-del-congreso-instando-a-la-inclusion-de-reformas-migratorias-en-la-reconciliacion-presupuestaria\\\/#article\",\"isPartOf\":{\"@id\":\"https:\\\/\\\/abic.us\\\/es\\\/lideres-empresariales-y-civicos-republicanos-envian-una-carta-al-presidente-biden-y-a-los-lideres-del-congreso-instando-a-la-inclusion-de-reformas-migratorias-en-la-reconciliacion-presupuestaria\\\/\"},\"author\":{\"name\":\"abic\",\"@id\":\"https:\\\/\\\/abic.us\\\/es\\\/#\\\/schema\\\/person\\\/58547098a0d3b973c110fd8a36f0e0bb\"},\"headline\":\"L\u00cdDERES EMPRESARIALES Y C\u00cdVICOS REPUBLICANOS ENV\u00cdAN UNA CARTA AL PRESIDENTE BIDEN Y A LOS L\u00cdDERES DEL CONGRESO INSTANDO A LA INCLUSI\u00d3N DE REFORMAS MIGRATORIAS EN LA RECONCILIACI\u00d3N PRESUPUESTARIA\",\"datePublished\":\"2021-08-09T08:07:11+00:00\",\"dateModified\":\"2021-12-03T20:52:23+00:00\",\"mainEntityOfPage\":{\"@id\":\"https:\\\/\\\/abic.us\\\/es\\\/lideres-empresariales-y-civicos-republicanos-envian-una-carta-al-presidente-biden-y-a-los-lideres-del-congreso-instando-a-la-inclusion-de-reformas-migratorias-en-la-reconciliacion-presupuestaria\\\/\"},\"wordCount\":1618,\"publisher\":{\"@id\":\"https:\\\/\\\/abic.us\\\/es\\\/#organization\"},\"image\":{\"@id\":\"https:\\\/\\\/abic.us\\\/es\\\/lideres-empresariales-y-civicos-republicanos-envian-una-carta-al-presidente-biden-y-a-los-lideres-del-congreso-instando-a-la-inclusion-de-reformas-migratorias-en-la-reconciliacion-presupuestaria\\\/#primaryimage\"},\"thumbnailUrl\":\"https:\\\/\\\/abic.us\\\/wp-content\\\/uploads\\\/2021\\\/08\\\/ABIC-Meta.jpg\",\"articleSection\":[\"Actualizaciones\"],\"inLanguage\":\"es\"},{\"@type\":\"WebPage\",\"@id\":\"https:\\\/\\\/abic.us\\\/es\\\/lideres-empresariales-y-civicos-republicanos-envian-una-carta-al-presidente-biden-y-a-los-lideres-del-congreso-instando-a-la-inclusion-de-reformas-migratorias-en-la-reconciliacion-presupuestaria\\\/\",\"url\":\"https:\\\/\\\/abic.us\\\/es\\\/lideres-empresariales-y-civicos-republicanos-envian-una-carta-al-presidente-biden-y-a-los-lideres-del-congreso-instando-a-la-inclusion-de-reformas-migratorias-en-la-reconciliacion-presupuestaria\\\/\",\"name\":\"L\u00cdDERES EMPRESARIALES Y C\u00cdVICOS REPUBLICANOS ENV\u00cdAN UNA CARTA AL PRESIDENTE BIDEN Y A LOS L\u00cdDERES DEL CONGRESO INSTANDO A LA INCLUSI\u00d3N DE REFORMAS MIGRATORIAS EN LA RECONCILIACI\u00d3N PRESUPUESTARIA &#8212; Coalici\u00f3n 91探花a de Inmigraci\u00f3n Empresarial\",\"isPartOf\":{\"@id\":\"https:\\\/\\\/abic.us\\\/es\\\/#website\"},\"primaryImageOfPage\":{\"@id\":\"https:\\\/\\\/abic.us\\\/es\\\/lideres-empresariales-y-civicos-republicanos-envian-una-carta-al-presidente-biden-y-a-los-lideres-del-congreso-instando-a-la-inclusion-de-reformas-migratorias-en-la-reconciliacion-presupuestaria\\\/#primaryimage\"},\"image\":{\"@id\":\"https:\\\/\\\/abic.us\\\/es\\\/lideres-empresariales-y-civicos-republicanos-envian-una-carta-al-presidente-biden-y-a-los-lideres-del-congreso-instando-a-la-inclusion-de-reformas-migratorias-en-la-reconciliacion-presupuestaria\\\/#primaryimage\"},\"thumbnailUrl\":\"https:\\\/\\\/abic.us\\\/wp-content\\\/uploads\\\/2021\\\/08\\\/ABIC-Meta.jpg\",\"datePublished\":\"2021-08-09T08:07:11+00:00\",\"dateModified\":\"2021-12-03T20:52:23+00:00\",\"breadcrumb\":{\"@id\":\"https:\\\/\\\/abic.us\\\/es\\\/lideres-empresariales-y-civicos-republicanos-envian-una-carta-al-presidente-biden-y-a-los-lideres-del-congreso-instando-a-la-inclusion-de-reformas-migratorias-en-la-reconciliacion-presupuestaria\\\/#breadcrumb\"},\"inLanguage\":\"es\",\"potentialAction\":[{\"@type\":\"ReadAction\",\"target\":[\"https:\\\/\\\/abic.us\\\/es\\\/lideres-empresariales-y-civicos-republicanos-envian-una-carta-al-presidente-biden-y-a-los-lideres-del-congreso-instando-a-la-inclusion-de-reformas-migratorias-en-la-reconciliacion-presupuestaria\\\/\"]}]},{\"@type\":\"ImageObject\",\"inLanguage\":\"es\",\"@id\":\"https:\\\/\\\/abic.us\\\/es\\\/lideres-empresariales-y-civicos-republicanos-envian-una-carta-al-presidente-biden-y-a-los-lideres-del-congreso-instando-a-la-inclusion-de-reformas-migratorias-en-la-reconciliacion-presupuestaria\\\/#primaryimage\",\"url\":\"https:\\\/\\\/abic.us\\\/wp-content\\\/uploads\\\/2021\\\/08\\\/ABIC-Meta.jpg\",\"contentUrl\":\"https:\\\/\\\/abic.us\\\/wp-content\\\/uploads\\\/2021\\\/08\\\/ABIC-Meta.jpg\",\"width\":1200,\"height\":630,\"caption\":\"Metaimagen ABIC\"},{\"@type\":\"BreadcrumbList\",\"@id\":\"https:\\\/\\\/abic.us\\\/es\\\/lideres-empresariales-y-civicos-republicanos-envian-una-carta-al-presidente-biden-y-a-los-lideres-del-congreso-instando-a-la-inclusion-de-reformas-migratorias-en-la-reconciliacion-presupuestaria\\\/#breadcrumb\",\"itemListElement\":[{\"@type\":\"ListItem\",\"position\":1,\"name\":\"Hogar\",\"item\":\"https:\\\/\\\/abic.us\\\/es\\\/\"},{\"@type\":\"ListItem\",\"position\":2,\"name\":\"L\u00cdDERES EMPRESARIALES Y C\u00cdVICOS REPUBLICANOS ENV\u00cdAN UNA CARTA AL PRESIDENTE BIDEN Y A LOS L\u00cdDERES DEL CONGRESO INSTANDO A LA INCLUSI\u00d3N DE REFORMAS MIGRATORIAS EN LA RECONCILIACI\u00d3N PRESUPUESTARIA\"}]},{\"@type\":\"WebSite\",\"@id\":\"https:\\\/\\\/abic.us\\\/es\\\/#website\",\"url\":\"https:\\\/\\\/abic.us\\\/es\\\/\",\"name\":\"Coalici\u00f3n 91探花a de Inmigraci\u00f3n Empresarial\",\"description\":\"Juntos, promoveremos una reforma migratoria sensata que crezca empleos, fortalezca nuestra econom\u00eda y beneficie a todas las familias estadounidenses.\",\"publisher\":{\"@id\":\"https:\\\/\\\/abic.us\\\/es\\\/#organization\"},\"potentialAction\":[{\"@type\":\"SearchAction\",\"target\":{\"@type\":\"EntryPoint\",\"urlTemplate\":\"https:\\\/\\\/abic.us\\\/es\\\/?s={search_term_string}\"},\"query-input\":{\"@type\":\"PropertyValueSpecification\",\"valueRequired\":true,\"valueName\":\"search_term_string\"}}],\"inLanguage\":\"es\"},{\"@type\":\"Organization\",\"@id\":\"https:\\\/\\\/abic.us\\\/es\\\/#organization\",\"name\":\"91探花\",\"url\":\"https:\\\/\\\/abic.us\\\/es\\\/\",\"logo\":{\"@type\":\"ImageObject\",\"inLanguage\":\"es\",\"@id\":\"https:\\\/\\\/abic.us\\\/es\\\/#\\\/schema\\\/logo\\\/image\\\/\",\"url\":\"https:\\\/\\\/abic.us\\\/wp-content\\\/uploads\\\/2021\\\/11\\\/ABIC-Logo.png\",\"contentUrl\":\"https:\\\/\\\/abic.us\\\/wp-content\\\/uploads\\\/2021\\\/11\\\/ABIC-Logo.png\",\"width\":1000,\"height\":260,\"caption\":\"91探花\"},\"image\":{\"@id\":\"https:\\\/\\\/abic.us\\\/es\\\/#\\\/schema\\\/logo\\\/image\\\/\"},\"sameAs\":[\"https:\\\/\\\/www.facebook.com\\\/91探花BIC\",\"https:\\\/\\\/x.com\\\/91探花BIC\"]},{\"@type\":\"Person\",\"@id\":\"https:\\\/\\\/abic.us\\\/es\\\/#\\\/schema\\\/person\\\/58547098a0d3b973c110fd8a36f0e0bb\",\"name\":\"abic\",\"image\":{\"@type\":\"ImageObject\",\"inLanguage\":\"es\",\"@id\":\"https:\\\/\\\/secure.gravatar.com\\\/avatar\\\/4a2893b0ce0ce34781c1e0a9251ffe4322e67c4e95cdf48463d10701c3bd4c8e?s=96&d=mm&r=g\",\"url\":\"https:\\\/\\\/secure.gravatar.com\\\/avatar\\\/4a2893b0ce0ce34781c1e0a9251ffe4322e67c4e95cdf48463d10701c3bd4c8e?s=96&d=mm&r=g\",\"contentUrl\":\"https:\\\/\\\/secure.gravatar.com\\\/avatar\\\/4a2893b0ce0ce34781c1e0a9251ffe4322e67c4e95cdf48463d10701c3bd4c8e?s=96&d=mm&r=g\",\"caption\":\"abic\"},\"sameAs\":[\"https:\\\/\\\/abic.wpengine.com\"]}]}<\/script>\n<!-- \/ Yoast SEO plugin. -->","yoast_head_json":{"title":"L\u00cdDERES EMPRESARIALES Y C\u00cdVICOS REPUBLICANOS ENV\u00cdAN UNA CARTA AL PRESIDENTE BIDEN Y A LOS L\u00cdDERES DEL CONGRESO INSTANDO A LA INCLUSI\u00d3N DE REFORMAS MIGRATORIAS EN LA RECONCILIACI\u00d3N PRESUPUESTARIA &#8212; Coalici\u00f3n 91探花a de Inmigraci\u00f3n Empresarial","robots":{"index":"index","follow":"follow","max-snippet":"max-snippet:-1","max-image-preview":"max-image-preview:large","max-video-preview":"max-video-preview:-1"},"canonical":"https:\/\/abic.us\/es\/lideres-empresariales-y-civicos-republicanos-envian-una-carta-al-presidente-biden-y-a-los-lideres-del-congreso-instando-a-la-inclusion-de-reformas-migratorias-en-la-reconciliacion-presupuestaria\/","og_locale":"es_ES","og_type":"article","og_title":"L\u00cdDERES EMPRESARIALES Y C\u00cdVICOS REPUBLICANOS ENV\u00cdAN UNA CARTA AL PRESIDENTE BIDEN Y A LOS L\u00cdDERES DEL CONGRESO INSTANDO A LA INCLUSI\u00d3N DE REFORMAS MIGRATORIAS EN LA RECONCILIACI\u00d3N PRESUPUESTARIA &#8212; Coalici\u00f3n 91探花a de Inmigraci\u00f3n Empresarial","og_description":"agosto 9, 2021 CONTACTO: Gebe Mart\u00ednez | gmartinez@americanbic.biz | (703-731-9505) L\u00cdDERES EMPRESARIALES Y C\u00cdVICOS REPUBLICANOS ENV\u00cdAN UNA CARTA AL PRESIDENTE BIDEN Y A LOS L\u00cdDERES DEL CONGRESO INSTANDO A LA...","og_url":"https:\/\/abic.us\/es\/lideres-empresariales-y-civicos-republicanos-envian-una-carta-al-presidente-biden-y-a-los-lideres-del-congreso-instando-a-la-inclusion-de-reformas-migratorias-en-la-reconciliacion-presupuestaria\/","og_site_name":"Coalici\u00f3n 91探花a de Inmigraci\u00f3n Empresarial","article_publisher":"https:\/\/www.facebook.com\/91探花BIC","article_published_time":"2021-08-09T08:07:11+00:00","article_modified_time":"2021-12-03T20:52:23+00:00","og_image":[{"width":1200,"height":630,"url":"https:\/\/abic.us\/wp-content\/uploads\/2021\/08\/ABIC-Meta.jpg","type":"image\/jpeg"}],"author":"abic","twitter_card":"summary_large_image","twitter_creator":"@91探花BIC","twitter_site":"@91探花BIC","twitter_misc":{"Escrito por":"abic","Tiempo de lectura":"8 minutos"},"schema":{"@context":"https:\/\/schema.org","@graph":[{"@type":"Article","@id":"https:\/\/abic.us\/es\/lideres-empresariales-y-civicos-republicanos-envian-una-carta-al-presidente-biden-y-a-los-lideres-del-congreso-instando-a-la-inclusion-de-reformas-migratorias-en-la-reconciliacion-presupuestaria\/#article","isPartOf":{"@id":"https:\/\/abic.us\/es\/lideres-empresariales-y-civicos-republicanos-envian-una-carta-al-presidente-biden-y-a-los-lideres-del-congreso-instando-a-la-inclusion-de-reformas-migratorias-en-la-reconciliacion-presupuestaria\/"},"author":{"name":"abic","@id":"https:\/\/abic.us\/es\/#\/schema\/person\/58547098a0d3b973c110fd8a36f0e0bb"},"headline":"L\u00cdDERES EMPRESARIALES Y C\u00cdVICOS REPUBLICANOS ENV\u00cdAN UNA CARTA AL PRESIDENTE BIDEN Y A LOS L\u00cdDERES DEL CONGRESO INSTANDO A LA INCLUSI\u00d3N DE REFORMAS MIGRATORIAS EN LA RECONCILIACI\u00d3N PRESUPUESTARIA","datePublished":"2021-08-09T08:07:11+00:00","dateModified":"2021-12-03T20:52:23+00:00","mainEntityOfPage":{"@id":"https:\/\/abic.us\/es\/lideres-empresariales-y-civicos-republicanos-envian-una-carta-al-presidente-biden-y-a-los-lideres-del-congreso-instando-a-la-inclusion-de-reformas-migratorias-en-la-reconciliacion-presupuestaria\/"},"wordCount":1618,"publisher":{"@id":"https:\/\/abic.us\/es\/#organization"},"image":{"@id":"https:\/\/abic.us\/es\/lideres-empresariales-y-civicos-republicanos-envian-una-carta-al-presidente-biden-y-a-los-lideres-del-congreso-instando-a-la-inclusion-de-reformas-migratorias-en-la-reconciliacion-presupuestaria\/#primaryimage"},"thumbnailUrl":"https:\/\/abic.us\/wp-content\/uploads\/2021\/08\/ABIC-Meta.jpg","articleSection":["Actualizaciones"],"inLanguage":"es"},{"@type":"WebPage","@id":"https:\/\/abic.us\/es\/lideres-empresariales-y-civicos-republicanos-envian-una-carta-al-presidente-biden-y-a-los-lideres-del-congreso-instando-a-la-inclusion-de-reformas-migratorias-en-la-reconciliacion-presupuestaria\/","url":"https:\/\/abic.us\/es\/lideres-empresariales-y-civicos-republicanos-envian-una-carta-al-presidente-biden-y-a-los-lideres-del-congreso-instando-a-la-inclusion-de-reformas-migratorias-en-la-reconciliacion-presupuestaria\/","name":"L\u00cdDERES EMPRESARIALES Y C\u00cdVICOS REPUBLICANOS ENV\u00cdAN UNA CARTA AL PRESIDENTE BIDEN Y A LOS L\u00cdDERES DEL CONGRESO INSTANDO A LA INCLUSI\u00d3N DE REFORMAS MIGRATORIAS EN LA RECONCILIACI\u00d3N PRESUPUESTARIA &#8212; Coalici\u00f3n 91探花a de Inmigraci\u00f3n Empresarial","isPartOf":{"@id":"https:\/\/abic.us\/es\/#website"},"primaryImageOfPage":{"@id":"https:\/\/abic.us\/es\/lideres-empresariales-y-civicos-republicanos-envian-una-carta-al-presidente-biden-y-a-los-lideres-del-congreso-instando-a-la-inclusion-de-reformas-migratorias-en-la-reconciliacion-presupuestaria\/#primaryimage"},"image":{"@id":"https:\/\/abic.us\/es\/lideres-empresariales-y-civicos-republicanos-envian-una-carta-al-presidente-biden-y-a-los-lideres-del-congreso-instando-a-la-inclusion-de-reformas-migratorias-en-la-reconciliacion-presupuestaria\/#primaryimage"},"thumbnailUrl":"https:\/\/abic.us\/wp-content\/uploads\/2021\/08\/ABIC-Meta.jpg","datePublished":"2021-08-09T08:07:11+00:00","dateModified":"2021-12-03T20:52:23+00:00","breadcrumb":{"@id":"https:\/\/abic.us\/es\/lideres-empresariales-y-civicos-republicanos-envian-una-carta-al-presidente-biden-y-a-los-lideres-del-congreso-instando-a-la-inclusion-de-reformas-migratorias-en-la-reconciliacion-presupuestaria\/#breadcrumb"},"inLanguage":"es","potentialAction":[{"@type":"ReadAction","target":["https:\/\/abic.us\/es\/lideres-empresariales-y-civicos-republicanos-envian-una-carta-al-presidente-biden-y-a-los-lideres-del-congreso-instando-a-la-inclusion-de-reformas-migratorias-en-la-reconciliacion-presupuestaria\/"]}]},{"@type":"ImageObject","inLanguage":"es","@id":"https:\/\/abic.us\/es\/lideres-empresariales-y-civicos-republicanos-envian-una-carta-al-presidente-biden-y-a-los-lideres-del-congreso-instando-a-la-inclusion-de-reformas-migratorias-en-la-reconciliacion-presupuestaria\/#primaryimage","url":"https:\/\/abic.us\/wp-content\/uploads\/2021\/08\/ABIC-Meta.jpg","contentUrl":"https:\/\/abic.us\/wp-content\/uploads\/2021\/08\/ABIC-Meta.jpg","width":1200,"height":630,"caption":"Metaimagen ABIC"},{"@type":"BreadcrumbList","@id":"https:\/\/abic.us\/es\/lideres-empresariales-y-civicos-republicanos-envian-una-carta-al-presidente-biden-y-a-los-lideres-del-congreso-instando-a-la-inclusion-de-reformas-migratorias-en-la-reconciliacion-presupuestaria\/#breadcrumb","itemListElement":[{"@type":"ListItem","position":1,"name":"Hogar","item":"https:\/\/abic.us\/es\/"},{"@type":"ListItem","position":2,"name":"L\u00cdDERES EMPRESARIALES Y C\u00cdVICOS REPUBLICANOS ENV\u00cdAN UNA CARTA AL PRESIDENTE BIDEN Y A LOS L\u00cdDERES DEL CONGRESO INSTANDO A LA INCLUSI\u00d3N DE REFORMAS MIGRATORIAS EN LA RECONCILIACI\u00d3N PRESUPUESTARIA"}]},{"@type":"WebSite","@id":"https:\/\/abic.us\/es\/#website","url":"https:\/\/abic.us\/es\/","name":"Coalici\u00f3n 91探花a de Inmigraci\u00f3n Empresarial","description":"Juntos, promoveremos una reforma migratoria sensata que crezca empleos, fortalezca nuestra econom\u00eda y beneficie a todas las familias estadounidenses.","publisher":{"@id":"https:\/\/abic.us\/es\/#organization"},"potentialAction":[{"@type":"SearchAction","target":{"@type":"EntryPoint","urlTemplate":"https:\/\/abic.us\/es\/?s={search_term_string}"},"query-input":{"@type":"PropertyValueSpecification","valueRequired":true,"valueName":"search_term_string"}}],"inLanguage":"es"},{"@type":"Organization","@id":"https:\/\/abic.us\/es\/#organization","name":"91探花","url":"https:\/\/abic.us\/es\/","logo":{"@type":"ImageObject","inLanguage":"es","@id":"https:\/\/abic.us\/es\/#\/schema\/logo\/image\/","url":"https:\/\/abic.us\/wp-content\/uploads\/2021\/11\/ABIC-Logo.png","contentUrl":"https:\/\/abic.us\/wp-content\/uploads\/2021\/11\/ABIC-Logo.png","width":1000,"height":260,"caption":"91探花"},"image":{"@id":"https:\/\/abic.us\/es\/#\/schema\/logo\/image\/"},"sameAs":["https:\/\/www.facebook.com\/91探花BIC","https:\/\/x.com\/91探花BIC"]},{"@type":"Person","@id":"https:\/\/abic.us\/es\/#\/schema\/person\/58547098a0d3b973c110fd8a36f0e0bb","name":"abic","image":{"@type":"ImageObject","inLanguage":"es","@id":"https:\/\/secure.gravatar.com\/avatar\/4a2893b0ce0ce34781c1e0a9251ffe4322e67c4e95cdf48463d10701c3bd4c8e?s=96&d=mm&r=g","url":"https:\/\/secure.gravatar.com\/avatar\/4a2893b0ce0ce34781c1e0a9251ffe4322e67c4e95cdf48463d10701c3bd4c8e?s=96&d=mm&r=g","contentUrl":"https:\/\/secure.gravatar.com\/avatar\/4a2893b0ce0ce34781c1e0a9251ffe4322e67c4e95cdf48463d10701c3bd4c8e?s=96&d=mm&r=g","caption":"abic"},"sameAs":["https:\/\/abic.wpengine.com"]}]}},"_links":{"self":[{"href":"https:\/\/abic.us\/es\/wp-json\/wp\/v2\/posts\/34887","targetHints":{"allow":["GET"]}}],"collection":[{"href":"https:\/\/abic.us\/es\/wp-json\/wp\/v2\/posts"}],"about":[{"href":"https:\/\/abic.us\/es\/wp-json\/wp\/v2\/types\/post"}],"author":[{"embeddable":true,"href":"https:\/\/abic.us\/es\/wp-json\/wp\/v2\/users\/1"}],"replies":[{"embeddable":true,"href":"https:\/\/abic.us\/es\/wp-json\/wp\/v2\/comments?post=34887"}],"version-history":[{"count":0,"href":"https:\/\/abic.us\/es\/wp-json\/wp\/v2\/posts\/34887\/revisions"}],"wp:featuredmedia":[{"embeddable":true,"href":"https:\/\/abic.us\/es\/wp-json\/wp\/v2\/media\/34554"}],"wp:attachment":[{"href":"https:\/\/abic.us\/es\/wp-json\/wp\/v2\/media?parent=34887"}],"wp:term":[{"taxonomy":"category","embeddable":true,"href":"https:\/\/abic.us\/es\/wp-json\/wp\/v2\/categories?post=34887"},{"taxonomy":"post_tag","embeddable":true,"href":"https:\/\/abic.us\/es\/wp-json\/wp\/v2\/tags?post=34887"}],"curies":[{"name":"wp","href":"https:\/\/api.w.org\/{rel}","templated":true}]}}