  {"id":34905,"date":"2021-08-24T15:20:30","date_gmt":"2021-08-24T15:20:30","guid":{"rendered":"https:\/\/abic.wpengine.com\/declaracion-de-abic-sobre-la-aprobacion-de-la-camara-de-representantes-de-la-resolucion-presupuestaria\/"},"modified":"2021-12-03T20:37:23","modified_gmt":"2021-12-03T20:37:23","slug":"declaracion-de-abic-sobre-la-aprobacion-de-la-camara-de-representantes-de-la-resolucion-presupuestaria","status":"publish","type":"post","link":"https:\/\/abic.us\/es\/declaracion-de-abic-sobre-la-aprobacion-de-la-camara-de-representantes-de-la-resolucion-presupuestaria\/","title":{"rendered":"Declaraci\u00f3n de ABIC sobre la aprobaci\u00f3n de la C\u00e1mara de Representantes de la Resoluci\u00f3n presupuestaria"},"content":{"rendered":"\n<figure class=\"wp-block-image size-large\"><img loading=\"lazy\" decoding=\"async\" width=\"1900\" height=\"688\" src=\"https:\/\/abic.imgix.net\/assets\/immigration.reform.now_.logo_.png\" alt=\"\" class=\"wp-image-31488\"\/><\/figure>\n<h2 class=\"wp-block-heading\"><strong>Declaraci\u00f3n de ABIC sobre la aprobaci\u00f3n de la C\u00e1mara de Representantes de la Resoluci\u00f3n presupuestaria<\/strong><\/h2>\n\n<p class=\"wp-block-paragraph\"><em>El impulso contin\u00faa creciendo para las votaciones de la C\u00e1mara de Representantes y el Senado el pr\u00f3ximo mes sobre un proyecto de ley que incluir\u00eda soluciones de inmigraci\u00f3n y estimular\u00eda el crecimiento econ\u00f3mico.<\/em><\/p>\n\n<p class=\"wp-block-paragraph\"><br\/>WASHINGTON, D.C. &#8212; La Coalici\u00f3n Estadounidense de Inmigraci\u00f3n Empresarial (ABIC, por sus alrededores), bipartidista, que organiz\u00f3 a l\u00edderes empresariales, religiosos y c\u00edvicos de ambos partidos, para garantizar que se incluyan soluciones de inmigraci\u00f3n de sentido com\u00fan como parte del proceso presupuestario, emiti\u00f3 la siguiente declaraci\u00f3n de la Directora Adjunta Rovika Rajkishun:<br\/><br\/>\u00abLa presidenta de la C\u00e1mara de Representantes, Nancy Pelosi, y la C\u00e1mara de Representantes merecen un enorme reconocimiento por acercarnos un paso m\u00e1s a las soluciones de inmigraci\u00f3n de sentido com\u00fan que hacen crecer nuestro PIB nacional, estimulan el crecimiento del empleo y aumentan el piso salarial para todos los trabajadores estadounidenses. Esta votaci\u00f3n, tras la reciente aprobaci\u00f3n del Senado, indica la consideraci\u00f3n el pr\u00f3ximo mes del proyecto de ley de reconciliaci\u00f3n presupuestaria que deber\u00eda incluir v\u00edas hacia la ciudadan\u00eda para los Dreamers, los trabajadores agr\u00edcolas, los titulares de permisos de TPS y los trabajadores esenciales que contin\u00faan dedic\u00e1ndose a su trabajo en la primera l\u00ednea de la crisis de COVID-19.<br\/><br\/>\u00abCreemos que las disposiciones de inmigraci\u00f3n pertenecen al proyecto de ley de reconciliaci\u00f3n porque afectan los gastos e ingresos federales. La legalizaci\u00f3n y la ciudadan\u00eda impulsar\u00edan la actividad econ\u00f3mica en $ 121 mil millones al a\u00f1o y los ingresos fiscales federales, estatales y locales aumentar\u00edan en<a href=\"http:\/\/link.mediaoutreach.meltwater.com\/ls\/click?upn=Z5Ymh5668oJULeadT1vlWFtEYT8ZCgSVfo1KBHFABs5hQU3vwNsh-2BEpOL5USbWXRry27pvnRNIkRh4OG-2B1C4EQ-3D-3DwNUM_xD3tL3-2Bvdz-2FT5JH0yjKKmKzNhHUToMyAkijgYUd6GxRFa3gOaQ9Koa46Xxd6XmMxheX-2FEvhg4zgoeDimorSHlpSDQawv1gBtv1cKLahdSvEOQySUzs7ZMA-2B07eKpIEKHDhpqt9nP7ALVasCB9TUOt2Bb-2BqM0S1MDG0kP8YfGMreanIpcE3-2FNkIeLbKSyn4kuuYjzM-2F4SLfkamFm8ukS67NZoP-2FADGU2-2BdH2jqy79rpjqdh5tsLvXR-2FLmFv0HgwIQd2bXFkApG1w-2BUodLHf5zFDTYPP4cLqjoRPuOY0rSuwr1eYjMcCqBH-2F6MP6XVeUbEf-2FT790n3M4MnKPdaTrXF6mdnaI41SAG5DbI2ScDtY3UTzXwdunc7EGxBMNFOvxiGuANwnUkZVgWRNiMs02SjwQ-3D-3D\" target=\"_blank\" rel=\"noreferrer noopener\"> $ 31 mil millones <\/a>cada a\u00f1o.<br\/><br\/>\u00abEstas reformas tambi\u00e9n abordar\u00edan la aguda escasez de mano de obra en todos los sectores. Nuestra econom\u00eda tiene <a href=\"http:\/\/link.mediaoutreach.meltwater.com\/ls\/click?upn=Z5Ymh5668oJULeadT1vlWOmmT8uBWp6Rp5RnfsbIKnqIukny9ylCE42G6xh51hcqqYRpbo5BcgScD-2BV01GOKDw-3D-3DOauh_xD3tL3-2Bvdz-2FT5JH0yjKKmKzNhHUToMyAkijgYUd6GxRFa3gOaQ9Koa46Xxd6XmMxheX-2FEvhg4zgoeDimorSHlpSDQawv1gBtv1cKLahdSvEOQySUzs7ZMA-2B07eKpIEKHDhpqt9nP7ALVasCB9TUOt2Bb-2BqM0S1MDG0kP8YfGMreanIpcE3-2FNkIeLbKSyn4kuuYjzM-2F4SLfkamFm8ukS67NZoP-2FADGU2-2BdH2jqy79rpiR-2FnCkiherA-2FofGhNcIy2r2SkqrVtBk-2FimPKSxCcOVAufB-2Fps39CLI4BBrk404Vsv5JzPJIYp2-2Bvy4nq4uXS3Zvt0GytaUgT2kL6LrHWtnWdJkSFkM9USPlAwJNHwxJ8pFXHAQjHjrMESZ2bvkn5k4MzymwgVP0ZmrBGDc9mLD3Q-3D-3D\" target=\"_blank\" rel=\"noreferrer noopener\">10.1 millones de<\/a> vacantes de empleo y permitir que los inmigrantes indocumentados expandan a\u00fan m\u00e1s su potencial econ\u00f3mico aliviar\u00eda esta escasez de mano de obra.<br\/><br\/>\u00abEl Congreso debe actuar sobre estas disposiciones r\u00e1pidamente para brindar estabilidad a las vidas de los inmigrantes que buscan un estatus legal y a las empresas que los emplean y enfrentan escasez de trabajadores.<br\/><br\/>\u00abEs hora de dejar de lado la pol\u00edtica y hacer lo correcto para nuestra econom\u00eda y para las familias\u00bb.<\/p>\n\n<p class=\"wp-block-paragraph\"><strong>ACERCA DE<\/strong><\/p>\n\n<p class=\"wp-block-paragraph\">La<a href=\"http:\/\/link.mediaoutreach.meltwater.com\/ls\/click?upn=Z5Ymh5668oJULeadT1vlWH0ArQy-2B0l7fJupBT-2FXjbMI-3DDSXw_xD3tL3-2Bvdz-2FT5JH0yjKKmKzNhHUToMyAkijgYUd6GxRFa3gOaQ9Koa46Xxd6XmMxheX-2FEvhg4zgoeDimorSHlpSDQawv1gBtv1cKLahdSvEOQySUzs7ZMA-2B07eKpIEKHDhpqt9nP7ALVasCB9TUOt2Bb-2BqM0S1MDG0kP8YfGMreanIpcE3-2FNkIeLbKSyn4kuuYjzM-2F4SLfkamFm8ukS67NZoP-2FADGU2-2BdH2jqy79rpglx1g7bTGGMPHXkzXECEb-2BccllOmfUxBoA9qTCGg2f2epKcbhD0Oi8HFiTA6nirJYNqZ0kdwg2vTnxMZvwkwbbjDL-2FoevNd7Y3UsIA-2BDcQxLpbCDD1tEqr9eRULJX9IlBRCWxyJRnJAJ3DVdgePHx7r-2FzOE0EbFTdu-2Fsp-2BnfjPzg-3D-3D\" target=\"_blank\" rel=\"noreferrer noopener\"> 91探花<\/a> (ABIC) promueve una reforma migratoria de sentido com\u00fan que promueve la competitividad econ\u00f3mica, proporciona a las empresas tanto el talento altamente calificado como el poco calificado que necesitan, y permite la integraci\u00f3n de los inmigrantes en nuestra econom\u00eda como consumidores, trabajadores, empresarios y ciudadanos. ABIC est\u00e1 activo en estados y comunidades clave de todo el pa\u00eds involucrando a activistas, defensores, l\u00edderes empresariales y funcionarios electos sobre la urgencia de aprobar una reforma migratoria que impulse nuestra econom\u00eda, cree empleos, alivie la escasez de mano de obra y apoye a las familias.<\/p>\n\n<p class=\"wp-block-paragraph\">###<\/p>\n","protected":false},"excerpt":{"rendered":"<p>Declaraci\u00f3n de ABIC sobre la aprobaci\u00f3n de la C\u00e1mara de Representantes de la Resoluci\u00f3n presupuestaria El impulso contin\u00faa creciendo para las votaciones de la C\u00e1mara de Representantes y el Senado&#8230;<\/p>\n","protected":false},"author":1,"featured_media":34554,"comment_status":"closed","ping_status":"closed","sticky":false,"template":"","format":"standard","meta":{"footnotes":""},"categories":[63],"tags":[],"class_list":["post-34905","post","type-post","status-publish","format-standard","has-post-thumbnail","category-actualizaciones"],"yoast_head":"<!-- This site is optimized with the Yoast SEO plugin v28.3 - https:\/\/yoast.com\/product\/yoast-seo-wordpress\/ -->\n<title>Declaraci\u00f3n de ABIC sobre la aprobaci\u00f3n de la C\u00e1mara de Representantes de la Resoluci\u00f3n presupuestaria &#8212; Coalici\u00f3n 91探花a de Inmigraci\u00f3n Empresarial<\/title>\n<meta name=\"description\" content=\"El impulso contin\u00faa creciendo para las votaciones de la C\u00e1mara de Representantes y el Senado el pr\u00f3ximo mes sobre un proyecto de ley que incluir\u00eda soluciones de inmigraci\u00f3n y estimular\u00eda el crecimiento econ\u00f3mico.\" \/>\n<meta name=\"robots\" content=\"index, follow, max-snippet:-1, max-image-preview:large, max-video-preview:-1\" \/>\n<link rel=\"canonical\" href=\"https:\/\/abic.us\/es\/declaracion-de-abic-sobre-la-aprobacion-de-la-camara-de-representantes-de-la-resolucion-presupuestaria\/\" \/>\n<meta property=\"og:locale\" content=\"es_ES\" \/>\n<meta property=\"og:type\" content=\"article\" \/>\n<meta property=\"og:title\" content=\"Declaraci\u00f3n de ABIC sobre la aprobaci\u00f3n de la C\u00e1mara de Representantes de la Resoluci\u00f3n presupuestaria &#8212; Coalici\u00f3n 91探花a de Inmigraci\u00f3n Empresarial\" \/>\n<meta property=\"og:description\" content=\"El impulso contin\u00faa creciendo para las votaciones de la C\u00e1mara de Representantes y el Senado el pr\u00f3ximo mes sobre un proyecto de ley que incluir\u00eda soluciones de inmigraci\u00f3n y estimular\u00eda el crecimiento econ\u00f3mico.\" \/>\n<meta property=\"og:url\" content=\"https:\/\/abic.us\/es\/declaracion-de-abic-sobre-la-aprobacion-de-la-camara-de-representantes-de-la-resolucion-presupuestaria\/\" \/>\n<meta property=\"og:site_name\" content=\"Coalici\u00f3n 91探花a de Inmigraci\u00f3n Empresarial\" \/>\n<meta property=\"article:publisher\" content=\"https:\/\/www.facebook.com\/91探花BIC\" \/>\n<meta property=\"article:published_time\" content=\"2021-08-24T15:20:30+00:00\" \/>\n<meta property=\"article:modified_time\" content=\"2021-12-03T20:37:23+00:00\" \/>\n<meta property=\"og:image\" content=\"https:\/\/abic.us\/wp-content\/uploads\/2021\/08\/ABIC-Meta.jpg\" \/>\n\t<meta property=\"og:image:width\" content=\"1200\" \/>\n\t<meta property=\"og:image:height\" content=\"630\" \/>\n\t<meta property=\"og:image:type\" content=\"image\/jpeg\" \/>\n<meta name=\"author\" content=\"abic\" \/>\n<meta name=\"twitter:card\" content=\"summary_large_image\" \/>\n<meta name=\"twitter:creator\" content=\"@91探花BIC\" \/>\n<meta name=\"twitter:site\" content=\"@91探花BIC\" \/>\n<meta name=\"twitter:label1\" content=\"Escrito por\" \/>\n\t<meta name=\"twitter:data1\" content=\"abic\" \/>\n\t<meta name=\"twitter:label2\" content=\"Tiempo de lectura\" \/>\n\t<meta name=\"twitter:data2\" content=\"3 minutos\" \/>\n<script type=\"application\/ld+json\" class=\"yoast-schema-graph\">{\"@context\":\"https:\\\/\\\/schema.org\",\"@graph\":[{\"@type\":\"Article\",\"@id\":\"https:\\\/\\\/abic.us\\\/es\\\/declaracion-de-abic-sobre-la-aprobacion-de-la-camara-de-representantes-de-la-resolucion-presupuestaria\\\/#article\",\"isPartOf\":{\"@id\":\"https:\\\/\\\/abic.us\\\/es\\\/declaracion-de-abic-sobre-la-aprobacion-de-la-camara-de-representantes-de-la-resolucion-presupuestaria\\\/\"},\"author\":{\"name\":\"abic\",\"@id\":\"https:\\\/\\\/abic.us\\\/es\\\/#\\\/schema\\\/person\\\/58547098a0d3b973c110fd8a36f0e0bb\"},\"headline\":\"Declaraci\u00f3n de ABIC sobre la aprobaci\u00f3n de la C\u00e1mara de Representantes de la Resoluci\u00f3n presupuestaria\",\"datePublished\":\"2021-08-24T15:20:30+00:00\",\"dateModified\":\"2021-12-03T20:37:23+00:00\",\"mainEntityOfPage\":{\"@id\":\"https:\\\/\\\/abic.us\\\/es\\\/declaracion-de-abic-sobre-la-aprobacion-de-la-camara-de-representantes-de-la-resolucion-presupuestaria\\\/\"},\"wordCount\":532,\"publisher\":{\"@id\":\"https:\\\/\\\/abic.us\\\/es\\\/#organization\"},\"image\":{\"@id\":\"https:\\\/\\\/abic.us\\\/es\\\/declaracion-de-abic-sobre-la-aprobacion-de-la-camara-de-representantes-de-la-resolucion-presupuestaria\\\/#primaryimage\"},\"thumbnailUrl\":\"https:\\\/\\\/abic.us\\\/wp-content\\\/uploads\\\/2021\\\/08\\\/ABIC-Meta.jpg\",\"articleSection\":[\"Actualizaciones\"],\"inLanguage\":\"es\"},{\"@type\":\"WebPage\",\"@id\":\"https:\\\/\\\/abic.us\\\/es\\\/declaracion-de-abic-sobre-la-aprobacion-de-la-camara-de-representantes-de-la-resolucion-presupuestaria\\\/\",\"url\":\"https:\\\/\\\/abic.us\\\/es\\\/declaracion-de-abic-sobre-la-aprobacion-de-la-camara-de-representantes-de-la-resolucion-presupuestaria\\\/\",\"name\":\"Declaraci\u00f3n de ABIC sobre la aprobaci\u00f3n de la C\u00e1mara de Representantes de la Resoluci\u00f3n presupuestaria &#8212; Coalici\u00f3n 91探花a de Inmigraci\u00f3n Empresarial\",\"isPartOf\":{\"@id\":\"https:\\\/\\\/abic.us\\\/es\\\/#website\"},\"primaryImageOfPage\":{\"@id\":\"https:\\\/\\\/abic.us\\\/es\\\/declaracion-de-abic-sobre-la-aprobacion-de-la-camara-de-representantes-de-la-resolucion-presupuestaria\\\/#primaryimage\"},\"image\":{\"@id\":\"https:\\\/\\\/abic.us\\\/es\\\/declaracion-de-abic-sobre-la-aprobacion-de-la-camara-de-representantes-de-la-resolucion-presupuestaria\\\/#primaryimage\"},\"thumbnailUrl\":\"https:\\\/\\\/abic.us\\\/wp-content\\\/uploads\\\/2021\\\/08\\\/ABIC-Meta.jpg\",\"datePublished\":\"2021-08-24T15:20:30+00:00\",\"dateModified\":\"2021-12-03T20:37:23+00:00\",\"description\":\"El impulso contin\u00faa creciendo para las votaciones de la C\u00e1mara de Representantes y el Senado el pr\u00f3ximo mes sobre un proyecto de ley que incluir\u00eda soluciones de inmigraci\u00f3n y estimular\u00eda el crecimiento econ\u00f3mico.\",\"breadcrumb\":{\"@id\":\"https:\\\/\\\/abic.us\\\/es\\\/declaracion-de-abic-sobre-la-aprobacion-de-la-camara-de-representantes-de-la-resolucion-presupuestaria\\\/#breadcrumb\"},\"inLanguage\":\"es\",\"potentialAction\":[{\"@type\":\"ReadAction\",\"target\":[\"https:\\\/\\\/abic.us\\\/es\\\/declaracion-de-abic-sobre-la-aprobacion-de-la-camara-de-representantes-de-la-resolucion-presupuestaria\\\/\"]}]},{\"@type\":\"ImageObject\",\"inLanguage\":\"es\",\"@id\":\"https:\\\/\\\/abic.us\\\/es\\\/declaracion-de-abic-sobre-la-aprobacion-de-la-camara-de-representantes-de-la-resolucion-presupuestaria\\\/#primaryimage\",\"url\":\"https:\\\/\\\/abic.us\\\/wp-content\\\/uploads\\\/2021\\\/08\\\/ABIC-Meta.jpg\",\"contentUrl\":\"https:\\\/\\\/abic.us\\\/wp-content\\\/uploads\\\/2021\\\/08\\\/ABIC-Meta.jpg\",\"width\":1200,\"height\":630,\"caption\":\"Metaimagen ABIC\"},{\"@type\":\"BreadcrumbList\",\"@id\":\"https:\\\/\\\/abic.us\\\/es\\\/declaracion-de-abic-sobre-la-aprobacion-de-la-camara-de-representantes-de-la-resolucion-presupuestaria\\\/#breadcrumb\",\"itemListElement\":[{\"@type\":\"ListItem\",\"position\":1,\"name\":\"Hogar\",\"item\":\"https:\\\/\\\/abic.us\\\/es\\\/\"},{\"@type\":\"ListItem\",\"position\":2,\"name\":\"Declaraci\u00f3n de ABIC sobre la aprobaci\u00f3n de la C\u00e1mara de Representantes de la Resoluci\u00f3n presupuestaria\"}]},{\"@type\":\"WebSite\",\"@id\":\"https:\\\/\\\/abic.us\\\/es\\\/#website\",\"url\":\"https:\\\/\\\/abic.us\\\/es\\\/\",\"name\":\"Coalici\u00f3n 91探花a de Inmigraci\u00f3n Empresarial\",\"description\":\"Juntos, promoveremos una reforma migratoria sensata que crezca empleos, fortalezca nuestra econom\u00eda y beneficie a todas las familias estadounidenses.\",\"publisher\":{\"@id\":\"https:\\\/\\\/abic.us\\\/es\\\/#organization\"},\"potentialAction\":[{\"@type\":\"SearchAction\",\"target\":{\"@type\":\"EntryPoint\",\"urlTemplate\":\"https:\\\/\\\/abic.us\\\/es\\\/?s={search_term_string}\"},\"query-input\":{\"@type\":\"PropertyValueSpecification\",\"valueRequired\":true,\"valueName\":\"search_term_string\"}}],\"inLanguage\":\"es\"},{\"@type\":\"Organization\",\"@id\":\"https:\\\/\\\/abic.us\\\/es\\\/#organization\",\"name\":\"91探花\",\"url\":\"https:\\\/\\\/abic.us\\\/es\\\/\",\"logo\":{\"@type\":\"ImageObject\",\"inLanguage\":\"es\",\"@id\":\"https:\\\/\\\/abic.us\\\/es\\\/#\\\/schema\\\/logo\\\/image\\\/\",\"url\":\"https:\\\/\\\/abic.us\\\/wp-content\\\/uploads\\\/2021\\\/11\\\/ABIC-Logo.png\",\"contentUrl\":\"https:\\\/\\\/abic.us\\\/wp-content\\\/uploads\\\/2021\\\/11\\\/ABIC-Logo.png\",\"width\":1000,\"height\":260,\"caption\":\"91探花\"},\"image\":{\"@id\":\"https:\\\/\\\/abic.us\\\/es\\\/#\\\/schema\\\/logo\\\/image\\\/\"},\"sameAs\":[\"https:\\\/\\\/www.facebook.com\\\/91探花BIC\",\"https:\\\/\\\/x.com\\\/91探花BIC\"]},{\"@type\":\"Person\",\"@id\":\"https:\\\/\\\/abic.us\\\/es\\\/#\\\/schema\\\/person\\\/58547098a0d3b973c110fd8a36f0e0bb\",\"name\":\"abic\",\"image\":{\"@type\":\"ImageObject\",\"inLanguage\":\"es\",\"@id\":\"https:\\\/\\\/secure.gravatar.com\\\/avatar\\\/4a2893b0ce0ce34781c1e0a9251ffe4322e67c4e95cdf48463d10701c3bd4c8e?s=96&d=mm&r=g\",\"url\":\"https:\\\/\\\/secure.gravatar.com\\\/avatar\\\/4a2893b0ce0ce34781c1e0a9251ffe4322e67c4e95cdf48463d10701c3bd4c8e?s=96&d=mm&r=g\",\"contentUrl\":\"https:\\\/\\\/secure.gravatar.com\\\/avatar\\\/4a2893b0ce0ce34781c1e0a9251ffe4322e67c4e95cdf48463d10701c3bd4c8e?s=96&d=mm&r=g\",\"caption\":\"abic\"},\"sameAs\":[\"https:\\\/\\\/abic.wpengine.com\"]}]}<\/script>\n<!-- \/ Yoast SEO plugin. -->","yoast_head_json":{"title":"Declaraci\u00f3n de ABIC sobre la aprobaci\u00f3n de la C\u00e1mara de Representantes de la Resoluci\u00f3n presupuestaria &#8212; Coalici\u00f3n 91探花a de Inmigraci\u00f3n Empresarial","description":"El impulso contin\u00faa creciendo para las votaciones de la C\u00e1mara de Representantes y el Senado el pr\u00f3ximo mes sobre un proyecto de ley que incluir\u00eda soluciones de inmigraci\u00f3n y estimular\u00eda el crecimiento econ\u00f3mico.","robots":{"index":"index","follow":"follow","max-snippet":"max-snippet:-1","max-image-preview":"max-image-preview:large","max-video-preview":"max-video-preview:-1"},"canonical":"https:\/\/abic.us\/es\/declaracion-de-abic-sobre-la-aprobacion-de-la-camara-de-representantes-de-la-resolucion-presupuestaria\/","og_locale":"es_ES","og_type":"article","og_title":"Declaraci\u00f3n de ABIC sobre la aprobaci\u00f3n de la C\u00e1mara de Representantes de la Resoluci\u00f3n presupuestaria &#8212; Coalici\u00f3n 91探花a de Inmigraci\u00f3n Empresarial","og_description":"El impulso contin\u00faa creciendo para las votaciones de la C\u00e1mara de Representantes y el Senado el pr\u00f3ximo mes sobre un proyecto de ley que incluir\u00eda soluciones de inmigraci\u00f3n y estimular\u00eda el crecimiento econ\u00f3mico.","og_url":"https:\/\/abic.us\/es\/declaracion-de-abic-sobre-la-aprobacion-de-la-camara-de-representantes-de-la-resolucion-presupuestaria\/","og_site_name":"Coalici\u00f3n 91探花a de Inmigraci\u00f3n Empresarial","article_publisher":"https:\/\/www.facebook.com\/91探花BIC","article_published_time":"2021-08-24T15:20:30+00:00","article_modified_time":"2021-12-03T20:37:23+00:00","og_image":[{"width":1200,"height":630,"url":"https:\/\/abic.us\/wp-content\/uploads\/2021\/08\/ABIC-Meta.jpg","type":"image\/jpeg"}],"author":"abic","twitter_card":"summary_large_image","twitter_creator":"@91探花BIC","twitter_site":"@91探花BIC","twitter_misc":{"Escrito por":"abic","Tiempo de lectura":"3 minutos"},"schema":{"@context":"https:\/\/schema.org","@graph":[{"@type":"Article","@id":"https:\/\/abic.us\/es\/declaracion-de-abic-sobre-la-aprobacion-de-la-camara-de-representantes-de-la-resolucion-presupuestaria\/#article","isPartOf":{"@id":"https:\/\/abic.us\/es\/declaracion-de-abic-sobre-la-aprobacion-de-la-camara-de-representantes-de-la-resolucion-presupuestaria\/"},"author":{"name":"abic","@id":"https:\/\/abic.us\/es\/#\/schema\/person\/58547098a0d3b973c110fd8a36f0e0bb"},"headline":"Declaraci\u00f3n de ABIC sobre la aprobaci\u00f3n de la C\u00e1mara de Representantes de la Resoluci\u00f3n presupuestaria","datePublished":"2021-08-24T15:20:30+00:00","dateModified":"2021-12-03T20:37:23+00:00","mainEntityOfPage":{"@id":"https:\/\/abic.us\/es\/declaracion-de-abic-sobre-la-aprobacion-de-la-camara-de-representantes-de-la-resolucion-presupuestaria\/"},"wordCount":532,"publisher":{"@id":"https:\/\/abic.us\/es\/#organization"},"image":{"@id":"https:\/\/abic.us\/es\/declaracion-de-abic-sobre-la-aprobacion-de-la-camara-de-representantes-de-la-resolucion-presupuestaria\/#primaryimage"},"thumbnailUrl":"https:\/\/abic.us\/wp-content\/uploads\/2021\/08\/ABIC-Meta.jpg","articleSection":["Actualizaciones"],"inLanguage":"es"},{"@type":"WebPage","@id":"https:\/\/abic.us\/es\/declaracion-de-abic-sobre-la-aprobacion-de-la-camara-de-representantes-de-la-resolucion-presupuestaria\/","url":"https:\/\/abic.us\/es\/declaracion-de-abic-sobre-la-aprobacion-de-la-camara-de-representantes-de-la-resolucion-presupuestaria\/","name":"Declaraci\u00f3n de ABIC sobre la aprobaci\u00f3n de la C\u00e1mara de Representantes de la Resoluci\u00f3n presupuestaria &#8212; Coalici\u00f3n 91探花a de Inmigraci\u00f3n Empresarial","isPartOf":{"@id":"https:\/\/abic.us\/es\/#website"},"primaryImageOfPage":{"@id":"https:\/\/abic.us\/es\/declaracion-de-abic-sobre-la-aprobacion-de-la-camara-de-representantes-de-la-resolucion-presupuestaria\/#primaryimage"},"image":{"@id":"https:\/\/abic.us\/es\/declaracion-de-abic-sobre-la-aprobacion-de-la-camara-de-representantes-de-la-resolucion-presupuestaria\/#primaryimage"},"thumbnailUrl":"https:\/\/abic.us\/wp-content\/uploads\/2021\/08\/ABIC-Meta.jpg","datePublished":"2021-08-24T15:20:30+00:00","dateModified":"2021-12-03T20:37:23+00:00","description":"El impulso contin\u00faa creciendo para las votaciones de la C\u00e1mara de Representantes y el Senado el pr\u00f3ximo mes sobre un proyecto de ley que incluir\u00eda soluciones de inmigraci\u00f3n y estimular\u00eda el crecimiento econ\u00f3mico.","breadcrumb":{"@id":"https:\/\/abic.us\/es\/declaracion-de-abic-sobre-la-aprobacion-de-la-camara-de-representantes-de-la-resolucion-presupuestaria\/#breadcrumb"},"inLanguage":"es","potentialAction":[{"@type":"ReadAction","target":["https:\/\/abic.us\/es\/declaracion-de-abic-sobre-la-aprobacion-de-la-camara-de-representantes-de-la-resolucion-presupuestaria\/"]}]},{"@type":"ImageObject","inLanguage":"es","@id":"https:\/\/abic.us\/es\/declaracion-de-abic-sobre-la-aprobacion-de-la-camara-de-representantes-de-la-resolucion-presupuestaria\/#primaryimage","url":"https:\/\/abic.us\/wp-content\/uploads\/2021\/08\/ABIC-Meta.jpg","contentUrl":"https:\/\/abic.us\/wp-content\/uploads\/2021\/08\/ABIC-Meta.jpg","width":1200,"height":630,"caption":"Metaimagen ABIC"},{"@type":"BreadcrumbList","@id":"https:\/\/abic.us\/es\/declaracion-de-abic-sobre-la-aprobacion-de-la-camara-de-representantes-de-la-resolucion-presupuestaria\/#breadcrumb","itemListElement":[{"@type":"ListItem","position":1,"name":"Hogar","item":"https:\/\/abic.us\/es\/"},{"@type":"ListItem","position":2,"name":"Declaraci\u00f3n de ABIC sobre la aprobaci\u00f3n de la C\u00e1mara de Representantes de la Resoluci\u00f3n presupuestaria"}]},{"@type":"WebSite","@id":"https:\/\/abic.us\/es\/#website","url":"https:\/\/abic.us\/es\/","name":"Coalici\u00f3n 91探花a de Inmigraci\u00f3n Empresarial","description":"Juntos, promoveremos una reforma migratoria sensata que crezca empleos, fortalezca nuestra econom\u00eda y beneficie a todas las familias estadounidenses.","publisher":{"@id":"https:\/\/abic.us\/es\/#organization"},"potentialAction":[{"@type":"SearchAction","target":{"@type":"EntryPoint","urlTemplate":"https:\/\/abic.us\/es\/?s={search_term_string}"},"query-input":{"@type":"PropertyValueSpecification","valueRequired":true,"valueName":"search_term_string"}}],"inLanguage":"es"},{"@type":"Organization","@id":"https:\/\/abic.us\/es\/#organization","name":"91探花","url":"https:\/\/abic.us\/es\/","logo":{"@type":"ImageObject","inLanguage":"es","@id":"https:\/\/abic.us\/es\/#\/schema\/logo\/image\/","url":"https:\/\/abic.us\/wp-content\/uploads\/2021\/11\/ABIC-Logo.png","contentUrl":"https:\/\/abic.us\/wp-content\/uploads\/2021\/11\/ABIC-Logo.png","width":1000,"height":260,"caption":"91探花"},"image":{"@id":"https:\/\/abic.us\/es\/#\/schema\/logo\/image\/"},"sameAs":["https:\/\/www.facebook.com\/91探花BIC","https:\/\/x.com\/91探花BIC"]},{"@type":"Person","@id":"https:\/\/abic.us\/es\/#\/schema\/person\/58547098a0d3b973c110fd8a36f0e0bb","name":"abic","image":{"@type":"ImageObject","inLanguage":"es","@id":"https:\/\/secure.gravatar.com\/avatar\/4a2893b0ce0ce34781c1e0a9251ffe4322e67c4e95cdf48463d10701c3bd4c8e?s=96&d=mm&r=g","url":"https:\/\/secure.gravatar.com\/avatar\/4a2893b0ce0ce34781c1e0a9251ffe4322e67c4e95cdf48463d10701c3bd4c8e?s=96&d=mm&r=g","contentUrl":"https:\/\/secure.gravatar.com\/avatar\/4a2893b0ce0ce34781c1e0a9251ffe4322e67c4e95cdf48463d10701c3bd4c8e?s=96&d=mm&r=g","caption":"abic"},"sameAs":["https:\/\/abic.wpengine.com"]}]}},"_links":{"self":[{"href":"https:\/\/abic.us\/es\/wp-json\/wp\/v2\/posts\/34905","targetHints":{"allow":["GET"]}}],"collection":[{"href":"https:\/\/abic.us\/es\/wp-json\/wp\/v2\/posts"}],"about":[{"href":"https:\/\/abic.us\/es\/wp-json\/wp\/v2\/types\/post"}],"author":[{"embeddable":true,"href":"https:\/\/abic.us\/es\/wp-json\/wp\/v2\/users\/1"}],"replies":[{"embeddable":true,"href":"https:\/\/abic.us\/es\/wp-json\/wp\/v2\/comments?post=34905"}],"version-history":[{"count":0,"href":"https:\/\/abic.us\/es\/wp-json\/wp\/v2\/posts\/34905\/revisions"}],"wp:featuredmedia":[{"embeddable":true,"href":"https:\/\/abic.us\/es\/wp-json\/wp\/v2\/media\/34554"}],"wp:attachment":[{"href":"https:\/\/abic.us\/es\/wp-json\/wp\/v2\/media?parent=34905"}],"wp:term":[{"taxonomy":"category","embeddable":true,"href":"https:\/\/abic.us\/es\/wp-json\/wp\/v2\/categories?post=34905"},{"taxonomy":"post_tag","embeddable":true,"href":"https:\/\/abic.us\/es\/wp-json\/wp\/v2\/tags?post=34905"}],"curies":[{"name":"wp","href":"https:\/\/api.w.org\/{rel}","templated":true}]}}