  {"id":34925,"date":"2021-05-31T21:16:30","date_gmt":"2021-05-31T21:16:30","guid":{"rendered":"https:\/\/abic.wpengine.com\/senado-de-illinois-aprueba-proyecto-de-ley-que-permite-a-los-defensores-publicos-representar-a-inmigrantes-que-enfrentan-deportacion\/"},"modified":"2021-12-03T20:19:13","modified_gmt":"2021-12-03T20:19:13","slug":"senado-de-illinois-aprueba-proyecto-de-ley-que-permite-a-los-defensores-publicos-representar-a-inmigrantes-que-enfrentan-deportacion","status":"publish","type":"post","link":"https:\/\/abic.us\/es\/senado-de-illinois-aprueba-proyecto-de-ley-que-permite-a-los-defensores-publicos-representar-a-inmigrantes-que-enfrentan-deportacion\/","title":{"rendered":"Senado de Illinois aprueba proyecto de ley que permite a los defensores p\u00fablicos representar a inmigrantes que enfrentan deportaci\u00f3n"},"content":{"rendered":"\n<figure class=\"wp-block-image size-large\"><img loading=\"lazy\" decoding=\"async\" width=\"1900\" height=\"1267\" src=\"https:\/\/abic.imgix.net\/assets\/public_defender.jpg\" alt=\"\" class=\"wp-image-31382\"\/><\/figure>\n<h2 class=\"wp-block-heading\"><strong>Senado de Illinois aprueba proyecto de ley que permite a los defensores p\u00fablicos representar a inmigrantes que enfrentan deportaci\u00f3n<\/strong><\/h2>\n\n<p class=\"wp-block-paragraph\"><strong>CHICAGO, IL<\/strong> \u2014 El Senado de Illinois vot\u00f3 hoy 36 a 18 para aprobar la HB2790, que dar\u00eda a los defensores p\u00fablicos en el condado de Cook la discreci\u00f3n de representar a los no ciudadanos ante la Corte de Inmigraci\u00f3n de Chicago. La C\u00e1mara de Representantes de Illinois aprob\u00f3 el proyecto de ley el mes pasado y ahora el proyecto de ley se enviar\u00e1 al gobernador para que lo firme. Si es firmado por el gobernador J.B. Pritzker, el condado de Cook se convertir\u00eda en la tercera jurisdicci\u00f3n del pa\u00eds en ofrecer representaci\u00f3n, a trav\u00e9s de la Oficina del Defensor P\u00fablico, a los inmigrantes que enfrentan la deportaci\u00f3n. Las otras dos jurisdicciones son San Francisco y el condado de Alameda, en California.<\/p>\n\n<p class=\"wp-block-paragraph\">El a\u00f1o pasado, la coalici\u00f3n Defensores para Todos abog\u00f3 con \u00e9xito por la creaci\u00f3n y financiaci\u00f3n de una unidad de inmigraci\u00f3n dedicada dentro de la Oficina del Defensor P\u00fablico del Condado de Cook (CCPD) para proteger a los inmigrantes contra la deportaci\u00f3n. Como resultado, el CCPD contrat\u00f3 a su primer abogado de inmigraci\u00f3n como supervisor de la unidad de inmigraci\u00f3n. En noviembre de 2020, la Junta del Condado de Cook asign\u00f3 $ 350,000 a la unidad.<\/p>\n\n<p class=\"wp-block-paragraph\">Debido al mayor entrelazamiento de nuestras leyes de inmigraci\u00f3n y leyes penales, los no ciudadanos en la corte penal pueden enfrentar consecuencias significativas si no son asesorados adecuadamente por un abogado con experiencia en leyes de inmigraci\u00f3n. Sin embargo, los inmigrantes tienen 10.5 veces m\u00e1s probabilidades de tener un resultado exitoso en sus procedimientos de inmigraci\u00f3n si tienen representaci\u00f3n legal.<\/p>\n\n<p class=\"wp-block-paragraph\">En nombre de los m\u00e1s de 40 l\u00edderes inmigrantes, organizaciones comunitarias y proveedores de servicios legales que apoyaron la creaci\u00f3n de una unidad de inmigraci\u00f3n totalmente financiada dentro del CCPD, agradecemos a los patrocinadores principales, el senador Omar Aquino y Robert Peters, por su liderazgo en la aprobaci\u00f3n del proyecto de ley. Tambi\u00e9n agradecemos a <strong>los L\u00edderes Adjuntos de la Mayor\u00eda Antonio Mu\u00f1oz y Jaqueline Y. Collins, <\/strong> as\u00ed como a los otros 11 copatrocinadores en el Senado de Illinois por su apoyo para garantizar que los inmigrantes en Illinois tengan la misma protecci\u00f3n bajo la ley.<\/p>\n\n<p class=\"wp-block-paragraph\"><em>\u00abEstamos agradecidos con el senador Omar Aquino y el senador Robert Peters por ser los principales patrocinadores de HB2790 en el Senado. Gracias a su liderazgo, este proyecto de ley sali\u00f3 del Senado de Illinois y ahora est\u00e1 en camino al Escritorio del Gobernador Pritzker\u00bb<\/em> &#8211;  <strong>Sharone R. Mitchell, Jr.,<\/strong>Defensora P\u00fablica del Condado de Cook.<\/p>\n\n<p class=\"wp-block-paragraph\"><em>\u00abTodos merecen el debido proceso bajo la ley HB-2790 nos lleva un paso m\u00e1s cerca de garantizar que los inmigrantes est\u00e9n representados de manera justa. Agradecemos a la Asamblea General de Illinois, especialmente a los l\u00edderes del proyecto de ley, el senador Omar Aquino, el senador Peter Roberts, la representante Jennifer Gong-Gershowitz y el presidente Chris Welch por patrocinar y aprobar hb-2790 y proteger los derechos de los inmigrantes\u00bb.<\/em>  \u2013 Ere Rend\u00f3n,  <strong>El Proyecto resurrecci\u00f3n<\/strong>.<\/p>\n\n<p class=\"wp-block-paragraph\">\u00ab<em>Programas como D4A aseguran que todas las personas tengan la oportunidad de acceder a todos los sistemas de justicia sin importar qui\u00e9nes sean y de d\u00f3nde vengan. D4A es un paso gigante hacia la equidad, la equidad y la justicia bajo la ley para los inmigrantes, sus familias y nuestras comunidades.<\/em>\u00bb \u2013 <strong>Tanya Woods, Centro de Justicia Westside<\/strong><\/p>\n\n<p class=\"wp-block-paragraph\"><strong>\u00ab<\/strong><em>En nombre de nuestros l\u00edderes y miembros empresariales,<\/em><strong><em> <\/em><\/strong><em>La Coalici\u00f3n de Inmigraci\u00f3n Empresarial de Illinois aplaude a la Asamblea General de Illinois por esta monumental victoria en la promover el Debido Proceso para los inmigrantes en todo el estado. Esta pol\u00edtica no solo es lo correcto, sino que tambi\u00e9n es econ\u00f3micamente inteligente.<\/em>\u00bb &#8211; <strong>Rebecca Shi, Coalici\u00f3n de Inmigraci\u00f3n Empresarial de Illinois.<\/strong><\/p>\n\n<p class=\"wp-block-paragraph\">\u00ab<em>La aprobaci\u00f3n de HB 2790 es una victoria monumental para la comunidad inmigrante. Este proyecto de ley recientemente aprobado garantiza que, adem\u00e1s de recibir una representaci\u00f3n experta de defensores p\u00fablicos en los tribunales penales, los no ciudadanos tambi\u00e9n puedan recibir su representaci\u00f3n legal en los procedimientos de inmigraci\u00f3n. El Foro est\u00e1 agradecido a nuestros socios de la coalici\u00f3n y a la legislatura de Illinois por liderar un proyecto de ley tan inclusivo que proporcionar\u00e1 a los no ciudadanos una mayor probabilidad de no ser detenidos o deportados y realmente permitir\u00e1 a las familias inmigrantes la oportunidad de permanecer juntas.<\/em>\u00bb &#8211; <strong>Foro de Pol\u00edtica Latina<\/strong><\/p>\n\n<p class=\"wp-block-paragraph\">Este proyecto de ley permitir\u00e1 a la Unidad de Inmigraci\u00f3n representar a los no ciudadanos que enfrentan la deportaci\u00f3n, y que de lo contrario se ver\u00edan obligados a defenderse pro se en los procedimientos judiciales de inmigraci\u00f3n. Reconocemos la importancia de la representaci\u00f3n para todos y trabajaremos para garantizar que los inmigrantes en nuestra comunidad tengan un d\u00eda significativo en la corte.<\/p>\n\n<p class=\"wp-block-paragraph\"><em> <\/em> <strong> <em>La Coalici\u00f3n de Defensores por Todos (D4A)<\/em>\n  \n<\/strong><em>  representa a m\u00e1s de 40 organizaciones que apoyan la creaci\u00f3n de una unidad de inmigraci\u00f3n dedicada dentro de la Oficina del Defensor P\u00fablico del Condado de Cook. Siga el trabajo de D4A en  <\/em><a href=\"https:\/\/www.facebook.com\/Defenders-for-All-Coalition-115186483603012\/?view_public_for=115186483603012\"><em>Facebook<\/em>\n  \n<\/a> <em> y <\/em> <a href=\"https:\/\/twitter.com\/d4a_il\"><em>Twitter.<\/em>\n  \n<\/a><em> <\/em><\/p>\n\n<p class=\"wp-block-paragraph\">###<\/p>\n","protected":false},"excerpt":{"rendered":"<p>Senado de Illinois aprueba proyecto de ley que permite a los defensores p\u00fablicos representar a inmigrantes que enfrentan deportaci\u00f3n CHICAGO, IL \u2014 El Senado de Illinois vot\u00f3 hoy 36 a&#8230;<\/p>\n","protected":false},"author":1,"featured_media":0,"comment_status":"closed","ping_status":"closed","sticky":false,"template":"","format":"standard","meta":{"footnotes":""},"categories":[63],"tags":[],"class_list":["post-34925","post","type-post","status-publish","format-standard","category-actualizaciones"],"yoast_head":"<!-- This site is optimized with the Yoast SEO plugin v28.3 - https:\/\/yoast.com\/product\/yoast-seo-wordpress\/ -->\n<title>Senado de Illinois aprueba proyecto de ley que permite a los defensores p\u00fablicos representar a inmigrantes que enfrentan deportaci\u00f3n &#8212; Coalici\u00f3n 91探花a de Inmigraci\u00f3n Empresarial<\/title>\n<meta name=\"robots\" content=\"index, follow, max-snippet:-1, max-image-preview:large, max-video-preview:-1\" \/>\n<link rel=\"canonical\" href=\"https:\/\/abic.us\/es\/senado-de-illinois-aprueba-proyecto-de-ley-que-permite-a-los-defensores-publicos-representar-a-inmigrantes-que-enfrentan-deportacion\/\" \/>\n<meta property=\"og:locale\" content=\"es_ES\" \/>\n<meta property=\"og:type\" content=\"article\" \/>\n<meta property=\"og:title\" content=\"Senado de Illinois aprueba proyecto de ley que permite a los defensores p\u00fablicos representar a inmigrantes que enfrentan deportaci\u00f3n &#8212; Coalici\u00f3n 91探花a de Inmigraci\u00f3n Empresarial\" \/>\n<meta property=\"og:description\" content=\"Senado de Illinois aprueba proyecto de ley que permite a los defensores p\u00fablicos representar a inmigrantes que enfrentan deportaci\u00f3n CHICAGO, IL \u2014 El Senado de Illinois vot\u00f3 hoy 36 a...\" \/>\n<meta property=\"og:url\" content=\"https:\/\/abic.us\/es\/senado-de-illinois-aprueba-proyecto-de-ley-que-permite-a-los-defensores-publicos-representar-a-inmigrantes-que-enfrentan-deportacion\/\" \/>\n<meta property=\"og:site_name\" content=\"Coalici\u00f3n 91探花a de Inmigraci\u00f3n Empresarial\" \/>\n<meta property=\"article:publisher\" content=\"https:\/\/www.facebook.com\/91探花BIC\" \/>\n<meta property=\"article:published_time\" content=\"2021-05-31T21:16:30+00:00\" \/>\n<meta property=\"article:modified_time\" content=\"2021-12-03T20:19:13+00:00\" \/>\n<meta property=\"og:image\" content=\"https:\/\/abic.imgix.net\/assets\/public_defender.jpg\" \/>\n<meta name=\"author\" content=\"abic\" \/>\n<meta name=\"twitter:card\" content=\"summary_large_image\" \/>\n<meta name=\"twitter:creator\" content=\"@91探花BIC\" \/>\n<meta name=\"twitter:site\" content=\"@91探花BIC\" \/>\n<meta name=\"twitter:label1\" content=\"Escrito por\" \/>\n\t<meta name=\"twitter:data1\" content=\"abic\" \/>\n\t<meta name=\"twitter:label2\" content=\"Tiempo de lectura\" \/>\n\t<meta name=\"twitter:data2\" content=\"4 minutos\" \/>\n<script type=\"application\/ld+json\" class=\"yoast-schema-graph\">{\"@context\":\"https:\\\/\\\/schema.org\",\"@graph\":[{\"@type\":\"Article\",\"@id\":\"https:\\\/\\\/abic.us\\\/es\\\/senado-de-illinois-aprueba-proyecto-de-ley-que-permite-a-los-defensores-publicos-representar-a-inmigrantes-que-enfrentan-deportacion\\\/#article\",\"isPartOf\":{\"@id\":\"https:\\\/\\\/abic.us\\\/es\\\/senado-de-illinois-aprueba-proyecto-de-ley-que-permite-a-los-defensores-publicos-representar-a-inmigrantes-que-enfrentan-deportacion\\\/\"},\"author\":{\"name\":\"abic\",\"@id\":\"https:\\\/\\\/abic.us\\\/es\\\/#\\\/schema\\\/person\\\/58547098a0d3b973c110fd8a36f0e0bb\"},\"headline\":\"Senado de Illinois aprueba proyecto de ley que permite a los defensores p\u00fablicos representar a inmigrantes que enfrentan deportaci\u00f3n\",\"datePublished\":\"2021-05-31T21:16:30+00:00\",\"dateModified\":\"2021-12-03T20:19:13+00:00\",\"mainEntityOfPage\":{\"@id\":\"https:\\\/\\\/abic.us\\\/es\\\/senado-de-illinois-aprueba-proyecto-de-ley-que-permite-a-los-defensores-publicos-representar-a-inmigrantes-que-enfrentan-deportacion\\\/\"},\"wordCount\":919,\"publisher\":{\"@id\":\"https:\\\/\\\/abic.us\\\/es\\\/#organization\"},\"image\":{\"@id\":\"https:\\\/\\\/abic.us\\\/es\\\/senado-de-illinois-aprueba-proyecto-de-ley-que-permite-a-los-defensores-publicos-representar-a-inmigrantes-que-enfrentan-deportacion\\\/#primaryimage\"},\"thumbnailUrl\":\"https:\\\/\\\/abic.imgix.net\\\/assets\\\/public_defender.jpg\",\"articleSection\":[\"Actualizaciones\"],\"inLanguage\":\"es\"},{\"@type\":\"WebPage\",\"@id\":\"https:\\\/\\\/abic.us\\\/es\\\/senado-de-illinois-aprueba-proyecto-de-ley-que-permite-a-los-defensores-publicos-representar-a-inmigrantes-que-enfrentan-deportacion\\\/\",\"url\":\"https:\\\/\\\/abic.us\\\/es\\\/senado-de-illinois-aprueba-proyecto-de-ley-que-permite-a-los-defensores-publicos-representar-a-inmigrantes-que-enfrentan-deportacion\\\/\",\"name\":\"Senado de Illinois aprueba proyecto de ley que permite a los defensores p\u00fablicos representar a inmigrantes que enfrentan deportaci\u00f3n &#8212; Coalici\u00f3n 91探花a de Inmigraci\u00f3n Empresarial\",\"isPartOf\":{\"@id\":\"https:\\\/\\\/abic.us\\\/es\\\/#website\"},\"primaryImageOfPage\":{\"@id\":\"https:\\\/\\\/abic.us\\\/es\\\/senado-de-illinois-aprueba-proyecto-de-ley-que-permite-a-los-defensores-publicos-representar-a-inmigrantes-que-enfrentan-deportacion\\\/#primaryimage\"},\"image\":{\"@id\":\"https:\\\/\\\/abic.us\\\/es\\\/senado-de-illinois-aprueba-proyecto-de-ley-que-permite-a-los-defensores-publicos-representar-a-inmigrantes-que-enfrentan-deportacion\\\/#primaryimage\"},\"thumbnailUrl\":\"https:\\\/\\\/abic.imgix.net\\\/assets\\\/public_defender.jpg\",\"datePublished\":\"2021-05-31T21:16:30+00:00\",\"dateModified\":\"2021-12-03T20:19:13+00:00\",\"breadcrumb\":{\"@id\":\"https:\\\/\\\/abic.us\\\/es\\\/senado-de-illinois-aprueba-proyecto-de-ley-que-permite-a-los-defensores-publicos-representar-a-inmigrantes-que-enfrentan-deportacion\\\/#breadcrumb\"},\"inLanguage\":\"es\",\"potentialAction\":[{\"@type\":\"ReadAction\",\"target\":[\"https:\\\/\\\/abic.us\\\/es\\\/senado-de-illinois-aprueba-proyecto-de-ley-que-permite-a-los-defensores-publicos-representar-a-inmigrantes-que-enfrentan-deportacion\\\/\"]}]},{\"@type\":\"ImageObject\",\"inLanguage\":\"es\",\"@id\":\"https:\\\/\\\/abic.us\\\/es\\\/senado-de-illinois-aprueba-proyecto-de-ley-que-permite-a-los-defensores-publicos-representar-a-inmigrantes-que-enfrentan-deportacion\\\/#primaryimage\",\"url\":\"https:\\\/\\\/abic.imgix.net\\\/assets\\\/public_defender.jpg\",\"contentUrl\":\"https:\\\/\\\/abic.imgix.net\\\/assets\\\/public_defender.jpg\"},{\"@type\":\"BreadcrumbList\",\"@id\":\"https:\\\/\\\/abic.us\\\/es\\\/senado-de-illinois-aprueba-proyecto-de-ley-que-permite-a-los-defensores-publicos-representar-a-inmigrantes-que-enfrentan-deportacion\\\/#breadcrumb\",\"itemListElement\":[{\"@type\":\"ListItem\",\"position\":1,\"name\":\"Hogar\",\"item\":\"https:\\\/\\\/abic.us\\\/es\\\/\"},{\"@type\":\"ListItem\",\"position\":2,\"name\":\"Senado de Illinois aprueba proyecto de ley que permite a los defensores p\u00fablicos representar a inmigrantes que enfrentan deportaci\u00f3n\"}]},{\"@type\":\"WebSite\",\"@id\":\"https:\\\/\\\/abic.us\\\/es\\\/#website\",\"url\":\"https:\\\/\\\/abic.us\\\/es\\\/\",\"name\":\"Coalici\u00f3n 91探花a de Inmigraci\u00f3n Empresarial\",\"description\":\"Juntos, promoveremos una reforma migratoria sensata que crezca empleos, fortalezca nuestra econom\u00eda y beneficie a todas las familias estadounidenses.\",\"publisher\":{\"@id\":\"https:\\\/\\\/abic.us\\\/es\\\/#organization\"},\"potentialAction\":[{\"@type\":\"SearchAction\",\"target\":{\"@type\":\"EntryPoint\",\"urlTemplate\":\"https:\\\/\\\/abic.us\\\/es\\\/?s={search_term_string}\"},\"query-input\":{\"@type\":\"PropertyValueSpecification\",\"valueRequired\":true,\"valueName\":\"search_term_string\"}}],\"inLanguage\":\"es\"},{\"@type\":\"Organization\",\"@id\":\"https:\\\/\\\/abic.us\\\/es\\\/#organization\",\"name\":\"91探花\",\"url\":\"https:\\\/\\\/abic.us\\\/es\\\/\",\"logo\":{\"@type\":\"ImageObject\",\"inLanguage\":\"es\",\"@id\":\"https:\\\/\\\/abic.us\\\/es\\\/#\\\/schema\\\/logo\\\/image\\\/\",\"url\":\"https:\\\/\\\/abic.us\\\/wp-content\\\/uploads\\\/2021\\\/11\\\/ABIC-Logo.png\",\"contentUrl\":\"https:\\\/\\\/abic.us\\\/wp-content\\\/uploads\\\/2021\\\/11\\\/ABIC-Logo.png\",\"width\":1000,\"height\":260,\"caption\":\"91探花\"},\"image\":{\"@id\":\"https:\\\/\\\/abic.us\\\/es\\\/#\\\/schema\\\/logo\\\/image\\\/\"},\"sameAs\":[\"https:\\\/\\\/www.facebook.com\\\/91探花BIC\",\"https:\\\/\\\/x.com\\\/91探花BIC\"]},{\"@type\":\"Person\",\"@id\":\"https:\\\/\\\/abic.us\\\/es\\\/#\\\/schema\\\/person\\\/58547098a0d3b973c110fd8a36f0e0bb\",\"name\":\"abic\",\"image\":{\"@type\":\"ImageObject\",\"inLanguage\":\"es\",\"@id\":\"https:\\\/\\\/secure.gravatar.com\\\/avatar\\\/4a2893b0ce0ce34781c1e0a9251ffe4322e67c4e95cdf48463d10701c3bd4c8e?s=96&d=mm&r=g\",\"url\":\"https:\\\/\\\/secure.gravatar.com\\\/avatar\\\/4a2893b0ce0ce34781c1e0a9251ffe4322e67c4e95cdf48463d10701c3bd4c8e?s=96&d=mm&r=g\",\"contentUrl\":\"https:\\\/\\\/secure.gravatar.com\\\/avatar\\\/4a2893b0ce0ce34781c1e0a9251ffe4322e67c4e95cdf48463d10701c3bd4c8e?s=96&d=mm&r=g\",\"caption\":\"abic\"},\"sameAs\":[\"https:\\\/\\\/abic.wpengine.com\"]}]}<\/script>\n<!-- \/ Yoast SEO plugin. -->","yoast_head_json":{"title":"Senado de Illinois aprueba proyecto de ley que permite a los defensores p\u00fablicos representar a inmigrantes que enfrentan deportaci\u00f3n &#8212; Coalici\u00f3n 91探花a de Inmigraci\u00f3n Empresarial","robots":{"index":"index","follow":"follow","max-snippet":"max-snippet:-1","max-image-preview":"max-image-preview:large","max-video-preview":"max-video-preview:-1"},"canonical":"https:\/\/abic.us\/es\/senado-de-illinois-aprueba-proyecto-de-ley-que-permite-a-los-defensores-publicos-representar-a-inmigrantes-que-enfrentan-deportacion\/","og_locale":"es_ES","og_type":"article","og_title":"Senado de Illinois aprueba proyecto de ley que permite a los defensores p\u00fablicos representar a inmigrantes que enfrentan deportaci\u00f3n &#8212; Coalici\u00f3n 91探花a de Inmigraci\u00f3n Empresarial","og_description":"Senado de Illinois aprueba proyecto de ley que permite a los defensores p\u00fablicos representar a inmigrantes que enfrentan deportaci\u00f3n CHICAGO, IL \u2014 El Senado de Illinois vot\u00f3 hoy 36 a...","og_url":"https:\/\/abic.us\/es\/senado-de-illinois-aprueba-proyecto-de-ley-que-permite-a-los-defensores-publicos-representar-a-inmigrantes-que-enfrentan-deportacion\/","og_site_name":"Coalici\u00f3n 91探花a de Inmigraci\u00f3n Empresarial","article_publisher":"https:\/\/www.facebook.com\/91探花BIC","article_published_time":"2021-05-31T21:16:30+00:00","article_modified_time":"2021-12-03T20:19:13+00:00","og_image":[{"url":"https:\/\/abic.imgix.net\/assets\/public_defender.jpg","type":"","width":"","height":""}],"author":"abic","twitter_card":"summary_large_image","twitter_creator":"@91探花BIC","twitter_site":"@91探花BIC","twitter_misc":{"Escrito por":"abic","Tiempo de lectura":"4 minutos"},"schema":{"@context":"https:\/\/schema.org","@graph":[{"@type":"Article","@id":"https:\/\/abic.us\/es\/senado-de-illinois-aprueba-proyecto-de-ley-que-permite-a-los-defensores-publicos-representar-a-inmigrantes-que-enfrentan-deportacion\/#article","isPartOf":{"@id":"https:\/\/abic.us\/es\/senado-de-illinois-aprueba-proyecto-de-ley-que-permite-a-los-defensores-publicos-representar-a-inmigrantes-que-enfrentan-deportacion\/"},"author":{"name":"abic","@id":"https:\/\/abic.us\/es\/#\/schema\/person\/58547098a0d3b973c110fd8a36f0e0bb"},"headline":"Senado de Illinois aprueba proyecto de ley que permite a los defensores p\u00fablicos representar a inmigrantes que enfrentan deportaci\u00f3n","datePublished":"2021-05-31T21:16:30+00:00","dateModified":"2021-12-03T20:19:13+00:00","mainEntityOfPage":{"@id":"https:\/\/abic.us\/es\/senado-de-illinois-aprueba-proyecto-de-ley-que-permite-a-los-defensores-publicos-representar-a-inmigrantes-que-enfrentan-deportacion\/"},"wordCount":919,"publisher":{"@id":"https:\/\/abic.us\/es\/#organization"},"image":{"@id":"https:\/\/abic.us\/es\/senado-de-illinois-aprueba-proyecto-de-ley-que-permite-a-los-defensores-publicos-representar-a-inmigrantes-que-enfrentan-deportacion\/#primaryimage"},"thumbnailUrl":"https:\/\/abic.imgix.net\/assets\/public_defender.jpg","articleSection":["Actualizaciones"],"inLanguage":"es"},{"@type":"WebPage","@id":"https:\/\/abic.us\/es\/senado-de-illinois-aprueba-proyecto-de-ley-que-permite-a-los-defensores-publicos-representar-a-inmigrantes-que-enfrentan-deportacion\/","url":"https:\/\/abic.us\/es\/senado-de-illinois-aprueba-proyecto-de-ley-que-permite-a-los-defensores-publicos-representar-a-inmigrantes-que-enfrentan-deportacion\/","name":"Senado de Illinois aprueba proyecto de ley que permite a los defensores p\u00fablicos representar a inmigrantes que enfrentan deportaci\u00f3n &#8212; Coalici\u00f3n 91探花a de Inmigraci\u00f3n Empresarial","isPartOf":{"@id":"https:\/\/abic.us\/es\/#website"},"primaryImageOfPage":{"@id":"https:\/\/abic.us\/es\/senado-de-illinois-aprueba-proyecto-de-ley-que-permite-a-los-defensores-publicos-representar-a-inmigrantes-que-enfrentan-deportacion\/#primaryimage"},"image":{"@id":"https:\/\/abic.us\/es\/senado-de-illinois-aprueba-proyecto-de-ley-que-permite-a-los-defensores-publicos-representar-a-inmigrantes-que-enfrentan-deportacion\/#primaryimage"},"thumbnailUrl":"https:\/\/abic.imgix.net\/assets\/public_defender.jpg","datePublished":"2021-05-31T21:16:30+00:00","dateModified":"2021-12-03T20:19:13+00:00","breadcrumb":{"@id":"https:\/\/abic.us\/es\/senado-de-illinois-aprueba-proyecto-de-ley-que-permite-a-los-defensores-publicos-representar-a-inmigrantes-que-enfrentan-deportacion\/#breadcrumb"},"inLanguage":"es","potentialAction":[{"@type":"ReadAction","target":["https:\/\/abic.us\/es\/senado-de-illinois-aprueba-proyecto-de-ley-que-permite-a-los-defensores-publicos-representar-a-inmigrantes-que-enfrentan-deportacion\/"]}]},{"@type":"ImageObject","inLanguage":"es","@id":"https:\/\/abic.us\/es\/senado-de-illinois-aprueba-proyecto-de-ley-que-permite-a-los-defensores-publicos-representar-a-inmigrantes-que-enfrentan-deportacion\/#primaryimage","url":"https:\/\/abic.imgix.net\/assets\/public_defender.jpg","contentUrl":"https:\/\/abic.imgix.net\/assets\/public_defender.jpg"},{"@type":"BreadcrumbList","@id":"https:\/\/abic.us\/es\/senado-de-illinois-aprueba-proyecto-de-ley-que-permite-a-los-defensores-publicos-representar-a-inmigrantes-que-enfrentan-deportacion\/#breadcrumb","itemListElement":[{"@type":"ListItem","position":1,"name":"Hogar","item":"https:\/\/abic.us\/es\/"},{"@type":"ListItem","position":2,"name":"Senado de Illinois aprueba proyecto de ley que permite a los defensores p\u00fablicos representar a inmigrantes que enfrentan deportaci\u00f3n"}]},{"@type":"WebSite","@id":"https:\/\/abic.us\/es\/#website","url":"https:\/\/abic.us\/es\/","name":"Coalici\u00f3n 91探花a de Inmigraci\u00f3n Empresarial","description":"Juntos, promoveremos una reforma migratoria sensata que crezca empleos, fortalezca nuestra econom\u00eda y beneficie a todas las familias estadounidenses.","publisher":{"@id":"https:\/\/abic.us\/es\/#organization"},"potentialAction":[{"@type":"SearchAction","target":{"@type":"EntryPoint","urlTemplate":"https:\/\/abic.us\/es\/?s={search_term_string}"},"query-input":{"@type":"PropertyValueSpecification","valueRequired":true,"valueName":"search_term_string"}}],"inLanguage":"es"},{"@type":"Organization","@id":"https:\/\/abic.us\/es\/#organization","name":"91探花","url":"https:\/\/abic.us\/es\/","logo":{"@type":"ImageObject","inLanguage":"es","@id":"https:\/\/abic.us\/es\/#\/schema\/logo\/image\/","url":"https:\/\/abic.us\/wp-content\/uploads\/2021\/11\/ABIC-Logo.png","contentUrl":"https:\/\/abic.us\/wp-content\/uploads\/2021\/11\/ABIC-Logo.png","width":1000,"height":260,"caption":"91探花"},"image":{"@id":"https:\/\/abic.us\/es\/#\/schema\/logo\/image\/"},"sameAs":["https:\/\/www.facebook.com\/91探花BIC","https:\/\/x.com\/91探花BIC"]},{"@type":"Person","@id":"https:\/\/abic.us\/es\/#\/schema\/person\/58547098a0d3b973c110fd8a36f0e0bb","name":"abic","image":{"@type":"ImageObject","inLanguage":"es","@id":"https:\/\/secure.gravatar.com\/avatar\/4a2893b0ce0ce34781c1e0a9251ffe4322e67c4e95cdf48463d10701c3bd4c8e?s=96&d=mm&r=g","url":"https:\/\/secure.gravatar.com\/avatar\/4a2893b0ce0ce34781c1e0a9251ffe4322e67c4e95cdf48463d10701c3bd4c8e?s=96&d=mm&r=g","contentUrl":"https:\/\/secure.gravatar.com\/avatar\/4a2893b0ce0ce34781c1e0a9251ffe4322e67c4e95cdf48463d10701c3bd4c8e?s=96&d=mm&r=g","caption":"abic"},"sameAs":["https:\/\/abic.wpengine.com"]}]}},"_links":{"self":[{"href":"https:\/\/abic.us\/es\/wp-json\/wp\/v2\/posts\/34925","targetHints":{"allow":["GET"]}}],"collection":[{"href":"https:\/\/abic.us\/es\/wp-json\/wp\/v2\/posts"}],"about":[{"href":"https:\/\/abic.us\/es\/wp-json\/wp\/v2\/types\/post"}],"author":[{"embeddable":true,"href":"https:\/\/abic.us\/es\/wp-json\/wp\/v2\/users\/1"}],"replies":[{"embeddable":true,"href":"https:\/\/abic.us\/es\/wp-json\/wp\/v2\/comments?post=34925"}],"version-history":[{"count":0,"href":"https:\/\/abic.us\/es\/wp-json\/wp\/v2\/posts\/34925\/revisions"}],"wp:attachment":[{"href":"https:\/\/abic.us\/es\/wp-json\/wp\/v2\/media?parent=34925"}],"wp:term":[{"taxonomy":"category","embeddable":true,"href":"https:\/\/abic.us\/es\/wp-json\/wp\/v2\/categories?post=34925"},{"taxonomy":"post_tag","embeddable":true,"href":"https:\/\/abic.us\/es\/wp-json\/wp\/v2\/tags?post=34925"}],"curies":[{"name":"wp","href":"https:\/\/api.w.org\/{rel}","templated":true}]}}