  {"id":34929,"date":"2021-05-10T16:46:18","date_gmt":"2021-05-10T16:46:18","guid":{"rendered":"https:\/\/abic.wpengine.com\/derogacion-bipartidista-de-la-prohibicion-de-matricula-en-el-estado-para-que-los-sonadores-vayan-ante-los-votantes-en-2022\/"},"modified":"2021-12-03T20:18:17","modified_gmt":"2021-12-03T20:18:17","slug":"derogacion-bipartidista-de-la-prohibicion-de-matricula-en-el-estado-para-que-los-sonadores-vayan-ante-los-votantes-en-2022","status":"publish","type":"post","link":"https:\/\/abic.us\/es\/derogacion-bipartidista-de-la-prohibicion-de-matricula-en-el-estado-para-que-los-sonadores-vayan-ante-los-votantes-en-2022\/","title":{"rendered":"Derogaci\u00f3n bipartidista de la prohibici\u00f3n de matr\u00edcula en el estado para que los so\u00f1adores vayan ante los votantes en 2022"},"content":{"rendered":"\n<figure class=\"wp-block-image size-large\"><img loading=\"lazy\" decoding=\"async\" width=\"1240\" height=\"245\" src=\"https:\/\/abic.imgix.net\/assets\/abic-aliento-logo-banner-1.jpg\" alt=\"\" class=\"wp-image-31371\"\/><\/figure>\n<figure class=\"wp-block-image size-large\"><img loading=\"lazy\" decoding=\"async\" width=\"1900\" height=\"1425\" src=\"https:\/\/abic.imgix.net\/assets\/5.10.press-release.image_.jpeg\" alt=\"\" class=\"wp-image-31373\"\/><\/figure>\n<h2 class=\"has-text-align-center wp-block-heading\">Derogaci\u00f3n bipartidista de la prohibici\u00f3n de matr\u00edcula en el estado para que los so\u00f1adores vayan ante los votantes en 2022<\/h2>\n\n<p class=\"wp-block-paragraph\"><\/p>\n\n<p class=\"wp-block-paragraph\"><em>Dos republicanos en la C\u00e1mara de Representantes de Arizona lideraron un esfuerzo bipartidista para dar a los votantes la opci\u00f3n de permitir que los Dreamers paguen la matr\u00edcula universitaria en el estado.  <\/em><\/p>\n\n<p class=\"wp-block-paragraph\"><strong>PHOENIX, ARIZONA<\/strong> \u2014 En un esfuerzo bipartidista liderado por los representantes republicanos Michelle Udall y Joel John, la C\u00e1mara de Representantes de Arizona vot\u00f3 hoy 33 a 27 para presentar una iniciativa de votaci\u00f3n que proporcionar\u00eda matr\u00edcula universitaria est\u00e1ndar en el estado a  <em>todos <\/em>los estudiantes que asisten y se grad\u00faan de una escuela secundaria de Arizona, independientemente de su estatus migratorio.<\/p>\n\n<p class=\"wp-block-paragraph\">La iniciativa de votaci\u00f3n derogar\u00eda una prohibici\u00f3n de 15 a\u00f1os de antig\u00fcedad sobre la matr\u00edcula estatal para los graduados indocumentados de la escuela secundaria, incluidos unos 2,000 Dreamers por a\u00f1o. Desde 2006, los estudiantes sin documentos se han visto obligados a pagar tasas de matr\u00edcula fuera del estado, priv\u00e1ndolos efectivamente de una educaci\u00f3n universitaria y limitando su contribuci\u00f3n a la econom\u00eda de Arizona.  <\/p>\n\n<p class=\"wp-block-paragraph\"><strong>Los senadores y los miembros de la C\u00e1mara de Representantes se unir\u00e1n a los l\u00edderes de educaci\u00f3n, negocios, fe y c\u00edvicos en una conferencia de prensa para discutir la aprobaci\u00f3n del proyecto de ley el lunes 10 de mayo a las 5:30 p.m. en el Rose Garden en el complejo del Capitolio del Estado de Arizona, 1700 W Washington St.<\/strong><\/p>\n\n<p class=\"wp-block-paragraph\"><strong>A continuaci\u00f3n se presentan las reacciones iniciales a la aprobaci\u00f3n del proyecto de ley:<\/strong><\/p>\n\n<p class=\"wp-block-paragraph\"><strong>Bob Worsley, copresidente del cap\u00edtulo Intermountain de la 91探花, dijo<\/strong>\u00abEstamos agradecidos de que los representantes de ambos partidos, incluidos los representantes Michelle Udall, Joel John, David Cook y todos los dem\u00f3cratas que apoyaron esto se unieron para hacer lo correcto para los estudiantes y las empresas en todo el estado. La aprobaci\u00f3n de este proyecto de ley es econ\u00f3micamente importante, moralmente correcta y pol\u00edticamente inteligente\u00bb.<\/p>\n\n<p class=\"wp-block-paragraph\"><strong>Reyna Montoya, fundadora y CEO de Aliento y beneficiaria de DACA, dijo<\/strong>: \u00abEste es un d\u00eda hist\u00f3rico en Arizona. Estoy llorando de alegr\u00eda y tengo un profundo sentido de gratitud por toda la C\u00e1mara de Representantes que vot\u00f3 s\u00ed hoy. Gracias por creer en nuestros so\u00f1adores, mejorando la educaci\u00f3n y la econom\u00eda de nuestro estado. Hoy es un d\u00eda brillante y tengo tantas esperanzas de que despu\u00e9s de casi 15 a\u00f1os finalmente pueda decirles a mis estudiantes que con el apoyo de los votantes pueden pagar la matr\u00edcula estatal en un futuro cercano\u00bb.  <\/p>\n\n<p class=\"wp-block-paragraph\"><strong>Dallin Adams, Director de la Coalici\u00f3n Intermonta\u00f1osa de ABIC, dijo<\/strong>\u00abEstoy incre\u00edblemente agradecido por todos los representantes que apoyaron nuestros esfuerzos, as\u00ed como por los innumerables l\u00edderes empresariales, religiosos y educativos que trabajaron incansablemente en nombre de nuestros Arizona Dreamers. El impacto del aumento del nivel educativo en el crecimiento econ\u00f3mico futuro no puede subestimarse. Los votantes de Arizona merecen que se escuchen sus voces, y conf\u00edo en que apoyar\u00e1n a nuestros estudiantes, empresas y estado\u00bb.<\/p>\n\n<p class=\"wp-block-paragraph\"><strong>Deya Garc\u00eda, estudiante de Mesa Community College y beneficiaria de DACA, dijo<\/strong>\u00abEn 2017, cuando la matr\u00edcula estatal para los estudiantes de DACA estaba pasando por los tribunales, qued\u00e9 devastado. Me pregunt\u00e9, &#8216;\u00bfpor qu\u00e9 alguien querr\u00eda hacer que la educaci\u00f3n sea menos alcanzable?&#8217; Desde entonces, he pasado de ser un estudiante a tiempo completo a un estudiante a tiempo parcial, lo que ha prolongado mi viaje universitario. Este a\u00f1o habr\u00eda sido mi a\u00f1o de graduaci\u00f3n. SCR 1044 me permitir\u00e1 convertirme en un estudiante de tiempo completo y estar en camino de cumplir mi sue\u00f1o de convertirme en m\u00e9dico\u00bb.  <\/p>\n\n<p class=\"wp-block-paragraph\"><strong>Denny Barney, ex supervisor del condado de Maricopa y actual CEO de East Valley Partnership, dijo:  <\/strong>\u00abLos hijos de los ni\u00f1os &#8216;Dreamer&#8217; son ciudadanos estadounidenses y estar\u00e1n en nuestra comunidad. \u00bfEn qu\u00e9 camino pondremos a estas familias? Los educados en la universidad tienden a asimilar y contribuir. Desarrollan una cultura de autosuficiencia. Sus hijos lo seguir\u00e1n. Permitir que estos estudiantes asistan a la universidad es una pol\u00edtica social sabia\u00bb.<\/p>\n\n<p class=\"wp-block-paragraph\"><strong>FONDO<\/strong><\/p>\n\n<p class=\"wp-block-paragraph\">La aprobaci\u00f3n del proyecto de ley sigue a la publicaci\u00f3n de una carta firmada por m\u00e1s de 130 l\u00edderes empresariales, religiosos y c\u00edvicos instando al presidente de la C\u00e1mara de Representantes de Arizona, Russell \u00abRusty\u00bb Bowers, a llevar el SCR 1044 al pleno. Puedes leer la carta <a href=\"https:\/\/abic.wpengine.com\/wp-content\/uploads\/2021\/04\/In-state-Tuition-Letter-4_28-2.pdf\">aqu\u00ed.<\/a> El fin de semana pasado, Arizona Republic <a href=\"https:\/\/www.azcentral.com\/story\/opinion\/editorial\/2021\/05\/03\/dreamers-deserve-state-tuition-let-lawmakers-voters-decide\/7413733002\/\">public\u00f3 un editorial<\/a> pidiendo a Bowers que permita a los votantes decidir si los Dreamers deben pagar la matr\u00edcula estatal. \u00ab\u00bfCu\u00e1l es el da\u00f1o en eso?\u00bb, pregunt\u00f3 el editorial. Sigui\u00f3 a otros editoriales publicados en los \u00faltimos d\u00edas en apoyo de dreamers, incluido uno de Garrick Taylor, presidente interino y CEO de la C\u00e1mara de Comercio e Industria de Arizona,  <a href=\"https:\/\/tucson.com\/opinion\/local\/tucson-opinion-arizona-s-economic-recovery-depends-on-dreamers\/article_2065aede-a9bf-11eb-9531-6b8b89af2ea4.html\">publicado en el Arizona Daily Star,<\/a>y Denny Barney, presidente y CEO de PHX East Valley Partnership, una organizaci\u00f3n sin fines de lucro que aboga por las necesidades e intereses del East Valley, que  <a href=\"https:\/\/www.azcentral.com\/story\/opinion\/op-ed\/2021\/05\/10\/dreamers-deserve-in-state-tuition-arizona-house-let-voters-decide\/4999255001\/\">coautor de un art\u00edculo de opini\u00f3n en la Rep\u00fablica de Arizona<\/a> con Sintra Hoffman, presidente y CEO de WESTMARC.<\/p>\n\n<p class=\"wp-block-paragraph\">Esta legislaci\u00f3n fue presentada el 1 de febrero de 2021 por el senador estatal republicano Paul Boyer (R. LD20) y es copatrocinada por la representante Michelle Udall (R. LD25). Esta legislaci\u00f3n permite a estos estudiantes pagar su propio camino a trav\u00e9s de la universidad a la tasa de matr\u00edcula en el estado, prepar\u00e1ndose para ser autosuficientes, productivos y contribuyentes a nuestra econom\u00eda. Por cada graduado universitario que obtiene un t\u00edtulo universitario de cuatro a\u00f1os, el estado promedia un retorno de $ 660,000 de su inversi\u00f3n<a href=\"https:\/\/collegesuccessarizona.org\/wp-content\/uploads\/2016\/01\/Doubling-Arizona%E2%80%99s-Economic-Growth-No-Large-Photos.pdf\">(College Success Arizona).<\/a> <\/p>\n\n<p class=\"wp-block-paragraph\">Gracias a Aliento, Presidents&#8217; Alliance on Higher Education &amp; Immigration, Dream.us, Local First AZ, Greater Phoenix Leadership, Unite Here!, UnidosUS y la Conferencia de Obispos Cat\u00f3licos de los Estados Unidos por su asociaci\u00f3n y liderazgo.<\/p>\n\n<p class=\"wp-block-paragraph\"><strong>ACERCA DE<\/strong><\/p>\n\n<p class=\"wp-block-paragraph\">La <strong>Intermountain 91探花<\/strong> (ABIC) representa a un grupo creciente de defensores de negocios, fe e inmigrantes de Arizona, Utah, Colorado y Nevada. Hogar de m\u00e1s de 2 millones de inmigrantes, nuestra regi\u00f3n Intermountain se beneficia en casi $ 100 mil millones anuales de las contribuciones econ\u00f3micas y talentos de estas personas, y creemos que con las soluciones legislativas adecuadas, continuar\u00e1n desempe\u00f1ando un papel clave en nuestra econom\u00eda y el futuro de nuestra regi\u00f3n.  <\/p>\n\n<p class=\"wp-block-paragraph\"><strong>ALIENTO <\/strong>es una organizaci\u00f3n de liderazgo sin fines de lucro con sede en Arizona con un alcance nacional que transforma el trauma en esperanza y acci\u00f3n con los so\u00f1adores, la comunidad inmigrante y sus aliados a trav\u00e9s de programas de arte y curaci\u00f3n, oportunidades de desarrollo de liderazgo y defensa.  <\/p>\n","protected":false},"excerpt":{"rendered":"<p>Derogaci\u00f3n bipartidista de la prohibici\u00f3n de matr\u00edcula en el estado para que los so\u00f1adores vayan ante los votantes en 2022 Dos republicanos en la C\u00e1mara de Representantes de Arizona lideraron&#8230;<\/p>\n","protected":false},"author":1,"featured_media":0,"comment_status":"closed","ping_status":"closed","sticky":false,"template":"","format":"standard","meta":{"footnotes":""},"categories":[63],"tags":[],"class_list":["post-34929","post","type-post","status-publish","format-standard","category-actualizaciones"],"yoast_head":"<!-- This site is optimized with the Yoast SEO plugin v28.3 - https:\/\/yoast.com\/product\/yoast-seo-wordpress\/ -->\n<title>Derogaci\u00f3n bipartidista de la prohibici\u00f3n de matr\u00edcula en el estado para que los so\u00f1adores vayan ante los votantes en 2022 &#8212; Coalici\u00f3n 91探花a de Inmigraci\u00f3n Empresarial<\/title>\n<meta name=\"robots\" content=\"index, follow, max-snippet:-1, max-image-preview:large, max-video-preview:-1\" \/>\n<link rel=\"canonical\" href=\"https:\/\/abic.us\/es\/derogacion-bipartidista-de-la-prohibicion-de-matricula-en-el-estado-para-que-los-sonadores-vayan-ante-los-votantes-en-2022\/\" \/>\n<meta property=\"og:locale\" content=\"es_ES\" \/>\n<meta property=\"og:type\" content=\"article\" \/>\n<meta property=\"og:title\" content=\"Derogaci\u00f3n bipartidista de la prohibici\u00f3n de matr\u00edcula en el estado para que los so\u00f1adores vayan ante los votantes en 2022 &#8212; Coalici\u00f3n 91探花a de Inmigraci\u00f3n Empresarial\" \/>\n<meta property=\"og:description\" content=\"Derogaci\u00f3n bipartidista de la prohibici\u00f3n de matr\u00edcula en el estado para que los so\u00f1adores vayan ante los votantes en 2022 Dos republicanos en la C\u00e1mara de Representantes de Arizona lideraron...\" \/>\n<meta property=\"og:url\" content=\"https:\/\/abic.us\/es\/derogacion-bipartidista-de-la-prohibicion-de-matricula-en-el-estado-para-que-los-sonadores-vayan-ante-los-votantes-en-2022\/\" \/>\n<meta property=\"og:site_name\" content=\"Coalici\u00f3n 91探花a de Inmigraci\u00f3n Empresarial\" \/>\n<meta property=\"article:publisher\" content=\"https:\/\/www.facebook.com\/91探花BIC\" \/>\n<meta property=\"article:published_time\" content=\"2021-05-10T16:46:18+00:00\" \/>\n<meta property=\"article:modified_time\" content=\"2021-12-03T20:18:17+00:00\" \/>\n<meta property=\"og:image\" content=\"https:\/\/abic.imgix.net\/assets\/abic-aliento-logo-banner-1.jpg\" \/>\n<meta name=\"author\" content=\"abic\" \/>\n<meta name=\"twitter:card\" content=\"summary_large_image\" \/>\n<meta name=\"twitter:creator\" content=\"@91探花BIC\" \/>\n<meta name=\"twitter:site\" content=\"@91探花BIC\" \/>\n<meta name=\"twitter:label1\" content=\"Escrito por\" \/>\n\t<meta name=\"twitter:data1\" content=\"abic\" \/>\n\t<meta name=\"twitter:label2\" content=\"Tiempo de lectura\" \/>\n\t<meta name=\"twitter:data2\" content=\"6 minutos\" \/>\n<script type=\"application\/ld+json\" class=\"yoast-schema-graph\">{\"@context\":\"https:\\\/\\\/schema.org\",\"@graph\":[{\"@type\":\"Article\",\"@id\":\"https:\\\/\\\/abic.us\\\/es\\\/derogacion-bipartidista-de-la-prohibicion-de-matricula-en-el-estado-para-que-los-sonadores-vayan-ante-los-votantes-en-2022\\\/#article\",\"isPartOf\":{\"@id\":\"https:\\\/\\\/abic.us\\\/es\\\/derogacion-bipartidista-de-la-prohibicion-de-matricula-en-el-estado-para-que-los-sonadores-vayan-ante-los-votantes-en-2022\\\/\"},\"author\":{\"name\":\"abic\",\"@id\":\"https:\\\/\\\/abic.us\\\/es\\\/#\\\/schema\\\/person\\\/58547098a0d3b973c110fd8a36f0e0bb\"},\"headline\":\"Derogaci\u00f3n bipartidista de la prohibici\u00f3n de matr\u00edcula en el estado para que los so\u00f1adores vayan ante los votantes en 2022\",\"datePublished\":\"2021-05-10T16:46:18+00:00\",\"dateModified\":\"2021-12-03T20:18:17+00:00\",\"mainEntityOfPage\":{\"@id\":\"https:\\\/\\\/abic.us\\\/es\\\/derogacion-bipartidista-de-la-prohibicion-de-matricula-en-el-estado-para-que-los-sonadores-vayan-ante-los-votantes-en-2022\\\/\"},\"wordCount\":1187,\"publisher\":{\"@id\":\"https:\\\/\\\/abic.us\\\/es\\\/#organization\"},\"image\":{\"@id\":\"https:\\\/\\\/abic.us\\\/es\\\/derogacion-bipartidista-de-la-prohibicion-de-matricula-en-el-estado-para-que-los-sonadores-vayan-ante-los-votantes-en-2022\\\/#primaryimage\"},\"thumbnailUrl\":\"https:\\\/\\\/abic.imgix.net\\\/assets\\\/abic-aliento-logo-banner-1.jpg\",\"articleSection\":[\"Actualizaciones\"],\"inLanguage\":\"es\"},{\"@type\":\"WebPage\",\"@id\":\"https:\\\/\\\/abic.us\\\/es\\\/derogacion-bipartidista-de-la-prohibicion-de-matricula-en-el-estado-para-que-los-sonadores-vayan-ante-los-votantes-en-2022\\\/\",\"url\":\"https:\\\/\\\/abic.us\\\/es\\\/derogacion-bipartidista-de-la-prohibicion-de-matricula-en-el-estado-para-que-los-sonadores-vayan-ante-los-votantes-en-2022\\\/\",\"name\":\"Derogaci\u00f3n bipartidista de la prohibici\u00f3n de matr\u00edcula en el estado para que los so\u00f1adores vayan ante los votantes en 2022 &#8212; Coalici\u00f3n 91探花a de Inmigraci\u00f3n Empresarial\",\"isPartOf\":{\"@id\":\"https:\\\/\\\/abic.us\\\/es\\\/#website\"},\"primaryImageOfPage\":{\"@id\":\"https:\\\/\\\/abic.us\\\/es\\\/derogacion-bipartidista-de-la-prohibicion-de-matricula-en-el-estado-para-que-los-sonadores-vayan-ante-los-votantes-en-2022\\\/#primaryimage\"},\"image\":{\"@id\":\"https:\\\/\\\/abic.us\\\/es\\\/derogacion-bipartidista-de-la-prohibicion-de-matricula-en-el-estado-para-que-los-sonadores-vayan-ante-los-votantes-en-2022\\\/#primaryimage\"},\"thumbnailUrl\":\"https:\\\/\\\/abic.imgix.net\\\/assets\\\/abic-aliento-logo-banner-1.jpg\",\"datePublished\":\"2021-05-10T16:46:18+00:00\",\"dateModified\":\"2021-12-03T20:18:17+00:00\",\"breadcrumb\":{\"@id\":\"https:\\\/\\\/abic.us\\\/es\\\/derogacion-bipartidista-de-la-prohibicion-de-matricula-en-el-estado-para-que-los-sonadores-vayan-ante-los-votantes-en-2022\\\/#breadcrumb\"},\"inLanguage\":\"es\",\"potentialAction\":[{\"@type\":\"ReadAction\",\"target\":[\"https:\\\/\\\/abic.us\\\/es\\\/derogacion-bipartidista-de-la-prohibicion-de-matricula-en-el-estado-para-que-los-sonadores-vayan-ante-los-votantes-en-2022\\\/\"]}]},{\"@type\":\"ImageObject\",\"inLanguage\":\"es\",\"@id\":\"https:\\\/\\\/abic.us\\\/es\\\/derogacion-bipartidista-de-la-prohibicion-de-matricula-en-el-estado-para-que-los-sonadores-vayan-ante-los-votantes-en-2022\\\/#primaryimage\",\"url\":\"https:\\\/\\\/abic.imgix.net\\\/assets\\\/abic-aliento-logo-banner-1.jpg\",\"contentUrl\":\"https:\\\/\\\/abic.imgix.net\\\/assets\\\/abic-aliento-logo-banner-1.jpg\"},{\"@type\":\"BreadcrumbList\",\"@id\":\"https:\\\/\\\/abic.us\\\/es\\\/derogacion-bipartidista-de-la-prohibicion-de-matricula-en-el-estado-para-que-los-sonadores-vayan-ante-los-votantes-en-2022\\\/#breadcrumb\",\"itemListElement\":[{\"@type\":\"ListItem\",\"position\":1,\"name\":\"Hogar\",\"item\":\"https:\\\/\\\/abic.us\\\/es\\\/\"},{\"@type\":\"ListItem\",\"position\":2,\"name\":\"Derogaci\u00f3n bipartidista de la prohibici\u00f3n de matr\u00edcula en el estado para que los so\u00f1adores vayan ante los votantes en 2022\"}]},{\"@type\":\"WebSite\",\"@id\":\"https:\\\/\\\/abic.us\\\/es\\\/#website\",\"url\":\"https:\\\/\\\/abic.us\\\/es\\\/\",\"name\":\"Coalici\u00f3n 91探花a de Inmigraci\u00f3n Empresarial\",\"description\":\"Juntos, promoveremos una reforma migratoria sensata que crezca empleos, fortalezca nuestra econom\u00eda y beneficie a todas las familias estadounidenses.\",\"publisher\":{\"@id\":\"https:\\\/\\\/abic.us\\\/es\\\/#organization\"},\"potentialAction\":[{\"@type\":\"SearchAction\",\"target\":{\"@type\":\"EntryPoint\",\"urlTemplate\":\"https:\\\/\\\/abic.us\\\/es\\\/?s={search_term_string}\"},\"query-input\":{\"@type\":\"PropertyValueSpecification\",\"valueRequired\":true,\"valueName\":\"search_term_string\"}}],\"inLanguage\":\"es\"},{\"@type\":\"Organization\",\"@id\":\"https:\\\/\\\/abic.us\\\/es\\\/#organization\",\"name\":\"91探花\",\"url\":\"https:\\\/\\\/abic.us\\\/es\\\/\",\"logo\":{\"@type\":\"ImageObject\",\"inLanguage\":\"es\",\"@id\":\"https:\\\/\\\/abic.us\\\/es\\\/#\\\/schema\\\/logo\\\/image\\\/\",\"url\":\"https:\\\/\\\/abic.us\\\/wp-content\\\/uploads\\\/2021\\\/11\\\/ABIC-Logo.png\",\"contentUrl\":\"https:\\\/\\\/abic.us\\\/wp-content\\\/uploads\\\/2021\\\/11\\\/ABIC-Logo.png\",\"width\":1000,\"height\":260,\"caption\":\"91探花\"},\"image\":{\"@id\":\"https:\\\/\\\/abic.us\\\/es\\\/#\\\/schema\\\/logo\\\/image\\\/\"},\"sameAs\":[\"https:\\\/\\\/www.facebook.com\\\/91探花BIC\",\"https:\\\/\\\/x.com\\\/91探花BIC\"]},{\"@type\":\"Person\",\"@id\":\"https:\\\/\\\/abic.us\\\/es\\\/#\\\/schema\\\/person\\\/58547098a0d3b973c110fd8a36f0e0bb\",\"name\":\"abic\",\"image\":{\"@type\":\"ImageObject\",\"inLanguage\":\"es\",\"@id\":\"https:\\\/\\\/secure.gravatar.com\\\/avatar\\\/4a2893b0ce0ce34781c1e0a9251ffe4322e67c4e95cdf48463d10701c3bd4c8e?s=96&d=mm&r=g\",\"url\":\"https:\\\/\\\/secure.gravatar.com\\\/avatar\\\/4a2893b0ce0ce34781c1e0a9251ffe4322e67c4e95cdf48463d10701c3bd4c8e?s=96&d=mm&r=g\",\"contentUrl\":\"https:\\\/\\\/secure.gravatar.com\\\/avatar\\\/4a2893b0ce0ce34781c1e0a9251ffe4322e67c4e95cdf48463d10701c3bd4c8e?s=96&d=mm&r=g\",\"caption\":\"abic\"},\"sameAs\":[\"https:\\\/\\\/abic.wpengine.com\"]}]}<\/script>\n<!-- \/ Yoast SEO plugin. -->","yoast_head_json":{"title":"Derogaci\u00f3n bipartidista de la prohibici\u00f3n de matr\u00edcula en el estado para que los so\u00f1adores vayan ante los votantes en 2022 &#8212; Coalici\u00f3n 91探花a de Inmigraci\u00f3n Empresarial","robots":{"index":"index","follow":"follow","max-snippet":"max-snippet:-1","max-image-preview":"max-image-preview:large","max-video-preview":"max-video-preview:-1"},"canonical":"https:\/\/abic.us\/es\/derogacion-bipartidista-de-la-prohibicion-de-matricula-en-el-estado-para-que-los-sonadores-vayan-ante-los-votantes-en-2022\/","og_locale":"es_ES","og_type":"article","og_title":"Derogaci\u00f3n bipartidista de la prohibici\u00f3n de matr\u00edcula en el estado para que los so\u00f1adores vayan ante los votantes en 2022 &#8212; Coalici\u00f3n 91探花a de Inmigraci\u00f3n Empresarial","og_description":"Derogaci\u00f3n bipartidista de la prohibici\u00f3n de matr\u00edcula en el estado para que los so\u00f1adores vayan ante los votantes en 2022 Dos republicanos en la C\u00e1mara de Representantes de Arizona lideraron...","og_url":"https:\/\/abic.us\/es\/derogacion-bipartidista-de-la-prohibicion-de-matricula-en-el-estado-para-que-los-sonadores-vayan-ante-los-votantes-en-2022\/","og_site_name":"Coalici\u00f3n 91探花a de Inmigraci\u00f3n Empresarial","article_publisher":"https:\/\/www.facebook.com\/91探花BIC","article_published_time":"2021-05-10T16:46:18+00:00","article_modified_time":"2021-12-03T20:18:17+00:00","og_image":[{"url":"https:\/\/abic.imgix.net\/assets\/abic-aliento-logo-banner-1.jpg","type":"","width":"","height":""}],"author":"abic","twitter_card":"summary_large_image","twitter_creator":"@91探花BIC","twitter_site":"@91探花BIC","twitter_misc":{"Escrito por":"abic","Tiempo de lectura":"6 minutos"},"schema":{"@context":"https:\/\/schema.org","@graph":[{"@type":"Article","@id":"https:\/\/abic.us\/es\/derogacion-bipartidista-de-la-prohibicion-de-matricula-en-el-estado-para-que-los-sonadores-vayan-ante-los-votantes-en-2022\/#article","isPartOf":{"@id":"https:\/\/abic.us\/es\/derogacion-bipartidista-de-la-prohibicion-de-matricula-en-el-estado-para-que-los-sonadores-vayan-ante-los-votantes-en-2022\/"},"author":{"name":"abic","@id":"https:\/\/abic.us\/es\/#\/schema\/person\/58547098a0d3b973c110fd8a36f0e0bb"},"headline":"Derogaci\u00f3n bipartidista de la prohibici\u00f3n de matr\u00edcula en el estado para que los so\u00f1adores vayan ante los votantes en 2022","datePublished":"2021-05-10T16:46:18+00:00","dateModified":"2021-12-03T20:18:17+00:00","mainEntityOfPage":{"@id":"https:\/\/abic.us\/es\/derogacion-bipartidista-de-la-prohibicion-de-matricula-en-el-estado-para-que-los-sonadores-vayan-ante-los-votantes-en-2022\/"},"wordCount":1187,"publisher":{"@id":"https:\/\/abic.us\/es\/#organization"},"image":{"@id":"https:\/\/abic.us\/es\/derogacion-bipartidista-de-la-prohibicion-de-matricula-en-el-estado-para-que-los-sonadores-vayan-ante-los-votantes-en-2022\/#primaryimage"},"thumbnailUrl":"https:\/\/abic.imgix.net\/assets\/abic-aliento-logo-banner-1.jpg","articleSection":["Actualizaciones"],"inLanguage":"es"},{"@type":"WebPage","@id":"https:\/\/abic.us\/es\/derogacion-bipartidista-de-la-prohibicion-de-matricula-en-el-estado-para-que-los-sonadores-vayan-ante-los-votantes-en-2022\/","url":"https:\/\/abic.us\/es\/derogacion-bipartidista-de-la-prohibicion-de-matricula-en-el-estado-para-que-los-sonadores-vayan-ante-los-votantes-en-2022\/","name":"Derogaci\u00f3n bipartidista de la prohibici\u00f3n de matr\u00edcula en el estado para que los so\u00f1adores vayan ante los votantes en 2022 &#8212; Coalici\u00f3n 91探花a de Inmigraci\u00f3n Empresarial","isPartOf":{"@id":"https:\/\/abic.us\/es\/#website"},"primaryImageOfPage":{"@id":"https:\/\/abic.us\/es\/derogacion-bipartidista-de-la-prohibicion-de-matricula-en-el-estado-para-que-los-sonadores-vayan-ante-los-votantes-en-2022\/#primaryimage"},"image":{"@id":"https:\/\/abic.us\/es\/derogacion-bipartidista-de-la-prohibicion-de-matricula-en-el-estado-para-que-los-sonadores-vayan-ante-los-votantes-en-2022\/#primaryimage"},"thumbnailUrl":"https:\/\/abic.imgix.net\/assets\/abic-aliento-logo-banner-1.jpg","datePublished":"2021-05-10T16:46:18+00:00","dateModified":"2021-12-03T20:18:17+00:00","breadcrumb":{"@id":"https:\/\/abic.us\/es\/derogacion-bipartidista-de-la-prohibicion-de-matricula-en-el-estado-para-que-los-sonadores-vayan-ante-los-votantes-en-2022\/#breadcrumb"},"inLanguage":"es","potentialAction":[{"@type":"ReadAction","target":["https:\/\/abic.us\/es\/derogacion-bipartidista-de-la-prohibicion-de-matricula-en-el-estado-para-que-los-sonadores-vayan-ante-los-votantes-en-2022\/"]}]},{"@type":"ImageObject","inLanguage":"es","@id":"https:\/\/abic.us\/es\/derogacion-bipartidista-de-la-prohibicion-de-matricula-en-el-estado-para-que-los-sonadores-vayan-ante-los-votantes-en-2022\/#primaryimage","url":"https:\/\/abic.imgix.net\/assets\/abic-aliento-logo-banner-1.jpg","contentUrl":"https:\/\/abic.imgix.net\/assets\/abic-aliento-logo-banner-1.jpg"},{"@type":"BreadcrumbList","@id":"https:\/\/abic.us\/es\/derogacion-bipartidista-de-la-prohibicion-de-matricula-en-el-estado-para-que-los-sonadores-vayan-ante-los-votantes-en-2022\/#breadcrumb","itemListElement":[{"@type":"ListItem","position":1,"name":"Hogar","item":"https:\/\/abic.us\/es\/"},{"@type":"ListItem","position":2,"name":"Derogaci\u00f3n bipartidista de la prohibici\u00f3n de matr\u00edcula en el estado para que los so\u00f1adores vayan ante los votantes en 2022"}]},{"@type":"WebSite","@id":"https:\/\/abic.us\/es\/#website","url":"https:\/\/abic.us\/es\/","name":"Coalici\u00f3n 91探花a de Inmigraci\u00f3n Empresarial","description":"Juntos, promoveremos una reforma migratoria sensata que crezca empleos, fortalezca nuestra econom\u00eda y beneficie a todas las familias estadounidenses.","publisher":{"@id":"https:\/\/abic.us\/es\/#organization"},"potentialAction":[{"@type":"SearchAction","target":{"@type":"EntryPoint","urlTemplate":"https:\/\/abic.us\/es\/?s={search_term_string}"},"query-input":{"@type":"PropertyValueSpecification","valueRequired":true,"valueName":"search_term_string"}}],"inLanguage":"es"},{"@type":"Organization","@id":"https:\/\/abic.us\/es\/#organization","name":"91探花","url":"https:\/\/abic.us\/es\/","logo":{"@type":"ImageObject","inLanguage":"es","@id":"https:\/\/abic.us\/es\/#\/schema\/logo\/image\/","url":"https:\/\/abic.us\/wp-content\/uploads\/2021\/11\/ABIC-Logo.png","contentUrl":"https:\/\/abic.us\/wp-content\/uploads\/2021\/11\/ABIC-Logo.png","width":1000,"height":260,"caption":"91探花"},"image":{"@id":"https:\/\/abic.us\/es\/#\/schema\/logo\/image\/"},"sameAs":["https:\/\/www.facebook.com\/91探花BIC","https:\/\/x.com\/91探花BIC"]},{"@type":"Person","@id":"https:\/\/abic.us\/es\/#\/schema\/person\/58547098a0d3b973c110fd8a36f0e0bb","name":"abic","image":{"@type":"ImageObject","inLanguage":"es","@id":"https:\/\/secure.gravatar.com\/avatar\/4a2893b0ce0ce34781c1e0a9251ffe4322e67c4e95cdf48463d10701c3bd4c8e?s=96&d=mm&r=g","url":"https:\/\/secure.gravatar.com\/avatar\/4a2893b0ce0ce34781c1e0a9251ffe4322e67c4e95cdf48463d10701c3bd4c8e?s=96&d=mm&r=g","contentUrl":"https:\/\/secure.gravatar.com\/avatar\/4a2893b0ce0ce34781c1e0a9251ffe4322e67c4e95cdf48463d10701c3bd4c8e?s=96&d=mm&r=g","caption":"abic"},"sameAs":["https:\/\/abic.wpengine.com"]}]}},"_links":{"self":[{"href":"https:\/\/abic.us\/es\/wp-json\/wp\/v2\/posts\/34929","targetHints":{"allow":["GET"]}}],"collection":[{"href":"https:\/\/abic.us\/es\/wp-json\/wp\/v2\/posts"}],"about":[{"href":"https:\/\/abic.us\/es\/wp-json\/wp\/v2\/types\/post"}],"author":[{"embeddable":true,"href":"https:\/\/abic.us\/es\/wp-json\/wp\/v2\/users\/1"}],"replies":[{"embeddable":true,"href":"https:\/\/abic.us\/es\/wp-json\/wp\/v2\/comments?post=34929"}],"version-history":[{"count":0,"href":"https:\/\/abic.us\/es\/wp-json\/wp\/v2\/posts\/34929\/revisions"}],"wp:attachment":[{"href":"https:\/\/abic.us\/es\/wp-json\/wp\/v2\/media?parent=34929"}],"wp:term":[{"taxonomy":"category","embeddable":true,"href":"https:\/\/abic.us\/es\/wp-json\/wp\/v2\/categories?post=34929"},{"taxonomy":"post_tag","embeddable":true,"href":"https:\/\/abic.us\/es\/wp-json\/wp\/v2\/tags?post=34929"}],"curies":[{"name":"wp","href":"https:\/\/api.w.org\/{rel}","templated":true}]}}