  {"id":34970,"date":"2021-03-31T13:57:44","date_gmt":"2021-03-31T13:57:44","guid":{"rendered":"https:\/\/abic.wpengine.com\/lideres-venezolanos-se-unen-al-senador-van-hollen-lideres-empresariales-lideres-religiosos-y-defensores-para-impulsar-protecciones-permanentes-para-los-designetarios-de-tps\/"},"modified":"2021-12-06T14:31:57","modified_gmt":"2021-12-06T14:31:57","slug":"lideres-venezolanos-se-unen-al-senador-van-hollen-lideres-empresariales-lideres-religiosos-y-defensores-para-impulsar-protecciones-permanentes-para-los-designetarios-de-tps","status":"publish","type":"post","link":"https:\/\/abic.us\/es\/lideres-venezolanos-se-unen-al-senador-van-hollen-lideres-empresariales-lideres-religiosos-y-defensores-para-impulsar-protecciones-permanentes-para-los-designetarios-de-tps\/","title":{"rendered":"L\u00edderes venezolanos se unen al senador Van Hollen, l\u00edderes empresariales, l\u00edderes religiosos y defensores para impulsar protecciones permanentes para los designetarios de TPS"},"content":{"rendered":"\n<figure class=\"wp-block-image size-large\"><img loading=\"lazy\" decoding=\"async\" width=\"652\" height=\"260\" src=\"https:\/\/abic.imgix.net\/assets\/new-casa-logo.png\" alt=\"\" class=\"wp-image-31295\"\/><\/figure>\n<h2 class=\"wp-block-heading\"><strong>L\u00edderes venezolanos se unen al senador Van Hollen, l\u00edderes empresariales, l\u00edderes religiosos y defensores para impulsar protecciones permanentes para los designetarios de TPS  <\/strong><\/h2>\n\n<p class=\"wp-block-paragraph\"><strong>MIAMI, FL<\/strong> \u2014 El senador <strong>estadounidense<\/strong> Chris <strong>Van Hollen <\/strong>(D-MD),<strong> <\/strong>El patrocinador principal de la Ley de Represi\u00f3n y Emergencia de Entorno Seguro de Pa\u00edses Bajo Represi\u00f3n (Ley SECURE), organizar\u00e1 una conversaci\u00f3n con l\u00edderes venezolanos, empresariales y religiosos, defensores y miembros de la comunidad afectados en <a href=\"http:\/\/bit.ly\/TPSVanHollen\" target=\"_blank\" rel=\"noreferrer noopener\">\n  <strong>America is Home: A Path to Permanence for TPS Holders<\/strong>\n<\/a> este jueves 1 de abril a la 1 PM EST.  <\/p>\n\n<p class=\"wp-block-paragraph\">Este evento contar\u00e1 con interpretaci\u00f3n en vivo al espa\u00f1ol y criollo haitiano.<\/p>\n\n<p class=\"wp-block-paragraph\"><strong>Se invita a los medios de comunicaci\u00f3n a asistir al evento. Por favor, reg\u00edstrese  <\/strong><a href=\"https:\/\/zoom.us\/webinar\/register\/WN_xW7Yuw0XTO-kC1Dn1TyV_g\" target=\"_blank\" rel=\"noreferrer noopener\">\n  <strong>aqu\u00ed<\/strong>\n<\/a><strong>.<\/strong><\/p>\n\n<p class=\"wp-block-paragraph\"><strong>El senador Van Hollen<\/strong> responder\u00e1 preguntas sobre los esfuerzos del Congreso para proporcionar protecciones permanentes a los titulares de TPS. Mientras los estadounidenses contin\u00faan lidiando con la crisis del coronavirus, <a href=\"https:\/\/www.pewresearch.org\/fact-tank\/2021\/03\/19\/venezuelans-burmese-among-more-than-600000-immigrants-eligible-for-temporary-protected-status-in-u-s\/ft_2021-03-19_tps_01\/\" target=\"_blank\" rel=\"noreferrer noopener\">se estima que 650,000<\/a> titulares del Estatus de Protecci\u00f3n Temporal (TPS) de 12 naciones diferentes, incluidos Venezuela, Hait\u00ed, Honduras, Nicaragua y El Salvador, est\u00e1n ayudando a apoyar a la naci\u00f3n al servir como trabajadores esenciales. El 64% de los votantes, frente al 23%, <a href=\"https:\/\/static1.squarespace.com\/static\/5b60b2381aef1dbe876cd08f\/t\/5f9b0a9c6f94594bb8a7f0fb\/1603996319284\/Civiqs_ImmigrationHub_survey_2020-10.pdf\" target=\"_blank\" rel=\"noreferrer noopener\">apoyan abrumadoramente la concesi\u00f3n de TPS a los inmigrantes<\/a> que han estado viviendo y trabajando en los Estados Unidos durante muchos a\u00f1os.<\/p>\n\n<p class=\"wp-block-paragraph\"><a href=\"https:\/\/www.vanhollen.senate.gov\/imo\/media\/doc\/SECURE%20ACT%202021.pdf\" target=\"_blank\" rel=\"noreferrer noopener\">La Ley SECURE<\/a> ofrece estabilidad y un camino hacia la ciudadan\u00eda para las familias de TPS y DED que han construido sus vidas en los Estados Unidos. Tienen casas y negocios, asisten a escuelas y lugares de culto. Son partes integrales de nuestras comunidades. Estas personas, as\u00ed como sus familias y comunidades, hab\u00edan tenido sus vidas en el limbo cuando la administraci\u00f3n anterior tom\u00f3 la cruel decisi\u00f3n de despojar su estatus legal. Muchos de ellos han estado viviendo aqu\u00ed durante d\u00e9cadas y han comprado casas y construido carreras, y son contribuyentes.<\/p>\n\n<p class=\"wp-block-paragraph\"><strong>DETALLES<\/strong><\/p>\n\n<p class=\"wp-block-paragraph\"><strong>Qu\u00e9<\/strong>: <a href=\"http:\/\/bit.ly\/TPSVanHollen\" target=\"_blank\" rel=\"noreferrer noopener\"> <strong>Estados Unidos es el hogar: un camino hacia la permanencia para los titulares de TPS<\/strong>\n  \n<\/a><\/p>\n\n<p class=\"wp-block-paragraph\"><strong>Cu\u00e1ndo:<\/strong>Jueves, 1 de abril a la 1p.m. EST<\/p>\n\n<p class=\"wp-block-paragraph\"><strong>Enlace de registro<\/strong>: <a href=\"https:\/\/bit.ly\/TPSVanHollen\" target=\"_blank\" rel=\"noreferrer noopener\">https:\/\/BIT.LY\/TPSVanHollen<\/a>   <\/p>\n\n<p class=\"wp-block-paragraph\">Este evento es organizado por <strong>CASA,<\/strong>con los siguientes copatrocinadores: <strong>IMPAC Fund,<\/strong> <strong>91探花,<\/strong> <strong>U.S. Catholic Conference of Bishops,<\/strong> <strong>Florida Immigrant Coalition,<\/strong> <strong>Alianza Americas,<\/strong> <strong>UNITE HERE Local 355,<\/strong> <strong>Family Action Network Movement<\/strong>y <strong>FWD.us.<\/strong><\/p>\n\n<p class=\"wp-block-paragraph\"><strong>ACERCA DE<\/strong><\/p>\n\n<p class=\"wp-block-paragraph\">Con m\u00e1s de 100,000 miembros en los estados de Maryland, Virginia y el centro sur de Pensilvania, <a href=\"https:\/\/wearecasa.org\" target=\"_blank\" rel=\"noreferrer noopener\">CASA<\/a> es la organizaci\u00f3n latina e inmigrante m\u00e1s grande basada en miembros en la regi\u00f3n del Atl\u00e1ntico medio. Vis\u00edtenos en www.wearecasa.org y s\u00edganos en Twitter en @CASAforall<\/p>\n\n<p class=\"wp-block-paragraph\">La <a href=\"https:\/\/illinoisbic.us5.list-manage.com\/track\/click?u=c9b77483e42e2ad9fded0f4bb&amp;id=f6207eb5d4&amp;e=77b7c3c13f\" target=\"_blank\" rel=\"noreferrer noopener\">91探花<\/a> (ABIC) promueve una reforma migratoria de sentido com\u00fan que promueve la competitividad econ\u00f3mica, proporciona a las empresas el talento altamente calificado y poco calificado que necesitan, y permite la integraci\u00f3n de los inmigrantes en nuestra econom\u00eda como consumidores, trabajadores, empresarios y ciudadanos.<\/p>\n\n<p class=\"wp-block-paragraph\"><a href=\"https:\/\/impacfund.org\/\" target=\"_blank\" rel=\"noreferrer noopener\">IMPAC Fund<\/a> es el cap\u00edtulo de Florida de la 91探花 (ABIC) que promueve una reforma migratoria de sentido com\u00fan que promueve la competitividad econ\u00f3mica, proporciona a las empresas el talento altamente calificado y poco calificado que necesitan, y permite la integraci\u00f3n de inmigrantes en nuestra econom\u00eda como consumidores, trabajadores, empresarios y ciudadanos. Para obtener m\u00e1s informaci\u00f3n, vaya a<a href=\"https:\/\/impacfund.us17.list-manage.com\/track\/click?u=5888e601c1b232a66eeb07620&amp;id=04cbf49d43&amp;e=9469656697&amp;emci=ba3cb5e1-f776-eb11-9889-00155d43c992&amp;emdi=ea000000-0000-0000-0000-000000000001&amp;ceid=%7B%7BContactsEmailID%7D%7D\" target=\"_blank\" rel=\"noreferrer noopener\"> impacfund.org. <\/a> <\/p>\n\n<p class=\"has-text-align-center wp-block-paragraph\">###<\/p>\n","protected":false},"excerpt":{"rendered":"<p>L\u00edderes venezolanos se unen al senador Van Hollen, l\u00edderes empresariales, l\u00edderes religiosos y defensores para impulsar protecciones permanentes para los designetarios de TPS MIAMI, FL \u2014 El senador estadounidense Chris&#8230;<\/p>\n","protected":false},"author":1,"featured_media":0,"comment_status":"closed","ping_status":"closed","sticky":false,"template":"","format":"standard","meta":{"footnotes":""},"categories":[63],"tags":[],"class_list":["post-34970","post","type-post","status-publish","format-standard","category-actualizaciones"],"yoast_head":"<!-- This site is optimized with the Yoast SEO plugin v28.3 - https:\/\/yoast.com\/product\/yoast-seo-wordpress\/ -->\n<title>L\u00edderes venezolanos se unen al senador Van Hollen, l\u00edderes empresariales, l\u00edderes religiosos y defensores para impulsar protecciones permanentes para los designetarios de TPS &#8212; Coalici\u00f3n 91探花a de Inmigraci\u00f3n Empresarial<\/title>\n<meta name=\"robots\" content=\"index, follow, max-snippet:-1, max-image-preview:large, max-video-preview:-1\" \/>\n<link rel=\"canonical\" href=\"https:\/\/abic.us\/es\/lideres-venezolanos-se-unen-al-senador-van-hollen-lideres-empresariales-lideres-religiosos-y-defensores-para-impulsar-protecciones-permanentes-para-los-designetarios-de-tps\/\" \/>\n<meta property=\"og:locale\" content=\"es_ES\" \/>\n<meta property=\"og:type\" content=\"article\" \/>\n<meta property=\"og:title\" content=\"L\u00edderes venezolanos se unen al senador Van Hollen, l\u00edderes empresariales, l\u00edderes religiosos y defensores para impulsar protecciones permanentes para los designetarios de TPS &#8212; Coalici\u00f3n 91探花a de Inmigraci\u00f3n Empresarial\" \/>\n<meta property=\"og:description\" content=\"L\u00edderes venezolanos se unen al senador Van Hollen, l\u00edderes empresariales, l\u00edderes religiosos y defensores para impulsar protecciones permanentes para los designetarios de TPS MIAMI, FL \u2014 El senador estadounidense Chris...\" \/>\n<meta property=\"og:url\" content=\"https:\/\/abic.us\/es\/lideres-venezolanos-se-unen-al-senador-van-hollen-lideres-empresariales-lideres-religiosos-y-defensores-para-impulsar-protecciones-permanentes-para-los-designetarios-de-tps\/\" \/>\n<meta property=\"og:site_name\" content=\"Coalici\u00f3n 91探花a de Inmigraci\u00f3n Empresarial\" \/>\n<meta property=\"article:publisher\" content=\"https:\/\/www.facebook.com\/91探花BIC\" \/>\n<meta property=\"article:published_time\" content=\"2021-03-31T13:57:44+00:00\" \/>\n<meta property=\"article:modified_time\" content=\"2021-12-06T14:31:57+00:00\" \/>\n<meta property=\"og:image\" content=\"https:\/\/abic.imgix.net\/assets\/new-casa-logo.png\" \/>\n<meta name=\"author\" content=\"abic\" \/>\n<meta name=\"twitter:card\" content=\"summary_large_image\" \/>\n<meta name=\"twitter:creator\" content=\"@91探花BIC\" \/>\n<meta name=\"twitter:site\" content=\"@91探花BIC\" \/>\n<meta name=\"twitter:label1\" content=\"Escrito por\" \/>\n\t<meta name=\"twitter:data1\" content=\"abic\" \/>\n\t<meta name=\"twitter:label2\" content=\"Tiempo de lectura\" \/>\n\t<meta name=\"twitter:data2\" content=\"3 minutos\" \/>\n<script type=\"application\/ld+json\" class=\"yoast-schema-graph\">{\"@context\":\"https:\\\/\\\/schema.org\",\"@graph\":[{\"@type\":\"Article\",\"@id\":\"https:\\\/\\\/abic.us\\\/es\\\/lideres-venezolanos-se-unen-al-senador-van-hollen-lideres-empresariales-lideres-religiosos-y-defensores-para-impulsar-protecciones-permanentes-para-los-designetarios-de-tps\\\/#article\",\"isPartOf\":{\"@id\":\"https:\\\/\\\/abic.us\\\/es\\\/lideres-venezolanos-se-unen-al-senador-van-hollen-lideres-empresariales-lideres-religiosos-y-defensores-para-impulsar-protecciones-permanentes-para-los-designetarios-de-tps\\\/\"},\"author\":{\"name\":\"abic\",\"@id\":\"https:\\\/\\\/abic.us\\\/es\\\/#\\\/schema\\\/person\\\/58547098a0d3b973c110fd8a36f0e0bb\"},\"headline\":\"L\u00edderes venezolanos se unen al senador Van Hollen, l\u00edderes empresariales, l\u00edderes religiosos y defensores para impulsar protecciones permanentes para los designetarios de TPS\",\"datePublished\":\"2021-03-31T13:57:44+00:00\",\"dateModified\":\"2021-12-06T14:31:57+00:00\",\"mainEntityOfPage\":{\"@id\":\"https:\\\/\\\/abic.us\\\/es\\\/lideres-venezolanos-se-unen-al-senador-van-hollen-lideres-empresariales-lideres-religiosos-y-defensores-para-impulsar-protecciones-permanentes-para-los-designetarios-de-tps\\\/\"},\"wordCount\":589,\"publisher\":{\"@id\":\"https:\\\/\\\/abic.us\\\/es\\\/#organization\"},\"image\":{\"@id\":\"https:\\\/\\\/abic.us\\\/es\\\/lideres-venezolanos-se-unen-al-senador-van-hollen-lideres-empresariales-lideres-religiosos-y-defensores-para-impulsar-protecciones-permanentes-para-los-designetarios-de-tps\\\/#primaryimage\"},\"thumbnailUrl\":\"https:\\\/\\\/abic.imgix.net\\\/assets\\\/new-casa-logo.png\",\"articleSection\":[\"Actualizaciones\"],\"inLanguage\":\"es\"},{\"@type\":\"WebPage\",\"@id\":\"https:\\\/\\\/abic.us\\\/es\\\/lideres-venezolanos-se-unen-al-senador-van-hollen-lideres-empresariales-lideres-religiosos-y-defensores-para-impulsar-protecciones-permanentes-para-los-designetarios-de-tps\\\/\",\"url\":\"https:\\\/\\\/abic.us\\\/es\\\/lideres-venezolanos-se-unen-al-senador-van-hollen-lideres-empresariales-lideres-religiosos-y-defensores-para-impulsar-protecciones-permanentes-para-los-designetarios-de-tps\\\/\",\"name\":\"L\u00edderes venezolanos se unen al senador Van Hollen, l\u00edderes empresariales, l\u00edderes religiosos y defensores para impulsar protecciones permanentes para los designetarios de TPS &#8212; Coalici\u00f3n 91探花a de Inmigraci\u00f3n Empresarial\",\"isPartOf\":{\"@id\":\"https:\\\/\\\/abic.us\\\/es\\\/#website\"},\"primaryImageOfPage\":{\"@id\":\"https:\\\/\\\/abic.us\\\/es\\\/lideres-venezolanos-se-unen-al-senador-van-hollen-lideres-empresariales-lideres-religiosos-y-defensores-para-impulsar-protecciones-permanentes-para-los-designetarios-de-tps\\\/#primaryimage\"},\"image\":{\"@id\":\"https:\\\/\\\/abic.us\\\/es\\\/lideres-venezolanos-se-unen-al-senador-van-hollen-lideres-empresariales-lideres-religiosos-y-defensores-para-impulsar-protecciones-permanentes-para-los-designetarios-de-tps\\\/#primaryimage\"},\"thumbnailUrl\":\"https:\\\/\\\/abic.imgix.net\\\/assets\\\/new-casa-logo.png\",\"datePublished\":\"2021-03-31T13:57:44+00:00\",\"dateModified\":\"2021-12-06T14:31:57+00:00\",\"breadcrumb\":{\"@id\":\"https:\\\/\\\/abic.us\\\/es\\\/lideres-venezolanos-se-unen-al-senador-van-hollen-lideres-empresariales-lideres-religiosos-y-defensores-para-impulsar-protecciones-permanentes-para-los-designetarios-de-tps\\\/#breadcrumb\"},\"inLanguage\":\"es\",\"potentialAction\":[{\"@type\":\"ReadAction\",\"target\":[\"https:\\\/\\\/abic.us\\\/es\\\/lideres-venezolanos-se-unen-al-senador-van-hollen-lideres-empresariales-lideres-religiosos-y-defensores-para-impulsar-protecciones-permanentes-para-los-designetarios-de-tps\\\/\"]}]},{\"@type\":\"ImageObject\",\"inLanguage\":\"es\",\"@id\":\"https:\\\/\\\/abic.us\\\/es\\\/lideres-venezolanos-se-unen-al-senador-van-hollen-lideres-empresariales-lideres-religiosos-y-defensores-para-impulsar-protecciones-permanentes-para-los-designetarios-de-tps\\\/#primaryimage\",\"url\":\"https:\\\/\\\/abic.imgix.net\\\/assets\\\/new-casa-logo.png\",\"contentUrl\":\"https:\\\/\\\/abic.imgix.net\\\/assets\\\/new-casa-logo.png\"},{\"@type\":\"BreadcrumbList\",\"@id\":\"https:\\\/\\\/abic.us\\\/es\\\/lideres-venezolanos-se-unen-al-senador-van-hollen-lideres-empresariales-lideres-religiosos-y-defensores-para-impulsar-protecciones-permanentes-para-los-designetarios-de-tps\\\/#breadcrumb\",\"itemListElement\":[{\"@type\":\"ListItem\",\"position\":1,\"name\":\"Hogar\",\"item\":\"https:\\\/\\\/abic.us\\\/es\\\/\"},{\"@type\":\"ListItem\",\"position\":2,\"name\":\"L\u00edderes venezolanos se unen al senador Van Hollen, l\u00edderes empresariales, l\u00edderes religiosos y defensores para impulsar protecciones permanentes para los designetarios de TPS\"}]},{\"@type\":\"WebSite\",\"@id\":\"https:\\\/\\\/abic.us\\\/es\\\/#website\",\"url\":\"https:\\\/\\\/abic.us\\\/es\\\/\",\"name\":\"Coalici\u00f3n 91探花a de Inmigraci\u00f3n Empresarial\",\"description\":\"Juntos, promoveremos una reforma migratoria sensata que crezca empleos, fortalezca nuestra econom\u00eda y beneficie a todas las familias estadounidenses.\",\"publisher\":{\"@id\":\"https:\\\/\\\/abic.us\\\/es\\\/#organization\"},\"potentialAction\":[{\"@type\":\"SearchAction\",\"target\":{\"@type\":\"EntryPoint\",\"urlTemplate\":\"https:\\\/\\\/abic.us\\\/es\\\/?s={search_term_string}\"},\"query-input\":{\"@type\":\"PropertyValueSpecification\",\"valueRequired\":true,\"valueName\":\"search_term_string\"}}],\"inLanguage\":\"es\"},{\"@type\":\"Organization\",\"@id\":\"https:\\\/\\\/abic.us\\\/es\\\/#organization\",\"name\":\"91探花\",\"url\":\"https:\\\/\\\/abic.us\\\/es\\\/\",\"logo\":{\"@type\":\"ImageObject\",\"inLanguage\":\"es\",\"@id\":\"https:\\\/\\\/abic.us\\\/es\\\/#\\\/schema\\\/logo\\\/image\\\/\",\"url\":\"https:\\\/\\\/abic.us\\\/wp-content\\\/uploads\\\/2021\\\/11\\\/ABIC-Logo.png\",\"contentUrl\":\"https:\\\/\\\/abic.us\\\/wp-content\\\/uploads\\\/2021\\\/11\\\/ABIC-Logo.png\",\"width\":1000,\"height\":260,\"caption\":\"91探花\"},\"image\":{\"@id\":\"https:\\\/\\\/abic.us\\\/es\\\/#\\\/schema\\\/logo\\\/image\\\/\"},\"sameAs\":[\"https:\\\/\\\/www.facebook.com\\\/91探花BIC\",\"https:\\\/\\\/x.com\\\/91探花BIC\"]},{\"@type\":\"Person\",\"@id\":\"https:\\\/\\\/abic.us\\\/es\\\/#\\\/schema\\\/person\\\/58547098a0d3b973c110fd8a36f0e0bb\",\"name\":\"abic\",\"image\":{\"@type\":\"ImageObject\",\"inLanguage\":\"es\",\"@id\":\"https:\\\/\\\/secure.gravatar.com\\\/avatar\\\/4a2893b0ce0ce34781c1e0a9251ffe4322e67c4e95cdf48463d10701c3bd4c8e?s=96&d=mm&r=g\",\"url\":\"https:\\\/\\\/secure.gravatar.com\\\/avatar\\\/4a2893b0ce0ce34781c1e0a9251ffe4322e67c4e95cdf48463d10701c3bd4c8e?s=96&d=mm&r=g\",\"contentUrl\":\"https:\\\/\\\/secure.gravatar.com\\\/avatar\\\/4a2893b0ce0ce34781c1e0a9251ffe4322e67c4e95cdf48463d10701c3bd4c8e?s=96&d=mm&r=g\",\"caption\":\"abic\"},\"sameAs\":[\"https:\\\/\\\/abic.wpengine.com\"]}]}<\/script>\n<!-- \/ Yoast SEO plugin. -->","yoast_head_json":{"title":"L\u00edderes venezolanos se unen al senador Van Hollen, l\u00edderes empresariales, l\u00edderes religiosos y defensores para impulsar protecciones permanentes para los designetarios de TPS &#8212; Coalici\u00f3n 91探花a de Inmigraci\u00f3n Empresarial","robots":{"index":"index","follow":"follow","max-snippet":"max-snippet:-1","max-image-preview":"max-image-preview:large","max-video-preview":"max-video-preview:-1"},"canonical":"https:\/\/abic.us\/es\/lideres-venezolanos-se-unen-al-senador-van-hollen-lideres-empresariales-lideres-religiosos-y-defensores-para-impulsar-protecciones-permanentes-para-los-designetarios-de-tps\/","og_locale":"es_ES","og_type":"article","og_title":"L\u00edderes venezolanos se unen al senador Van Hollen, l\u00edderes empresariales, l\u00edderes religiosos y defensores para impulsar protecciones permanentes para los designetarios de TPS &#8212; Coalici\u00f3n 91探花a de Inmigraci\u00f3n Empresarial","og_description":"L\u00edderes venezolanos se unen al senador Van Hollen, l\u00edderes empresariales, l\u00edderes religiosos y defensores para impulsar protecciones permanentes para los designetarios de TPS MIAMI, FL \u2014 El senador estadounidense Chris...","og_url":"https:\/\/abic.us\/es\/lideres-venezolanos-se-unen-al-senador-van-hollen-lideres-empresariales-lideres-religiosos-y-defensores-para-impulsar-protecciones-permanentes-para-los-designetarios-de-tps\/","og_site_name":"Coalici\u00f3n 91探花a de Inmigraci\u00f3n Empresarial","article_publisher":"https:\/\/www.facebook.com\/91探花BIC","article_published_time":"2021-03-31T13:57:44+00:00","article_modified_time":"2021-12-06T14:31:57+00:00","og_image":[{"url":"https:\/\/abic.imgix.net\/assets\/new-casa-logo.png","type":"","width":"","height":""}],"author":"abic","twitter_card":"summary_large_image","twitter_creator":"@91探花BIC","twitter_site":"@91探花BIC","twitter_misc":{"Escrito por":"abic","Tiempo de lectura":"3 minutos"},"schema":{"@context":"https:\/\/schema.org","@graph":[{"@type":"Article","@id":"https:\/\/abic.us\/es\/lideres-venezolanos-se-unen-al-senador-van-hollen-lideres-empresariales-lideres-religiosos-y-defensores-para-impulsar-protecciones-permanentes-para-los-designetarios-de-tps\/#article","isPartOf":{"@id":"https:\/\/abic.us\/es\/lideres-venezolanos-se-unen-al-senador-van-hollen-lideres-empresariales-lideres-religiosos-y-defensores-para-impulsar-protecciones-permanentes-para-los-designetarios-de-tps\/"},"author":{"name":"abic","@id":"https:\/\/abic.us\/es\/#\/schema\/person\/58547098a0d3b973c110fd8a36f0e0bb"},"headline":"L\u00edderes venezolanos se unen al senador Van Hollen, l\u00edderes empresariales, l\u00edderes religiosos y defensores para impulsar protecciones permanentes para los designetarios de TPS","datePublished":"2021-03-31T13:57:44+00:00","dateModified":"2021-12-06T14:31:57+00:00","mainEntityOfPage":{"@id":"https:\/\/abic.us\/es\/lideres-venezolanos-se-unen-al-senador-van-hollen-lideres-empresariales-lideres-religiosos-y-defensores-para-impulsar-protecciones-permanentes-para-los-designetarios-de-tps\/"},"wordCount":589,"publisher":{"@id":"https:\/\/abic.us\/es\/#organization"},"image":{"@id":"https:\/\/abic.us\/es\/lideres-venezolanos-se-unen-al-senador-van-hollen-lideres-empresariales-lideres-religiosos-y-defensores-para-impulsar-protecciones-permanentes-para-los-designetarios-de-tps\/#primaryimage"},"thumbnailUrl":"https:\/\/abic.imgix.net\/assets\/new-casa-logo.png","articleSection":["Actualizaciones"],"inLanguage":"es"},{"@type":"WebPage","@id":"https:\/\/abic.us\/es\/lideres-venezolanos-se-unen-al-senador-van-hollen-lideres-empresariales-lideres-religiosos-y-defensores-para-impulsar-protecciones-permanentes-para-los-designetarios-de-tps\/","url":"https:\/\/abic.us\/es\/lideres-venezolanos-se-unen-al-senador-van-hollen-lideres-empresariales-lideres-religiosos-y-defensores-para-impulsar-protecciones-permanentes-para-los-designetarios-de-tps\/","name":"L\u00edderes venezolanos se unen al senador Van Hollen, l\u00edderes empresariales, l\u00edderes religiosos y defensores para impulsar protecciones permanentes para los designetarios de TPS &#8212; Coalici\u00f3n 91探花a de Inmigraci\u00f3n Empresarial","isPartOf":{"@id":"https:\/\/abic.us\/es\/#website"},"primaryImageOfPage":{"@id":"https:\/\/abic.us\/es\/lideres-venezolanos-se-unen-al-senador-van-hollen-lideres-empresariales-lideres-religiosos-y-defensores-para-impulsar-protecciones-permanentes-para-los-designetarios-de-tps\/#primaryimage"},"image":{"@id":"https:\/\/abic.us\/es\/lideres-venezolanos-se-unen-al-senador-van-hollen-lideres-empresariales-lideres-religiosos-y-defensores-para-impulsar-protecciones-permanentes-para-los-designetarios-de-tps\/#primaryimage"},"thumbnailUrl":"https:\/\/abic.imgix.net\/assets\/new-casa-logo.png","datePublished":"2021-03-31T13:57:44+00:00","dateModified":"2021-12-06T14:31:57+00:00","breadcrumb":{"@id":"https:\/\/abic.us\/es\/lideres-venezolanos-se-unen-al-senador-van-hollen-lideres-empresariales-lideres-religiosos-y-defensores-para-impulsar-protecciones-permanentes-para-los-designetarios-de-tps\/#breadcrumb"},"inLanguage":"es","potentialAction":[{"@type":"ReadAction","target":["https:\/\/abic.us\/es\/lideres-venezolanos-se-unen-al-senador-van-hollen-lideres-empresariales-lideres-religiosos-y-defensores-para-impulsar-protecciones-permanentes-para-los-designetarios-de-tps\/"]}]},{"@type":"ImageObject","inLanguage":"es","@id":"https:\/\/abic.us\/es\/lideres-venezolanos-se-unen-al-senador-van-hollen-lideres-empresariales-lideres-religiosos-y-defensores-para-impulsar-protecciones-permanentes-para-los-designetarios-de-tps\/#primaryimage","url":"https:\/\/abic.imgix.net\/assets\/new-casa-logo.png","contentUrl":"https:\/\/abic.imgix.net\/assets\/new-casa-logo.png"},{"@type":"BreadcrumbList","@id":"https:\/\/abic.us\/es\/lideres-venezolanos-se-unen-al-senador-van-hollen-lideres-empresariales-lideres-religiosos-y-defensores-para-impulsar-protecciones-permanentes-para-los-designetarios-de-tps\/#breadcrumb","itemListElement":[{"@type":"ListItem","position":1,"name":"Hogar","item":"https:\/\/abic.us\/es\/"},{"@type":"ListItem","position":2,"name":"L\u00edderes venezolanos se unen al senador Van Hollen, l\u00edderes empresariales, l\u00edderes religiosos y defensores para impulsar protecciones permanentes para los designetarios de TPS"}]},{"@type":"WebSite","@id":"https:\/\/abic.us\/es\/#website","url":"https:\/\/abic.us\/es\/","name":"Coalici\u00f3n 91探花a de Inmigraci\u00f3n Empresarial","description":"Juntos, promoveremos una reforma migratoria sensata que crezca empleos, fortalezca nuestra econom\u00eda y beneficie a todas las familias estadounidenses.","publisher":{"@id":"https:\/\/abic.us\/es\/#organization"},"potentialAction":[{"@type":"SearchAction","target":{"@type":"EntryPoint","urlTemplate":"https:\/\/abic.us\/es\/?s={search_term_string}"},"query-input":{"@type":"PropertyValueSpecification","valueRequired":true,"valueName":"search_term_string"}}],"inLanguage":"es"},{"@type":"Organization","@id":"https:\/\/abic.us\/es\/#organization","name":"91探花","url":"https:\/\/abic.us\/es\/","logo":{"@type":"ImageObject","inLanguage":"es","@id":"https:\/\/abic.us\/es\/#\/schema\/logo\/image\/","url":"https:\/\/abic.us\/wp-content\/uploads\/2021\/11\/ABIC-Logo.png","contentUrl":"https:\/\/abic.us\/wp-content\/uploads\/2021\/11\/ABIC-Logo.png","width":1000,"height":260,"caption":"91探花"},"image":{"@id":"https:\/\/abic.us\/es\/#\/schema\/logo\/image\/"},"sameAs":["https:\/\/www.facebook.com\/91探花BIC","https:\/\/x.com\/91探花BIC"]},{"@type":"Person","@id":"https:\/\/abic.us\/es\/#\/schema\/person\/58547098a0d3b973c110fd8a36f0e0bb","name":"abic","image":{"@type":"ImageObject","inLanguage":"es","@id":"https:\/\/secure.gravatar.com\/avatar\/4a2893b0ce0ce34781c1e0a9251ffe4322e67c4e95cdf48463d10701c3bd4c8e?s=96&d=mm&r=g","url":"https:\/\/secure.gravatar.com\/avatar\/4a2893b0ce0ce34781c1e0a9251ffe4322e67c4e95cdf48463d10701c3bd4c8e?s=96&d=mm&r=g","contentUrl":"https:\/\/secure.gravatar.com\/avatar\/4a2893b0ce0ce34781c1e0a9251ffe4322e67c4e95cdf48463d10701c3bd4c8e?s=96&d=mm&r=g","caption":"abic"},"sameAs":["https:\/\/abic.wpengine.com"]}]}},"_links":{"self":[{"href":"https:\/\/abic.us\/es\/wp-json\/wp\/v2\/posts\/34970","targetHints":{"allow":["GET"]}}],"collection":[{"href":"https:\/\/abic.us\/es\/wp-json\/wp\/v2\/posts"}],"about":[{"href":"https:\/\/abic.us\/es\/wp-json\/wp\/v2\/types\/post"}],"author":[{"embeddable":true,"href":"https:\/\/abic.us\/es\/wp-json\/wp\/v2\/users\/1"}],"replies":[{"embeddable":true,"href":"https:\/\/abic.us\/es\/wp-json\/wp\/v2\/comments?post=34970"}],"version-history":[{"count":0,"href":"https:\/\/abic.us\/es\/wp-json\/wp\/v2\/posts\/34970\/revisions"}],"wp:attachment":[{"href":"https:\/\/abic.us\/es\/wp-json\/wp\/v2\/media?parent=34970"}],"wp:term":[{"taxonomy":"category","embeddable":true,"href":"https:\/\/abic.us\/es\/wp-json\/wp\/v2\/categories?post=34970"},{"taxonomy":"post_tag","embeddable":true,"href":"https:\/\/abic.us\/es\/wp-json\/wp\/v2\/tags?post=34970"}],"curies":[{"name":"wp","href":"https:\/\/api.w.org\/{rel}","templated":true}]}}