  {"id":34984,"date":"2020-11-23T22:29:31","date_gmt":"2020-11-23T22:29:31","guid":{"rendered":"https:\/\/abic.wpengine.com\/con-la-experiencia-y-el-liderazgo-en-mente-biden-elige-a-mayorkas-para-dirigir-el-dhs\/"},"modified":"2021-12-06T14:32:28","modified_gmt":"2021-12-06T14:32:28","slug":"con-la-experiencia-y-el-liderazgo-en-mente-biden-elige-a-mayorkas-para-dirigir-el-dhs","status":"publish","type":"post","link":"https:\/\/abic.us\/es\/con-la-experiencia-y-el-liderazgo-en-mente-biden-elige-a-mayorkas-para-dirigir-el-dhs\/","title":{"rendered":"Con la experiencia y el liderazgo en mente, Biden elige a Mayorkas para dirigir el DHS"},"content":{"rendered":"<p>PARA PUBLICACI\u00d3N INMEDIATA:  <\/p>\n<p>noviembre 23, 2020  <\/p>\n<p>CONTACTO:  <\/p>\n<p>| Hiram Soto hsoto@americanbic.biz | 858-349-7940<\/p>\n<p>**Con la experiencia y el liderazgo en mente, Biden elige a Mayorkas para dirigir el DHS**<\/p>\n<p>! [](https:\/\/abic.imgix.net\/assets\/Alejandro_Mayorkas.jpg)<\/p>\n<p>**Alejandro Mayorkas** ser\u00eda el primer latino e inmigrante en dirigir una agencia encargada de combatir a los terroristas y la violencia extremista local, as\u00ed como de ayudar a arreglar nuestro sistema de inmigraci\u00f3n roto.<\/p>\n<p>El presidente electo Joe Biden ha seleccionado a Alejandro Mayorkas para dirigir el Departamento de Seguridad Nacional (DHS) despu\u00e9s de a\u00f1os de inestabilidad e incertidumbre para familias y empresas en todo el pa\u00eds. Es el l\u00edder experimentado que el pa\u00eds necesita para reconstruir el DHS y restaurar la credibilidad del departamento.<\/p>\n<p>**El Sr. Mayorkas ser\u00e1 el primer latino en dirigir la agencia.** Su familia lleg\u00f3 a los Estados Unidos como refugiados que hu\u00edan de la Cuba comunista.<\/p>\n<p>Rebecca Shi, Directora Ejecutiva de la 91探花 (ABIC): *\u00bbDamos la bienvenida a la decisi\u00f3n del presidente electo Joe Biden de nombrar a Alejandro Mayorkas como el pr\u00f3ximo Secretario del Departamento de Seguridad Nacional (DHS). Traer\u00e1 un liderazgo experimentado y no partidista muy necesario a una agencia que desempe\u00f1ar\u00e1 un papel fundamental en la reparaci\u00f3n y mejora de nuestro sistema de inmigraci\u00f3n roto en beneficio de las familias, las comunidades y las empresas de todo el pa\u00eds. Esto har\u00e1 que nuestra naci\u00f3n sea m\u00e1s fuerte y m\u00e1s segura, mientras nos mantenemos fieles a nuestros valores como naci\u00f3n de inmigrantes\u00bb. *<\/p>\n<p>Sam Scott, CEO retirado de Ingredion Incorporated y copresidente de ABIC:  <\/p>\n<p>*\u00bbEl Sr. Mayorkas es respetado por la comunidad empresarial y los funcionarios electos de ambos partidos por su trabajo como director de USCIS confirmado por el Senado y como el Senado confirm\u00f3 al Subsecretario del DHS durante la administraci\u00f3n de Obama. En ambas agencias realiz\u00f3 algunas de las tareas m\u00e1s dif\u00edciles con la m\u00e1xima competencia y compasi\u00f3n. Es ampliamente conocido por su papel en la implementaci\u00f3n de DACA\u00bb. *<\/p>\n<p>Mike Fern\u00e1ndez, presidente de MBF Healthcare Partners y copresidente de ABIC:  <\/p>\n<p>*\u00bbComo Subsecretario de Seguridad Nacional, el Sr. Mayorkas dirigi\u00f3 un departamento que proces\u00f3 profesional y r\u00e1pidamente una amplia gama de visas esenciales para nuestra comunidad empresarial, incluidas visas de alta calificaci\u00f3n, empresarios, agricultura y trabajadores temporales. Algunas de estas visas han sido amenazadas o severamente reducidas bajo la administraci\u00f3n Trump, perjudicando a empresas y familias por igual.  <\/p>\n<p>El presidente electo Biden necesitar\u00e1 a alguien con un historial comprobado que pueda comenzar a funcionar desde el primer d\u00eda. El Sr. Mayorkas estar\u00eda bien posicionado para reparar, reconstruir y revitalizar la tercera agencia m\u00e1s grande del gobierno federal, vital para nuestra seguridad nacional y la recuperaci\u00f3n de Covid 19&#8243;. *<\/p>\n<p>###<\/p>\n<p>La 91探花 (ABIC) promueve una reforma migratoria de sentido com\u00fan que promueve la competitividad econ\u00f3mica, proporciona a las empresas el talento altamente calificado y poco calificado que necesitan, y permite la integraci\u00f3n de los inmigrantes en nuestra econom\u00eda como consumidores, trabajadores, empresarios y ciudadanos.<\/p>\n","protected":false},"excerpt":{"rendered":"<p>PARA PUBLICACI\u00d3N INMEDIATA: noviembre 23, 2020 CONTACTO: | Hiram Soto hsoto@americanbic.biz | 858-349-7940 **Con la experiencia y el liderazgo en mente, Biden elige a Mayorkas para dirigir el DHS** !&#8230;<\/p>\n","protected":false},"author":1,"featured_media":0,"comment_status":"closed","ping_status":"closed","sticky":false,"template":"","format":"standard","meta":{"footnotes":""},"categories":[63,71],"tags":[],"class_list":["post-34984","post","type-post","status-publish","format-standard","category-actualizaciones","category-declaraciones-y-comunicados"],"yoast_head":"<!-- This site is optimized with the Yoast SEO plugin v28.3 - https:\/\/yoast.com\/product\/yoast-seo-wordpress\/ -->\n<title>Con la experiencia y el liderazgo en mente, Biden elige a Mayorkas para dirigir el DHS &#8212; Coalici\u00f3n 91探花a de Inmigraci\u00f3n Empresarial<\/title>\n<meta name=\"description\" content=\"Alejandro Mayorkas ser\u00eda el primer latino e inmigrante en dirigir una agencia encargada de combatir a los terroristas y la violencia extremista local, as\u00ed como de ayudar a arreglar nuestro sistema de inmigraci\u00f3n roto.\" \/>\n<meta name=\"robots\" content=\"index, follow, max-snippet:-1, max-image-preview:large, max-video-preview:-1\" \/>\n<link rel=\"canonical\" href=\"https:\/\/abic.us\/es\/con-la-experiencia-y-el-liderazgo-en-mente-biden-elige-a-mayorkas-para-dirigir-el-dhs\/\" \/>\n<meta property=\"og:locale\" content=\"es_ES\" \/>\n<meta property=\"og:type\" content=\"article\" \/>\n<meta property=\"og:title\" content=\"Con la experiencia y el liderazgo en mente, Biden elige a Mayorkas para dirigir el DHS &#8212; Coalici\u00f3n 91探花a de Inmigraci\u00f3n Empresarial\" \/>\n<meta property=\"og:description\" content=\"Alejandro Mayorkas ser\u00eda el primer latino e inmigrante en dirigir una agencia encargada de combatir a los terroristas y la violencia extremista local, as\u00ed como de ayudar a arreglar nuestro sistema de inmigraci\u00f3n roto.\" \/>\n<meta property=\"og:url\" content=\"https:\/\/abic.us\/es\/con-la-experiencia-y-el-liderazgo-en-mente-biden-elige-a-mayorkas-para-dirigir-el-dhs\/\" \/>\n<meta property=\"og:site_name\" content=\"Coalici\u00f3n 91探花a de Inmigraci\u00f3n Empresarial\" \/>\n<meta property=\"article:publisher\" content=\"https:\/\/www.facebook.com\/91探花BIC\" \/>\n<meta property=\"article:published_time\" content=\"2020-11-23T22:29:31+00:00\" \/>\n<meta property=\"article:modified_time\" content=\"2021-12-06T14:32:28+00:00\" \/>\n<meta property=\"og:image\" content=\"https:\/\/abic.imgix.net\/assets\/Alejandro_Mayorkas.jpg\" \/>\n<meta name=\"author\" content=\"abic\" \/>\n<meta name=\"twitter:card\" content=\"summary_large_image\" \/>\n<meta name=\"twitter:image\" content=\"https:\/\/abic.imgix.net\/assets\/Alejandro_Mayorkas.jpg\" \/>\n<meta name=\"twitter:creator\" content=\"@91探花BIC\" \/>\n<meta name=\"twitter:site\" content=\"@91探花BIC\" \/>\n<meta name=\"twitter:label1\" content=\"Escrito por\" \/>\n\t<meta name=\"twitter:data1\" content=\"abic\" \/>\n\t<meta name=\"twitter:label2\" content=\"Tiempo de lectura\" \/>\n\t<meta name=\"twitter:data2\" content=\"3 minutos\" \/>\n<script type=\"application\/ld+json\" class=\"yoast-schema-graph\">{\"@context\":\"https:\\\/\\\/schema.org\",\"@graph\":[{\"@type\":\"Article\",\"@id\":\"https:\\\/\\\/abic.us\\\/es\\\/con-la-experiencia-y-el-liderazgo-en-mente-biden-elige-a-mayorkas-para-dirigir-el-dhs\\\/#article\",\"isPartOf\":{\"@id\":\"https:\\\/\\\/abic.us\\\/es\\\/con-la-experiencia-y-el-liderazgo-en-mente-biden-elige-a-mayorkas-para-dirigir-el-dhs\\\/\"},\"author\":{\"name\":\"abic\",\"@id\":\"https:\\\/\\\/abic.us\\\/es\\\/#\\\/schema\\\/person\\\/58547098a0d3b973c110fd8a36f0e0bb\"},\"headline\":\"Con la experiencia y el liderazgo en mente, Biden elige a Mayorkas para dirigir el DHS\",\"datePublished\":\"2020-11-23T22:29:31+00:00\",\"dateModified\":\"2021-12-06T14:32:28+00:00\",\"mainEntityOfPage\":{\"@id\":\"https:\\\/\\\/abic.us\\\/es\\\/con-la-experiencia-y-el-liderazgo-en-mente-biden-elige-a-mayorkas-para-dirigir-el-dhs\\\/\"},\"wordCount\":544,\"publisher\":{\"@id\":\"https:\\\/\\\/abic.us\\\/es\\\/#organization\"},\"articleSection\":[\"Actualizaciones\",\"Declaraciones y comunicados\"],\"inLanguage\":\"es\"},{\"@type\":\"WebPage\",\"@id\":\"https:\\\/\\\/abic.us\\\/es\\\/con-la-experiencia-y-el-liderazgo-en-mente-biden-elige-a-mayorkas-para-dirigir-el-dhs\\\/\",\"url\":\"https:\\\/\\\/abic.us\\\/es\\\/con-la-experiencia-y-el-liderazgo-en-mente-biden-elige-a-mayorkas-para-dirigir-el-dhs\\\/\",\"name\":\"Con la experiencia y el liderazgo en mente, Biden elige a Mayorkas para dirigir el DHS &#8212; Coalici\u00f3n 91探花a de Inmigraci\u00f3n Empresarial\",\"isPartOf\":{\"@id\":\"https:\\\/\\\/abic.us\\\/es\\\/#website\"},\"datePublished\":\"2020-11-23T22:29:31+00:00\",\"dateModified\":\"2021-12-06T14:32:28+00:00\",\"description\":\"Alejandro Mayorkas ser\u00eda el primer latino e inmigrante en dirigir una agencia encargada de combatir a los terroristas y la violencia extremista local, as\u00ed como de ayudar a arreglar nuestro sistema de inmigraci\u00f3n roto.\",\"breadcrumb\":{\"@id\":\"https:\\\/\\\/abic.us\\\/es\\\/con-la-experiencia-y-el-liderazgo-en-mente-biden-elige-a-mayorkas-para-dirigir-el-dhs\\\/#breadcrumb\"},\"inLanguage\":\"es\",\"potentialAction\":[{\"@type\":\"ReadAction\",\"target\":[\"https:\\\/\\\/abic.us\\\/es\\\/con-la-experiencia-y-el-liderazgo-en-mente-biden-elige-a-mayorkas-para-dirigir-el-dhs\\\/\"]}]},{\"@type\":\"BreadcrumbList\",\"@id\":\"https:\\\/\\\/abic.us\\\/es\\\/con-la-experiencia-y-el-liderazgo-en-mente-biden-elige-a-mayorkas-para-dirigir-el-dhs\\\/#breadcrumb\",\"itemListElement\":[{\"@type\":\"ListItem\",\"position\":1,\"name\":\"Hogar\",\"item\":\"https:\\\/\\\/abic.us\\\/es\\\/\"},{\"@type\":\"ListItem\",\"position\":2,\"name\":\"Con la experiencia y el liderazgo en mente, Biden elige a Mayorkas para dirigir el DHS\"}]},{\"@type\":\"WebSite\",\"@id\":\"https:\\\/\\\/abic.us\\\/es\\\/#website\",\"url\":\"https:\\\/\\\/abic.us\\\/es\\\/\",\"name\":\"Coalici\u00f3n 91探花a de Inmigraci\u00f3n Empresarial\",\"description\":\"Juntos, promoveremos una reforma migratoria sensata que crezca empleos, fortalezca nuestra econom\u00eda y beneficie a todas las familias estadounidenses.\",\"publisher\":{\"@id\":\"https:\\\/\\\/abic.us\\\/es\\\/#organization\"},\"potentialAction\":[{\"@type\":\"SearchAction\",\"target\":{\"@type\":\"EntryPoint\",\"urlTemplate\":\"https:\\\/\\\/abic.us\\\/es\\\/?s={search_term_string}\"},\"query-input\":{\"@type\":\"PropertyValueSpecification\",\"valueRequired\":true,\"valueName\":\"search_term_string\"}}],\"inLanguage\":\"es\"},{\"@type\":\"Organization\",\"@id\":\"https:\\\/\\\/abic.us\\\/es\\\/#organization\",\"name\":\"91探花\",\"url\":\"https:\\\/\\\/abic.us\\\/es\\\/\",\"logo\":{\"@type\":\"ImageObject\",\"inLanguage\":\"es\",\"@id\":\"https:\\\/\\\/abic.us\\\/es\\\/#\\\/schema\\\/logo\\\/image\\\/\",\"url\":\"https:\\\/\\\/abic.us\\\/wp-content\\\/uploads\\\/2021\\\/11\\\/ABIC-Logo.png\",\"contentUrl\":\"https:\\\/\\\/abic.us\\\/wp-content\\\/uploads\\\/2021\\\/11\\\/ABIC-Logo.png\",\"width\":1000,\"height\":260,\"caption\":\"91探花\"},\"image\":{\"@id\":\"https:\\\/\\\/abic.us\\\/es\\\/#\\\/schema\\\/logo\\\/image\\\/\"},\"sameAs\":[\"https:\\\/\\\/www.facebook.com\\\/91探花BIC\",\"https:\\\/\\\/x.com\\\/91探花BIC\"]},{\"@type\":\"Person\",\"@id\":\"https:\\\/\\\/abic.us\\\/es\\\/#\\\/schema\\\/person\\\/58547098a0d3b973c110fd8a36f0e0bb\",\"name\":\"abic\",\"image\":{\"@type\":\"ImageObject\",\"inLanguage\":\"es\",\"@id\":\"https:\\\/\\\/secure.gravatar.com\\\/avatar\\\/4a2893b0ce0ce34781c1e0a9251ffe4322e67c4e95cdf48463d10701c3bd4c8e?s=96&d=mm&r=g\",\"url\":\"https:\\\/\\\/secure.gravatar.com\\\/avatar\\\/4a2893b0ce0ce34781c1e0a9251ffe4322e67c4e95cdf48463d10701c3bd4c8e?s=96&d=mm&r=g\",\"contentUrl\":\"https:\\\/\\\/secure.gravatar.com\\\/avatar\\\/4a2893b0ce0ce34781c1e0a9251ffe4322e67c4e95cdf48463d10701c3bd4c8e?s=96&d=mm&r=g\",\"caption\":\"abic\"},\"sameAs\":[\"https:\\\/\\\/abic.wpengine.com\"]}]}<\/script>\n<!-- \/ Yoast SEO plugin. -->","yoast_head_json":{"title":"Con la experiencia y el liderazgo en mente, Biden elige a Mayorkas para dirigir el DHS &#8212; Coalici\u00f3n 91探花a de Inmigraci\u00f3n Empresarial","description":"Alejandro Mayorkas ser\u00eda el primer latino e inmigrante en dirigir una agencia encargada de combatir a los terroristas y la violencia extremista local, as\u00ed como de ayudar a arreglar nuestro sistema de inmigraci\u00f3n roto.","robots":{"index":"index","follow":"follow","max-snippet":"max-snippet:-1","max-image-preview":"max-image-preview:large","max-video-preview":"max-video-preview:-1"},"canonical":"https:\/\/abic.us\/es\/con-la-experiencia-y-el-liderazgo-en-mente-biden-elige-a-mayorkas-para-dirigir-el-dhs\/","og_locale":"es_ES","og_type":"article","og_title":"Con la experiencia y el liderazgo en mente, Biden elige a Mayorkas para dirigir el DHS &#8212; Coalici\u00f3n 91探花a de Inmigraci\u00f3n Empresarial","og_description":"Alejandro Mayorkas ser\u00eda el primer latino e inmigrante en dirigir una agencia encargada de combatir a los terroristas y la violencia extremista local, as\u00ed como de ayudar a arreglar nuestro sistema de inmigraci\u00f3n roto.","og_url":"https:\/\/abic.us\/es\/con-la-experiencia-y-el-liderazgo-en-mente-biden-elige-a-mayorkas-para-dirigir-el-dhs\/","og_site_name":"Coalici\u00f3n 91探花a de Inmigraci\u00f3n Empresarial","article_publisher":"https:\/\/www.facebook.com\/91探花BIC","article_published_time":"2020-11-23T22:29:31+00:00","article_modified_time":"2021-12-06T14:32:28+00:00","og_image":[{"url":"https:\/\/abic.imgix.net\/assets\/Alejandro_Mayorkas.jpg","type":"","width":"","height":""}],"author":"abic","twitter_card":"summary_large_image","twitter_image":"https:\/\/abic.imgix.net\/assets\/Alejandro_Mayorkas.jpg","twitter_creator":"@91探花BIC","twitter_site":"@91探花BIC","twitter_misc":{"Escrito por":"abic","Tiempo de lectura":"3 minutos"},"schema":{"@context":"https:\/\/schema.org","@graph":[{"@type":"Article","@id":"https:\/\/abic.us\/es\/con-la-experiencia-y-el-liderazgo-en-mente-biden-elige-a-mayorkas-para-dirigir-el-dhs\/#article","isPartOf":{"@id":"https:\/\/abic.us\/es\/con-la-experiencia-y-el-liderazgo-en-mente-biden-elige-a-mayorkas-para-dirigir-el-dhs\/"},"author":{"name":"abic","@id":"https:\/\/abic.us\/es\/#\/schema\/person\/58547098a0d3b973c110fd8a36f0e0bb"},"headline":"Con la experiencia y el liderazgo en mente, Biden elige a Mayorkas para dirigir el DHS","datePublished":"2020-11-23T22:29:31+00:00","dateModified":"2021-12-06T14:32:28+00:00","mainEntityOfPage":{"@id":"https:\/\/abic.us\/es\/con-la-experiencia-y-el-liderazgo-en-mente-biden-elige-a-mayorkas-para-dirigir-el-dhs\/"},"wordCount":544,"publisher":{"@id":"https:\/\/abic.us\/es\/#organization"},"articleSection":["Actualizaciones","Declaraciones y comunicados"],"inLanguage":"es"},{"@type":"WebPage","@id":"https:\/\/abic.us\/es\/con-la-experiencia-y-el-liderazgo-en-mente-biden-elige-a-mayorkas-para-dirigir-el-dhs\/","url":"https:\/\/abic.us\/es\/con-la-experiencia-y-el-liderazgo-en-mente-biden-elige-a-mayorkas-para-dirigir-el-dhs\/","name":"Con la experiencia y el liderazgo en mente, Biden elige a Mayorkas para dirigir el DHS &#8212; Coalici\u00f3n 91探花a de Inmigraci\u00f3n Empresarial","isPartOf":{"@id":"https:\/\/abic.us\/es\/#website"},"datePublished":"2020-11-23T22:29:31+00:00","dateModified":"2021-12-06T14:32:28+00:00","description":"Alejandro Mayorkas ser\u00eda el primer latino e inmigrante en dirigir una agencia encargada de combatir a los terroristas y la violencia extremista local, as\u00ed como de ayudar a arreglar nuestro sistema de inmigraci\u00f3n roto.","breadcrumb":{"@id":"https:\/\/abic.us\/es\/con-la-experiencia-y-el-liderazgo-en-mente-biden-elige-a-mayorkas-para-dirigir-el-dhs\/#breadcrumb"},"inLanguage":"es","potentialAction":[{"@type":"ReadAction","target":["https:\/\/abic.us\/es\/con-la-experiencia-y-el-liderazgo-en-mente-biden-elige-a-mayorkas-para-dirigir-el-dhs\/"]}]},{"@type":"BreadcrumbList","@id":"https:\/\/abic.us\/es\/con-la-experiencia-y-el-liderazgo-en-mente-biden-elige-a-mayorkas-para-dirigir-el-dhs\/#breadcrumb","itemListElement":[{"@type":"ListItem","position":1,"name":"Hogar","item":"https:\/\/abic.us\/es\/"},{"@type":"ListItem","position":2,"name":"Con la experiencia y el liderazgo en mente, Biden elige a Mayorkas para dirigir el DHS"}]},{"@type":"WebSite","@id":"https:\/\/abic.us\/es\/#website","url":"https:\/\/abic.us\/es\/","name":"Coalici\u00f3n 91探花a de Inmigraci\u00f3n Empresarial","description":"Juntos, promoveremos una reforma migratoria sensata que crezca empleos, fortalezca nuestra econom\u00eda y beneficie a todas las familias estadounidenses.","publisher":{"@id":"https:\/\/abic.us\/es\/#organization"},"potentialAction":[{"@type":"SearchAction","target":{"@type":"EntryPoint","urlTemplate":"https:\/\/abic.us\/es\/?s={search_term_string}"},"query-input":{"@type":"PropertyValueSpecification","valueRequired":true,"valueName":"search_term_string"}}],"inLanguage":"es"},{"@type":"Organization","@id":"https:\/\/abic.us\/es\/#organization","name":"91探花","url":"https:\/\/abic.us\/es\/","logo":{"@type":"ImageObject","inLanguage":"es","@id":"https:\/\/abic.us\/es\/#\/schema\/logo\/image\/","url":"https:\/\/abic.us\/wp-content\/uploads\/2021\/11\/ABIC-Logo.png","contentUrl":"https:\/\/abic.us\/wp-content\/uploads\/2021\/11\/ABIC-Logo.png","width":1000,"height":260,"caption":"91探花"},"image":{"@id":"https:\/\/abic.us\/es\/#\/schema\/logo\/image\/"},"sameAs":["https:\/\/www.facebook.com\/91探花BIC","https:\/\/x.com\/91探花BIC"]},{"@type":"Person","@id":"https:\/\/abic.us\/es\/#\/schema\/person\/58547098a0d3b973c110fd8a36f0e0bb","name":"abic","image":{"@type":"ImageObject","inLanguage":"es","@id":"https:\/\/secure.gravatar.com\/avatar\/4a2893b0ce0ce34781c1e0a9251ffe4322e67c4e95cdf48463d10701c3bd4c8e?s=96&d=mm&r=g","url":"https:\/\/secure.gravatar.com\/avatar\/4a2893b0ce0ce34781c1e0a9251ffe4322e67c4e95cdf48463d10701c3bd4c8e?s=96&d=mm&r=g","contentUrl":"https:\/\/secure.gravatar.com\/avatar\/4a2893b0ce0ce34781c1e0a9251ffe4322e67c4e95cdf48463d10701c3bd4c8e?s=96&d=mm&r=g","caption":"abic"},"sameAs":["https:\/\/abic.wpengine.com"]}]}},"_links":{"self":[{"href":"https:\/\/abic.us\/es\/wp-json\/wp\/v2\/posts\/34984","targetHints":{"allow":["GET"]}}],"collection":[{"href":"https:\/\/abic.us\/es\/wp-json\/wp\/v2\/posts"}],"about":[{"href":"https:\/\/abic.us\/es\/wp-json\/wp\/v2\/types\/post"}],"author":[{"embeddable":true,"href":"https:\/\/abic.us\/es\/wp-json\/wp\/v2\/users\/1"}],"replies":[{"embeddable":true,"href":"https:\/\/abic.us\/es\/wp-json\/wp\/v2\/comments?post=34984"}],"version-history":[{"count":0,"href":"https:\/\/abic.us\/es\/wp-json\/wp\/v2\/posts\/34984\/revisions"}],"wp:attachment":[{"href":"https:\/\/abic.us\/es\/wp-json\/wp\/v2\/media?parent=34984"}],"wp:term":[{"taxonomy":"category","embeddable":true,"href":"https:\/\/abic.us\/es\/wp-json\/wp\/v2\/categories?post=34984"},{"taxonomy":"post_tag","embeddable":true,"href":"https:\/\/abic.us\/es\/wp-json\/wp\/v2\/tags?post=34984"}],"curies":[{"name":"wp","href":"https:\/\/api.w.org\/{rel}","templated":true}]}}