  {"id":34988,"date":"2020-11-30T16:16:29","date_gmt":"2020-11-30T16:16:29","guid":{"rendered":"https:\/\/abic.wpengine.com\/la-senadora-susan-collins-es-la-ultima-en-unirse-a-la-cumbre-bipartidista-de-inmigracion\/"},"modified":"2021-12-06T14:32:29","modified_gmt":"2021-12-06T14:32:29","slug":"la-senadora-susan-collins-es-la-ultima-en-unirse-a-la-cumbre-bipartidista-de-inmigracion","status":"publish","type":"post","link":"https:\/\/abic.us\/es\/la-senadora-susan-collins-es-la-ultima-en-unirse-a-la-cumbre-bipartidista-de-inmigracion\/","title":{"rendered":"La senadora Susan Collins es la \u00faltima en unirse a la cumbre bipartidista de inmigraci\u00f3n"},"content":{"rendered":"<p>## La senadora Susan Collins es la \u00faltima en unirse a la Cumbre bipartidista de inmigraci\u00f3n<br \/>\n#### Se une a los senadores Schumer y Cornyn junto con otros miembros del Congreso, l\u00edderes empresariales y defensores para presionar el bot\u00f3n &#8216;reiniciar&#8217; sobre inmigraci\u00f3n durante la pr\u00f3xima cumbre virtual<\/p>\n<p>**PARA PUBLICACI\u00d3N INMEDIATA:**<br \/>\nnoviembre 30, 2020<\/p>\n<p>**CONTACTOS DE PRENSA:**<br \/>\n| Hiram Soto (858) 349-7940 | [hsoto@americanbic .biz](mailto:hsoto@americanbic.biz)<\/p>\n<p>**Dallas, TX** \u2014 La senadora Susan Collins (R-ME) es la \u00faltima funcionario electa de alto rango en participar en la cumbre [Reavivando el motor econ\u00f3mico: soluciones de inmigraci\u00f3n para 2021] (https:\/\/abic.us\/events\/summit\/), que tiene como objetivo iniciar las negociaciones en el Congreso en torno a la inmigraci\u00f3n.<\/p>\n<p>![Senator Collins] (https:\/\/abic.imgix.net\/assets\/headshot_collins.jpg?w=624&amp;h=416&amp;fit=crop&amp;crop=top)<\/p>\n<p>El evento virtual tendr\u00e1 lugar el jueves 3 de diciembre a las 11 a.m. EST** y est\u00e1 organizado por el [91探花] (https:\/\/abic.us\/) (ABIC), que promueve una reforma migratoria de sentido com\u00fan que promueve la competitividad econ\u00f3mica, proporciona a las empresas tanto el talento altamente calificado como el poco calificado que necesitan, y permite la integraci\u00f3n de los inmigrantes en nuestra econom\u00eda como consumidores, trabajadores, empresarios y ciudadanos. Para registrarse en el evento, haga clic [here] en (https:\/\/zoom.us\/webinar\/register\/WN_KIBkFJYCQyauAS0va-BIcA).<\/p>\n<p>**Senador. Collins** (R-ME) se unir\u00e1 a **Sens. Chuck Schumer** (D-NY) y **John Cornyn** (R-TX) junto con un grupo bipartidista de funcionarios electos que incluyen **Sen. Dick Durbin** (D-IL), **Sen. Thom Tillis** (R-NC), **Sen. Chris Coons** (D-DE) y **Sen. Marco Rubio** (R-FL), as\u00ed como los representantes estadounidenses Mario D\u00edaz-Balart** (R-FL) y **Will Hurd** (R-TX).  <\/p>\n<p>## Lo m\u00e1s destacado de la cumbre para el jueves 3 de diciembre a partir de las 11AM EST  <\/p>\n<p>+ 11:15-11:30AM EST &#8211; Senadora Susan Collins (R-ME)<br \/>\n+ 11:30-12 PM EST &#8211; Senador Chuck Schumer (D-NY), con el presidente de MBF Healthcare Partners, Mike Fern\u00e1ndez<br \/>\n+ 12 &#8211; 12:30PM EST &#8211; Los senadores Dick Durbin (D-IL) y Chris Coons (D-DE), con el CEO de MedGlobal, Zaher Sahloul, y el presidente de Dream.us, Don Graham.<br \/>\n+ 3:00 &#8211; 3:30PM EST &#8211; El senador John Cornyn (R-TX) y el presidente senior de Hunt Companies, Woody Hunt: Fireside Chat<\/p>\n<p>Para obtener una lista completa de panelistas y sesiones, haga clic en [here] (https:\/\/abic.us\/events\/summit\/).<\/p>\n<p>***<\/p>\n<p>## Detalles del evento<\/p>\n<p>**Qu\u00e9:** Reavivando el motor econ\u00f3mico: soluciones de inmigraci\u00f3n para 2021, una cumbre virtual organizada por ABIC<br \/>\n**Cu\u00e1ndo:** Jueves, 3 de diciembre a las 11 AM EST<br \/>\n**C\u00f3mo unirse:** Reg\u00edstrese aqu\u00ed<\/p>\n<p>### Acerca de<\/p>\n<p>La 91探花 (ABIC) promueve una reforma migratoria de sentido com\u00fan que promueve la competitividad econ\u00f3mica, proporciona a las empresas el talento altamente calificado y poco calificado que necesitan, y permite la integraci\u00f3n de los inmigrantes en nuestra econom\u00eda como consumidores, trabajadores, empresarios y ciudadanos.<\/p>\n","protected":false},"excerpt":{"rendered":"<p>Se une a miembros del Congreso, l\u00edderes empresariales y defensores para presionar el bot\u00f3n &#8216;reiniciar&#8217; sobre inmigraci\u00f3n durante la pr\u00f3xima cumbre virtual<\/p>\n","protected":false},"author":1,"featured_media":34278,"comment_status":"closed","ping_status":"closed","sticky":false,"template":"","format":"standard","meta":{"footnotes":""},"categories":[63,71],"tags":[],"class_list":["post-34988","post","type-post","status-publish","format-standard","has-post-thumbnail","category-actualizaciones","category-declaraciones-y-comunicados"],"yoast_head":"<!-- This site is optimized with the Yoast SEO plugin v28.3 - https:\/\/yoast.com\/product\/yoast-seo-wordpress\/ -->\n<title>La senadora Susan Collins es la \u00faltima en unirse a la cumbre bipartidista de inmigraci\u00f3n &#8212; Coalici\u00f3n 91探花a de Inmigraci\u00f3n Empresarial<\/title>\n<meta name=\"description\" content=\"Se une a miembros del Congreso, l\u00edderes empresariales y defensores para presionar el bot\u00f3n &#039;reiniciar&#039; sobre inmigraci\u00f3n durante la pr\u00f3xima cumbre virtual\" \/>\n<meta name=\"robots\" content=\"index, follow, max-snippet:-1, max-image-preview:large, max-video-preview:-1\" \/>\n<link rel=\"canonical\" href=\"https:\/\/abic.us\/es\/la-senadora-susan-collins-es-la-ultima-en-unirse-a-la-cumbre-bipartidista-de-inmigracion\/\" \/>\n<meta property=\"og:locale\" content=\"es_ES\" \/>\n<meta property=\"og:type\" content=\"article\" \/>\n<meta property=\"og:title\" content=\"La senadora Susan Collins es la \u00faltima en unirse a la cumbre bipartidista de inmigraci\u00f3n &#8212; Coalici\u00f3n 91探花a de Inmigraci\u00f3n Empresarial\" \/>\n<meta property=\"og:description\" content=\"Se une a miembros del Congreso, l\u00edderes empresariales y defensores para presionar el bot\u00f3n &#039;reiniciar&#039; sobre inmigraci\u00f3n durante la pr\u00f3xima cumbre virtual\" \/>\n<meta property=\"og:url\" content=\"https:\/\/abic.us\/es\/la-senadora-susan-collins-es-la-ultima-en-unirse-a-la-cumbre-bipartidista-de-inmigracion\/\" \/>\n<meta property=\"og:site_name\" content=\"Coalici\u00f3n 91探花a de Inmigraci\u00f3n Empresarial\" \/>\n<meta property=\"article:publisher\" content=\"https:\/\/www.facebook.com\/91探花BIC\" \/>\n<meta property=\"article:published_time\" content=\"2020-11-30T16:16:29+00:00\" \/>\n<meta property=\"article:modified_time\" content=\"2021-12-06T14:32:29+00:00\" \/>\n<meta property=\"og:image\" content=\"https:\/\/abic.us\/wp-content\/uploads\/2020\/11\/headshot_collins.jpg\" \/>\n\t<meta property=\"og:image:width\" content=\"600\" \/>\n\t<meta property=\"og:image:height\" content=\"624\" \/>\n\t<meta property=\"og:image:type\" content=\"image\/jpeg\" \/>\n<meta name=\"author\" content=\"abic\" \/>\n<meta name=\"twitter:card\" content=\"summary_large_image\" \/>\n<meta name=\"twitter:creator\" content=\"@91探花BIC\" \/>\n<meta name=\"twitter:site\" content=\"@91探花BIC\" \/>\n<meta name=\"twitter:label1\" content=\"Escrito por\" \/>\n\t<meta name=\"twitter:data1\" content=\"abic\" \/>\n\t<meta name=\"twitter:label2\" content=\"Tiempo de lectura\" \/>\n\t<meta name=\"twitter:data2\" content=\"2 minutos\" \/>\n<script type=\"application\/ld+json\" class=\"yoast-schema-graph\">{\"@context\":\"https:\\\/\\\/schema.org\",\"@graph\":[{\"@type\":\"Article\",\"@id\":\"https:\\\/\\\/abic.us\\\/es\\\/la-senadora-susan-collins-es-la-ultima-en-unirse-a-la-cumbre-bipartidista-de-inmigracion\\\/#article\",\"isPartOf\":{\"@id\":\"https:\\\/\\\/abic.us\\\/es\\\/la-senadora-susan-collins-es-la-ultima-en-unirse-a-la-cumbre-bipartidista-de-inmigracion\\\/\"},\"author\":{\"name\":\"abic\",\"@id\":\"https:\\\/\\\/abic.us\\\/es\\\/#\\\/schema\\\/person\\\/58547098a0d3b973c110fd8a36f0e0bb\"},\"headline\":\"La senadora Susan Collins es la \u00faltima en unirse a la cumbre bipartidista de inmigraci\u00f3n\",\"datePublished\":\"2020-11-30T16:16:29+00:00\",\"dateModified\":\"2021-12-06T14:32:29+00:00\",\"mainEntityOfPage\":{\"@id\":\"https:\\\/\\\/abic.us\\\/es\\\/la-senadora-susan-collins-es-la-ultima-en-unirse-a-la-cumbre-bipartidista-de-inmigracion\\\/\"},\"wordCount\":498,\"publisher\":{\"@id\":\"https:\\\/\\\/abic.us\\\/es\\\/#organization\"},\"image\":{\"@id\":\"https:\\\/\\\/abic.us\\\/es\\\/la-senadora-susan-collins-es-la-ultima-en-unirse-a-la-cumbre-bipartidista-de-inmigracion\\\/#primaryimage\"},\"thumbnailUrl\":\"https:\\\/\\\/abic.us\\\/wp-content\\\/uploads\\\/2020\\\/11\\\/headshot_collins.jpg\",\"articleSection\":[\"Actualizaciones\",\"Declaraciones y comunicados\"],\"inLanguage\":\"es\"},{\"@type\":\"WebPage\",\"@id\":\"https:\\\/\\\/abic.us\\\/es\\\/la-senadora-susan-collins-es-la-ultima-en-unirse-a-la-cumbre-bipartidista-de-inmigracion\\\/\",\"url\":\"https:\\\/\\\/abic.us\\\/es\\\/la-senadora-susan-collins-es-la-ultima-en-unirse-a-la-cumbre-bipartidista-de-inmigracion\\\/\",\"name\":\"La senadora Susan Collins es la \u00faltima en unirse a la cumbre bipartidista de inmigraci\u00f3n &#8212; Coalici\u00f3n 91探花a de Inmigraci\u00f3n Empresarial\",\"isPartOf\":{\"@id\":\"https:\\\/\\\/abic.us\\\/es\\\/#website\"},\"primaryImageOfPage\":{\"@id\":\"https:\\\/\\\/abic.us\\\/es\\\/la-senadora-susan-collins-es-la-ultima-en-unirse-a-la-cumbre-bipartidista-de-inmigracion\\\/#primaryimage\"},\"image\":{\"@id\":\"https:\\\/\\\/abic.us\\\/es\\\/la-senadora-susan-collins-es-la-ultima-en-unirse-a-la-cumbre-bipartidista-de-inmigracion\\\/#primaryimage\"},\"thumbnailUrl\":\"https:\\\/\\\/abic.us\\\/wp-content\\\/uploads\\\/2020\\\/11\\\/headshot_collins.jpg\",\"datePublished\":\"2020-11-30T16:16:29+00:00\",\"dateModified\":\"2021-12-06T14:32:29+00:00\",\"description\":\"Se une a miembros del Congreso, l\u00edderes empresariales y defensores para presionar el bot\u00f3n 'reiniciar' sobre inmigraci\u00f3n durante la pr\u00f3xima cumbre virtual\",\"breadcrumb\":{\"@id\":\"https:\\\/\\\/abic.us\\\/es\\\/la-senadora-susan-collins-es-la-ultima-en-unirse-a-la-cumbre-bipartidista-de-inmigracion\\\/#breadcrumb\"},\"inLanguage\":\"es\",\"potentialAction\":[{\"@type\":\"ReadAction\",\"target\":[\"https:\\\/\\\/abic.us\\\/es\\\/la-senadora-susan-collins-es-la-ultima-en-unirse-a-la-cumbre-bipartidista-de-inmigracion\\\/\"]}]},{\"@type\":\"ImageObject\",\"inLanguage\":\"es\",\"@id\":\"https:\\\/\\\/abic.us\\\/es\\\/la-senadora-susan-collins-es-la-ultima-en-unirse-a-la-cumbre-bipartidista-de-inmigracion\\\/#primaryimage\",\"url\":\"https:\\\/\\\/abic.us\\\/wp-content\\\/uploads\\\/2020\\\/11\\\/headshot_collins.jpg\",\"contentUrl\":\"https:\\\/\\\/abic.us\\\/wp-content\\\/uploads\\\/2020\\\/11\\\/headshot_collins.jpg\",\"width\":600,\"height\":624},{\"@type\":\"BreadcrumbList\",\"@id\":\"https:\\\/\\\/abic.us\\\/es\\\/la-senadora-susan-collins-es-la-ultima-en-unirse-a-la-cumbre-bipartidista-de-inmigracion\\\/#breadcrumb\",\"itemListElement\":[{\"@type\":\"ListItem\",\"position\":1,\"name\":\"Hogar\",\"item\":\"https:\\\/\\\/abic.us\\\/es\\\/\"},{\"@type\":\"ListItem\",\"position\":2,\"name\":\"La senadora Susan Collins es la \u00faltima en unirse a la cumbre bipartidista de inmigraci\u00f3n\"}]},{\"@type\":\"WebSite\",\"@id\":\"https:\\\/\\\/abic.us\\\/es\\\/#website\",\"url\":\"https:\\\/\\\/abic.us\\\/es\\\/\",\"name\":\"Coalici\u00f3n 91探花a de Inmigraci\u00f3n Empresarial\",\"description\":\"Juntos, promoveremos una reforma migratoria sensata que crezca empleos, fortalezca nuestra econom\u00eda y beneficie a todas las familias estadounidenses.\",\"publisher\":{\"@id\":\"https:\\\/\\\/abic.us\\\/es\\\/#organization\"},\"potentialAction\":[{\"@type\":\"SearchAction\",\"target\":{\"@type\":\"EntryPoint\",\"urlTemplate\":\"https:\\\/\\\/abic.us\\\/es\\\/?s={search_term_string}\"},\"query-input\":{\"@type\":\"PropertyValueSpecification\",\"valueRequired\":true,\"valueName\":\"search_term_string\"}}],\"inLanguage\":\"es\"},{\"@type\":\"Organization\",\"@id\":\"https:\\\/\\\/abic.us\\\/es\\\/#organization\",\"name\":\"91探花\",\"url\":\"https:\\\/\\\/abic.us\\\/es\\\/\",\"logo\":{\"@type\":\"ImageObject\",\"inLanguage\":\"es\",\"@id\":\"https:\\\/\\\/abic.us\\\/es\\\/#\\\/schema\\\/logo\\\/image\\\/\",\"url\":\"https:\\\/\\\/abic.us\\\/wp-content\\\/uploads\\\/2021\\\/11\\\/ABIC-Logo.png\",\"contentUrl\":\"https:\\\/\\\/abic.us\\\/wp-content\\\/uploads\\\/2021\\\/11\\\/ABIC-Logo.png\",\"width\":1000,\"height\":260,\"caption\":\"91探花\"},\"image\":{\"@id\":\"https:\\\/\\\/abic.us\\\/es\\\/#\\\/schema\\\/logo\\\/image\\\/\"},\"sameAs\":[\"https:\\\/\\\/www.facebook.com\\\/91探花BIC\",\"https:\\\/\\\/x.com\\\/91探花BIC\"]},{\"@type\":\"Person\",\"@id\":\"https:\\\/\\\/abic.us\\\/es\\\/#\\\/schema\\\/person\\\/58547098a0d3b973c110fd8a36f0e0bb\",\"name\":\"abic\",\"image\":{\"@type\":\"ImageObject\",\"inLanguage\":\"es\",\"@id\":\"https:\\\/\\\/secure.gravatar.com\\\/avatar\\\/4a2893b0ce0ce34781c1e0a9251ffe4322e67c4e95cdf48463d10701c3bd4c8e?s=96&d=mm&r=g\",\"url\":\"https:\\\/\\\/secure.gravatar.com\\\/avatar\\\/4a2893b0ce0ce34781c1e0a9251ffe4322e67c4e95cdf48463d10701c3bd4c8e?s=96&d=mm&r=g\",\"contentUrl\":\"https:\\\/\\\/secure.gravatar.com\\\/avatar\\\/4a2893b0ce0ce34781c1e0a9251ffe4322e67c4e95cdf48463d10701c3bd4c8e?s=96&d=mm&r=g\",\"caption\":\"abic\"},\"sameAs\":[\"https:\\\/\\\/abic.wpengine.com\"]}]}<\/script>\n<!-- \/ Yoast SEO plugin. -->","yoast_head_json":{"title":"La senadora Susan Collins es la \u00faltima en unirse a la cumbre bipartidista de inmigraci\u00f3n &#8212; Coalici\u00f3n 91探花a de Inmigraci\u00f3n Empresarial","description":"Se une a miembros del Congreso, l\u00edderes empresariales y defensores para presionar el bot\u00f3n 'reiniciar' sobre inmigraci\u00f3n durante la pr\u00f3xima cumbre virtual","robots":{"index":"index","follow":"follow","max-snippet":"max-snippet:-1","max-image-preview":"max-image-preview:large","max-video-preview":"max-video-preview:-1"},"canonical":"https:\/\/abic.us\/es\/la-senadora-susan-collins-es-la-ultima-en-unirse-a-la-cumbre-bipartidista-de-inmigracion\/","og_locale":"es_ES","og_type":"article","og_title":"La senadora Susan Collins es la \u00faltima en unirse a la cumbre bipartidista de inmigraci\u00f3n &#8212; Coalici\u00f3n 91探花a de Inmigraci\u00f3n Empresarial","og_description":"Se une a miembros del Congreso, l\u00edderes empresariales y defensores para presionar el bot\u00f3n 'reiniciar' sobre inmigraci\u00f3n durante la pr\u00f3xima cumbre virtual","og_url":"https:\/\/abic.us\/es\/la-senadora-susan-collins-es-la-ultima-en-unirse-a-la-cumbre-bipartidista-de-inmigracion\/","og_site_name":"Coalici\u00f3n 91探花a de Inmigraci\u00f3n Empresarial","article_publisher":"https:\/\/www.facebook.com\/91探花BIC","article_published_time":"2020-11-30T16:16:29+00:00","article_modified_time":"2021-12-06T14:32:29+00:00","og_image":[{"width":600,"height":624,"url":"https:\/\/abic.us\/wp-content\/uploads\/2020\/11\/headshot_collins.jpg","type":"image\/jpeg"}],"author":"abic","twitter_card":"summary_large_image","twitter_creator":"@91探花BIC","twitter_site":"@91探花BIC","twitter_misc":{"Escrito por":"abic","Tiempo de lectura":"2 minutos"},"schema":{"@context":"https:\/\/schema.org","@graph":[{"@type":"Article","@id":"https:\/\/abic.us\/es\/la-senadora-susan-collins-es-la-ultima-en-unirse-a-la-cumbre-bipartidista-de-inmigracion\/#article","isPartOf":{"@id":"https:\/\/abic.us\/es\/la-senadora-susan-collins-es-la-ultima-en-unirse-a-la-cumbre-bipartidista-de-inmigracion\/"},"author":{"name":"abic","@id":"https:\/\/abic.us\/es\/#\/schema\/person\/58547098a0d3b973c110fd8a36f0e0bb"},"headline":"La senadora Susan Collins es la \u00faltima en unirse a la cumbre bipartidista de inmigraci\u00f3n","datePublished":"2020-11-30T16:16:29+00:00","dateModified":"2021-12-06T14:32:29+00:00","mainEntityOfPage":{"@id":"https:\/\/abic.us\/es\/la-senadora-susan-collins-es-la-ultima-en-unirse-a-la-cumbre-bipartidista-de-inmigracion\/"},"wordCount":498,"publisher":{"@id":"https:\/\/abic.us\/es\/#organization"},"image":{"@id":"https:\/\/abic.us\/es\/la-senadora-susan-collins-es-la-ultima-en-unirse-a-la-cumbre-bipartidista-de-inmigracion\/#primaryimage"},"thumbnailUrl":"https:\/\/abic.us\/wp-content\/uploads\/2020\/11\/headshot_collins.jpg","articleSection":["Actualizaciones","Declaraciones y comunicados"],"inLanguage":"es"},{"@type":"WebPage","@id":"https:\/\/abic.us\/es\/la-senadora-susan-collins-es-la-ultima-en-unirse-a-la-cumbre-bipartidista-de-inmigracion\/","url":"https:\/\/abic.us\/es\/la-senadora-susan-collins-es-la-ultima-en-unirse-a-la-cumbre-bipartidista-de-inmigracion\/","name":"La senadora Susan Collins es la \u00faltima en unirse a la cumbre bipartidista de inmigraci\u00f3n &#8212; Coalici\u00f3n 91探花a de Inmigraci\u00f3n Empresarial","isPartOf":{"@id":"https:\/\/abic.us\/es\/#website"},"primaryImageOfPage":{"@id":"https:\/\/abic.us\/es\/la-senadora-susan-collins-es-la-ultima-en-unirse-a-la-cumbre-bipartidista-de-inmigracion\/#primaryimage"},"image":{"@id":"https:\/\/abic.us\/es\/la-senadora-susan-collins-es-la-ultima-en-unirse-a-la-cumbre-bipartidista-de-inmigracion\/#primaryimage"},"thumbnailUrl":"https:\/\/abic.us\/wp-content\/uploads\/2020\/11\/headshot_collins.jpg","datePublished":"2020-11-30T16:16:29+00:00","dateModified":"2021-12-06T14:32:29+00:00","description":"Se une a miembros del Congreso, l\u00edderes empresariales y defensores para presionar el bot\u00f3n 'reiniciar' sobre inmigraci\u00f3n durante la pr\u00f3xima cumbre virtual","breadcrumb":{"@id":"https:\/\/abic.us\/es\/la-senadora-susan-collins-es-la-ultima-en-unirse-a-la-cumbre-bipartidista-de-inmigracion\/#breadcrumb"},"inLanguage":"es","potentialAction":[{"@type":"ReadAction","target":["https:\/\/abic.us\/es\/la-senadora-susan-collins-es-la-ultima-en-unirse-a-la-cumbre-bipartidista-de-inmigracion\/"]}]},{"@type":"ImageObject","inLanguage":"es","@id":"https:\/\/abic.us\/es\/la-senadora-susan-collins-es-la-ultima-en-unirse-a-la-cumbre-bipartidista-de-inmigracion\/#primaryimage","url":"https:\/\/abic.us\/wp-content\/uploads\/2020\/11\/headshot_collins.jpg","contentUrl":"https:\/\/abic.us\/wp-content\/uploads\/2020\/11\/headshot_collins.jpg","width":600,"height":624},{"@type":"BreadcrumbList","@id":"https:\/\/abic.us\/es\/la-senadora-susan-collins-es-la-ultima-en-unirse-a-la-cumbre-bipartidista-de-inmigracion\/#breadcrumb","itemListElement":[{"@type":"ListItem","position":1,"name":"Hogar","item":"https:\/\/abic.us\/es\/"},{"@type":"ListItem","position":2,"name":"La senadora Susan Collins es la \u00faltima en unirse a la cumbre bipartidista de inmigraci\u00f3n"}]},{"@type":"WebSite","@id":"https:\/\/abic.us\/es\/#website","url":"https:\/\/abic.us\/es\/","name":"Coalici\u00f3n 91探花a de Inmigraci\u00f3n Empresarial","description":"Juntos, promoveremos una reforma migratoria sensata que crezca empleos, fortalezca nuestra econom\u00eda y beneficie a todas las familias estadounidenses.","publisher":{"@id":"https:\/\/abic.us\/es\/#organization"},"potentialAction":[{"@type":"SearchAction","target":{"@type":"EntryPoint","urlTemplate":"https:\/\/abic.us\/es\/?s={search_term_string}"},"query-input":{"@type":"PropertyValueSpecification","valueRequired":true,"valueName":"search_term_string"}}],"inLanguage":"es"},{"@type":"Organization","@id":"https:\/\/abic.us\/es\/#organization","name":"91探花","url":"https:\/\/abic.us\/es\/","logo":{"@type":"ImageObject","inLanguage":"es","@id":"https:\/\/abic.us\/es\/#\/schema\/logo\/image\/","url":"https:\/\/abic.us\/wp-content\/uploads\/2021\/11\/ABIC-Logo.png","contentUrl":"https:\/\/abic.us\/wp-content\/uploads\/2021\/11\/ABIC-Logo.png","width":1000,"height":260,"caption":"91探花"},"image":{"@id":"https:\/\/abic.us\/es\/#\/schema\/logo\/image\/"},"sameAs":["https:\/\/www.facebook.com\/91探花BIC","https:\/\/x.com\/91探花BIC"]},{"@type":"Person","@id":"https:\/\/abic.us\/es\/#\/schema\/person\/58547098a0d3b973c110fd8a36f0e0bb","name":"abic","image":{"@type":"ImageObject","inLanguage":"es","@id":"https:\/\/secure.gravatar.com\/avatar\/4a2893b0ce0ce34781c1e0a9251ffe4322e67c4e95cdf48463d10701c3bd4c8e?s=96&d=mm&r=g","url":"https:\/\/secure.gravatar.com\/avatar\/4a2893b0ce0ce34781c1e0a9251ffe4322e67c4e95cdf48463d10701c3bd4c8e?s=96&d=mm&r=g","contentUrl":"https:\/\/secure.gravatar.com\/avatar\/4a2893b0ce0ce34781c1e0a9251ffe4322e67c4e95cdf48463d10701c3bd4c8e?s=96&d=mm&r=g","caption":"abic"},"sameAs":["https:\/\/abic.wpengine.com"]}]}},"_links":{"self":[{"href":"https:\/\/abic.us\/es\/wp-json\/wp\/v2\/posts\/34988","targetHints":{"allow":["GET"]}}],"collection":[{"href":"https:\/\/abic.us\/es\/wp-json\/wp\/v2\/posts"}],"about":[{"href":"https:\/\/abic.us\/es\/wp-json\/wp\/v2\/types\/post"}],"author":[{"embeddable":true,"href":"https:\/\/abic.us\/es\/wp-json\/wp\/v2\/users\/1"}],"replies":[{"embeddable":true,"href":"https:\/\/abic.us\/es\/wp-json\/wp\/v2\/comments?post=34988"}],"version-history":[{"count":0,"href":"https:\/\/abic.us\/es\/wp-json\/wp\/v2\/posts\/34988\/revisions"}],"wp:featuredmedia":[{"embeddable":true,"href":"https:\/\/abic.us\/es\/wp-json\/wp\/v2\/media\/34278"}],"wp:attachment":[{"href":"https:\/\/abic.us\/es\/wp-json\/wp\/v2\/media?parent=34988"}],"wp:term":[{"taxonomy":"category","embeddable":true,"href":"https:\/\/abic.us\/es\/wp-json\/wp\/v2\/categories?post=34988"},{"taxonomy":"post_tag","embeddable":true,"href":"https:\/\/abic.us\/es\/wp-json\/wp\/v2\/tags?post=34988"}],"curies":[{"name":"wp","href":"https:\/\/api.w.org\/{rel}","templated":true}]}}