  {"id":34994,"date":"2021-01-12T21:41:01","date_gmt":"2021-01-12T21:41:01","guid":{"rendered":"https:\/\/abic.wpengine.com\/lideres-empresariales-y-donantes-dan-la-bienvenida-a-una-audiencia-temprana-en-el-senado-sobre-mayorkas-para-dirigir-el-dhs\/"},"modified":"2021-12-06T14:32:29","modified_gmt":"2021-12-06T14:32:29","slug":"lideres-empresariales-y-donantes-dan-la-bienvenida-a-una-audiencia-temprana-en-el-senado-sobre-mayorkas-para-dirigir-el-dhs","status":"publish","type":"post","link":"https:\/\/abic.us\/es\/lideres-empresariales-y-donantes-dan-la-bienvenida-a-una-audiencia-temprana-en-el-senado-sobre-mayorkas-para-dirigir-el-dhs\/","title":{"rendered":"L\u00edderes empresariales y donantes dan la bienvenida a una audiencia temprana en el Senado sobre Mayorkas para dirigir el DHS"},"content":{"rendered":"\n<figure class=\"wp-block-image is-resized\"><img loading=\"lazy\" decoding=\"async\" src=\"https:\/\/upload.wikimedia.org\/wikipedia\/commons\/d\/d6\/Alejandro_Mayorkas_Deputy_Secretary_of_Homeland_Security%2C_USA_%2826268579416%29.jpg\" alt=\"Archivo:Alejandro Mayorkas Subsecretario de Seguridad Nacional, USA (26268579416).jpg - Wikimedia Commons\" width=\"720\" height=\"480\"\/><\/figure>\n<h3 class=\"wp-block-heading\"><strong>L\u00edderes empresariales y donantes dan la bienvenida a una audiencia temprana en el Senado sobre Mayorkas para dirigir el DHS<\/strong><\/h3>\n\n<p class=\"wp-block-paragraph\"><strong>WASHINGTON, DC<\/strong> \u2014 El Comit\u00e9 de Seguridad Nacional y Asuntos Gubernamentales del Senado anunci\u00f3 que celebrar\u00e1 una audiencia de <a href=\"https:\/\/www.washingtontimes.com\/news\/2021\/jan\/12\/cedric-richmond-irresponsible-senate-not-move-forw\/\" target=\"_blank\" rel=\"noreferrer noopener\">confirmaci\u00f3n<\/a> sobre la nominaci\u00f3n de Alejandro Mayorkas para dirigir el Departamento de Seguridad Nacional (DHS) el 19 de enero, un d\u00eda antes de la toma de posesi\u00f3n del presidente electo Joe Biden. Este movimiento aumenta las esperanzas de que la nueva administraci\u00f3n pueda confirmar r\u00e1pidamente a Mayorkas y comenzar el importante trabajo de fortalecer nuestra seguridad nacional y la recuperaci\u00f3n econ\u00f3mica de COVID-19.  <\/p>\n\n<p class=\"wp-block-paragraph\">La audiencia fue anunciada por el senador Gary Peters (D-Mich.), presidente entrante del Comit\u00e9 de Seguridad Nacional del Senado, y Rob Portman (R-Ohio), el miembro entrante de mayor rango. L\u00edderes empresariales, donantes y defensores <a href=\"https:\/\/abic.wpengine.com\/wp-content\/uploads\/2021\/01\/ABIC-Letter-of-Support-for-Mayorkas.011220-2-1.pdf\" target=\"_blank\" rel=\"noreferrer noopener\">enviaron esta carta<\/a> instando a los miembros del comit\u00e9 a apoyar la confirmaci\u00f3n de Mayorkas. Mayorkas fue subsecretario del DHS y ex director del Servicio de Ciudadan\u00eda e Inmigraci\u00f3n de los Estados Unidos (USCIS). Mayorkas ser\u00eda el primer latino en dirigir la agencia. Su familia lleg\u00f3 a los Estados Unidos como refugiados que hu\u00edan de la Cuba comunista.  <\/p>\n\n<p class=\"wp-block-paragraph\"><strong>John Rowe, Presidente Em\u00e9rito de Exelon y Copresidente de la Coalici\u00f3n 91探花a de Inmigraci\u00f3n Empresarial (ABIC):<\/strong> <em>\u00abEn un momento de gran inestabilidad, necesitamos un l\u00edder experimentado para ayudar a reconstruir el DHS y restaurar la credibilidad del departamento. Me pongo en contacto con los senadores republicanos para alentar el apoyo. Deber\u00eda ser una votaci\u00f3n f\u00e1cil. Nadie ser\u00e1 \u00abprimado\u00bb por sus votos para confirmar a Mayorkas\u00bb.<\/em><\/p>\n\n<p class=\"wp-block-paragraph\"><strong>Sam Scott, CEO retirado de Ingredion Incorporated y copresidente de ABIC:  <\/strong><\/p>\n\n<p class=\"wp-block-paragraph\"><em>\u00abEl Sr. Mayorkas es respetado por la comunidad empresarial y los funcionarios electos de ambos partidos por su trabajo como director de USCIS confirmado por el Senado y como el Senado confirm\u00f3 al Subsecretario del DHS durante la administraci\u00f3n de Obama. En ambas agencias realiz\u00f3 algunas de las tareas m\u00e1s dif\u00edciles con la m\u00e1xima competencia y compasi\u00f3n. Es ampliamente conocido por su papel en la implementaci\u00f3n de DACA\u00bb.<\/em><\/p>\n\n<p class=\"wp-block-paragraph\"><strong>Mike Fern\u00e1ndez, presidente de MBF Healthcare Partners y copresidente de ABIC:  <\/strong><\/p>\n\n<p class=\"wp-block-paragraph\"><em>\u00abComo Subsecretario de Seguridad Nacional, el Sr. Mayorkas dirigi\u00f3 un departamento que proces\u00f3 profesional y r\u00e1pidamente una amplia gama de visas esenciales para nuestra comunidad empresarial, incluidas las visas de trabajadores temporales, empresarios, agr\u00edcolas y altamente calificados. Algunas de estas visas han sido amenazadas o severamente reducidas bajo la administraci\u00f3n Trump, perjudicando a empresas y familias por igual.  <\/em><\/p>\n\n<p class=\"wp-block-paragraph\"><em>El presidente electo Biden necesitar\u00e1 a alguien con un historial comprobado que pueda comenzar a funcionar desde el primer d\u00eda. El Sr. Mayorkas estar\u00eda bien posicionado para reparar, reconstruir y revitalizar la tercera agencia m\u00e1s grande del gobierno federal, vital para nuestra seguridad nacional y la recuperaci\u00f3n de Covid 19&#8243;.<\/em><\/p>\n\n<p class=\"has-text-align-center wp-block-paragraph\">###<\/p>\n\n<p class=\"wp-block-paragraph\"><em>La <\/em> <a href=\"https:\/\/illinoisbic.us5.list-manage.com\/track\/click?u=c9b77483e42e2ad9fded0f4bb&amp;id=f6207eb5d4&amp;e=77b7c3c13f\"><em>91探花<\/em>\n  \n<\/a> <em> (ABIC) promueve una reforma migratoria de sentido com\u00fan que promueve la competitividad econ\u00f3mica, proporciona a las empresas el talento altamente calificado y poco calificado que necesitan, y permite la integraci\u00f3n de los inmigrantes en nuestra econom\u00eda como consumidores, trabajadores, empresarios y ciudadanos.<\/em><\/p>\n","protected":false},"excerpt":{"rendered":"<p>El Comit\u00e9 de Seguridad Nacional y Asuntos Gubernamentales del Senado anunci\u00f3 que celebrar\u00e1 una audiencia de confirmaci\u00f3n sobre la nominaci\u00f3n de Alejandro Mayorkas para dirigir el Departamento de Seguridad Nacional (DHS) el 19 de enero, un d\u00eda antes de la toma de posesi\u00f3n del presidente electo Joe Biden.  <\/p>\n","protected":false},"author":1,"featured_media":0,"comment_status":"closed","ping_status":"closed","sticky":false,"template":"","format":"standard","meta":{"footnotes":""},"categories":[63],"tags":[],"class_list":["post-34994","post","type-post","status-publish","format-standard","category-actualizaciones"],"yoast_head":"<!-- This site is optimized with the Yoast SEO plugin v28.3 - https:\/\/yoast.com\/product\/yoast-seo-wordpress\/ -->\n<title>L\u00edderes empresariales y donantes dan la bienvenida a una audiencia temprana en el Senado sobre Mayorkas para dirigir el DHS &#8212; Coalici\u00f3n 91探花a de Inmigraci\u00f3n Empresarial<\/title>\n<meta name=\"description\" content=\"El Comit\u00e9 de Seguridad Nacional y Asuntos Gubernamentales del Senado anunci\u00f3 que celebrar\u00e1 una audiencia de confirmaci\u00f3n sobre la nominaci\u00f3n de Alejandro Mayorkas para dirigir el Departamento de Seguridad Nacional (DHS) el 19 de enero, un d\u00eda antes de la toma de posesi\u00f3n del presidente electo Joe Biden.\" \/>\n<meta name=\"robots\" content=\"index, follow, max-snippet:-1, max-image-preview:large, max-video-preview:-1\" \/>\n<link rel=\"canonical\" href=\"https:\/\/abic.us\/es\/lideres-empresariales-y-donantes-dan-la-bienvenida-a-una-audiencia-temprana-en-el-senado-sobre-mayorkas-para-dirigir-el-dhs\/\" \/>\n<meta property=\"og:locale\" content=\"es_ES\" \/>\n<meta property=\"og:type\" content=\"article\" \/>\n<meta property=\"og:title\" content=\"L\u00edderes empresariales y donantes dan la bienvenida a una audiencia temprana en el Senado sobre Mayorkas para dirigir el DHS &#8212; Coalici\u00f3n 91探花a de Inmigraci\u00f3n Empresarial\" \/>\n<meta property=\"og:description\" content=\"El Comit\u00e9 de Seguridad Nacional y Asuntos Gubernamentales del Senado anunci\u00f3 que celebrar\u00e1 una audiencia de confirmaci\u00f3n sobre la nominaci\u00f3n de Alejandro Mayorkas para dirigir el Departamento de Seguridad Nacional (DHS) el 19 de enero, un d\u00eda antes de la toma de posesi\u00f3n del presidente electo Joe Biden.\" \/>\n<meta property=\"og:url\" content=\"https:\/\/abic.us\/es\/lideres-empresariales-y-donantes-dan-la-bienvenida-a-una-audiencia-temprana-en-el-senado-sobre-mayorkas-para-dirigir-el-dhs\/\" \/>\n<meta property=\"og:site_name\" content=\"Coalici\u00f3n 91探花a de Inmigraci\u00f3n Empresarial\" \/>\n<meta property=\"article:publisher\" content=\"https:\/\/www.facebook.com\/91探花BIC\" \/>\n<meta property=\"article:published_time\" content=\"2021-01-12T21:41:01+00:00\" \/>\n<meta property=\"article:modified_time\" content=\"2021-12-06T14:32:29+00:00\" \/>\n<meta property=\"og:image\" content=\"https:\/\/upload.wikimedia.org\/wikipedia\/commons\/d\/d6\/Alejandro_Mayorkas_Deputy_Secretary_of_Homeland_Security%2C_USA_%2826268579416%29.jpg\" \/>\n<meta name=\"author\" content=\"abic\" \/>\n<meta name=\"twitter:card\" content=\"summary_large_image\" \/>\n<meta name=\"twitter:creator\" content=\"@91探花BIC\" \/>\n<meta name=\"twitter:site\" content=\"@91探花BIC\" \/>\n<meta name=\"twitter:label1\" content=\"Escrito por\" \/>\n\t<meta name=\"twitter:data1\" content=\"abic\" \/>\n\t<meta name=\"twitter:label2\" content=\"Tiempo de lectura\" \/>\n\t<meta name=\"twitter:data2\" content=\"3 minutos\" \/>\n<script type=\"application\/ld+json\" class=\"yoast-schema-graph\">{\"@context\":\"https:\\\/\\\/schema.org\",\"@graph\":[{\"@type\":\"Article\",\"@id\":\"https:\\\/\\\/abic.us\\\/es\\\/lideres-empresariales-y-donantes-dan-la-bienvenida-a-una-audiencia-temprana-en-el-senado-sobre-mayorkas-para-dirigir-el-dhs\\\/#article\",\"isPartOf\":{\"@id\":\"https:\\\/\\\/abic.us\\\/es\\\/lideres-empresariales-y-donantes-dan-la-bienvenida-a-una-audiencia-temprana-en-el-senado-sobre-mayorkas-para-dirigir-el-dhs\\\/\"},\"author\":{\"name\":\"abic\",\"@id\":\"https:\\\/\\\/abic.us\\\/es\\\/#\\\/schema\\\/person\\\/58547098a0d3b973c110fd8a36f0e0bb\"},\"headline\":\"L\u00edderes empresariales y donantes dan la bienvenida a una audiencia temprana en el Senado sobre Mayorkas para dirigir el DHS\",\"datePublished\":\"2021-01-12T21:41:01+00:00\",\"dateModified\":\"2021-12-06T14:32:29+00:00\",\"mainEntityOfPage\":{\"@id\":\"https:\\\/\\\/abic.us\\\/es\\\/lideres-empresariales-y-donantes-dan-la-bienvenida-a-una-audiencia-temprana-en-el-senado-sobre-mayorkas-para-dirigir-el-dhs\\\/\"},\"wordCount\":562,\"publisher\":{\"@id\":\"https:\\\/\\\/abic.us\\\/es\\\/#organization\"},\"image\":{\"@id\":\"https:\\\/\\\/abic.us\\\/es\\\/lideres-empresariales-y-donantes-dan-la-bienvenida-a-una-audiencia-temprana-en-el-senado-sobre-mayorkas-para-dirigir-el-dhs\\\/#primaryimage\"},\"thumbnailUrl\":\"https:\\\/\\\/upload.wikimedia.org\\\/wikipedia\\\/commons\\\/d\\\/d6\\\/Alejandro_Mayorkas_Deputy_Secretary_of_Homeland_Security%2C_USA_%2826268579416%29.jpg\",\"articleSection\":[\"Actualizaciones\"],\"inLanguage\":\"es\"},{\"@type\":\"WebPage\",\"@id\":\"https:\\\/\\\/abic.us\\\/es\\\/lideres-empresariales-y-donantes-dan-la-bienvenida-a-una-audiencia-temprana-en-el-senado-sobre-mayorkas-para-dirigir-el-dhs\\\/\",\"url\":\"https:\\\/\\\/abic.us\\\/es\\\/lideres-empresariales-y-donantes-dan-la-bienvenida-a-una-audiencia-temprana-en-el-senado-sobre-mayorkas-para-dirigir-el-dhs\\\/\",\"name\":\"L\u00edderes empresariales y donantes dan la bienvenida a una audiencia temprana en el Senado sobre Mayorkas para dirigir el DHS &#8212; Coalici\u00f3n 91探花a de Inmigraci\u00f3n Empresarial\",\"isPartOf\":{\"@id\":\"https:\\\/\\\/abic.us\\\/es\\\/#website\"},\"primaryImageOfPage\":{\"@id\":\"https:\\\/\\\/abic.us\\\/es\\\/lideres-empresariales-y-donantes-dan-la-bienvenida-a-una-audiencia-temprana-en-el-senado-sobre-mayorkas-para-dirigir-el-dhs\\\/#primaryimage\"},\"image\":{\"@id\":\"https:\\\/\\\/abic.us\\\/es\\\/lideres-empresariales-y-donantes-dan-la-bienvenida-a-una-audiencia-temprana-en-el-senado-sobre-mayorkas-para-dirigir-el-dhs\\\/#primaryimage\"},\"thumbnailUrl\":\"https:\\\/\\\/upload.wikimedia.org\\\/wikipedia\\\/commons\\\/d\\\/d6\\\/Alejandro_Mayorkas_Deputy_Secretary_of_Homeland_Security%2C_USA_%2826268579416%29.jpg\",\"datePublished\":\"2021-01-12T21:41:01+00:00\",\"dateModified\":\"2021-12-06T14:32:29+00:00\",\"description\":\"El Comit\u00e9 de Seguridad Nacional y Asuntos Gubernamentales del Senado anunci\u00f3 que celebrar\u00e1 una audiencia de confirmaci\u00f3n sobre la nominaci\u00f3n de Alejandro Mayorkas para dirigir el Departamento de Seguridad Nacional (DHS) el 19 de enero, un d\u00eda antes de la toma de posesi\u00f3n del presidente electo Joe Biden.\",\"breadcrumb\":{\"@id\":\"https:\\\/\\\/abic.us\\\/es\\\/lideres-empresariales-y-donantes-dan-la-bienvenida-a-una-audiencia-temprana-en-el-senado-sobre-mayorkas-para-dirigir-el-dhs\\\/#breadcrumb\"},\"inLanguage\":\"es\",\"potentialAction\":[{\"@type\":\"ReadAction\",\"target\":[\"https:\\\/\\\/abic.us\\\/es\\\/lideres-empresariales-y-donantes-dan-la-bienvenida-a-una-audiencia-temprana-en-el-senado-sobre-mayorkas-para-dirigir-el-dhs\\\/\"]}]},{\"@type\":\"ImageObject\",\"inLanguage\":\"es\",\"@id\":\"https:\\\/\\\/abic.us\\\/es\\\/lideres-empresariales-y-donantes-dan-la-bienvenida-a-una-audiencia-temprana-en-el-senado-sobre-mayorkas-para-dirigir-el-dhs\\\/#primaryimage\",\"url\":\"https:\\\/\\\/upload.wikimedia.org\\\/wikipedia\\\/commons\\\/d\\\/d6\\\/Alejandro_Mayorkas_Deputy_Secretary_of_Homeland_Security%2C_USA_%2826268579416%29.jpg\",\"contentUrl\":\"https:\\\/\\\/upload.wikimedia.org\\\/wikipedia\\\/commons\\\/d\\\/d6\\\/Alejandro_Mayorkas_Deputy_Secretary_of_Homeland_Security%2C_USA_%2826268579416%29.jpg\"},{\"@type\":\"BreadcrumbList\",\"@id\":\"https:\\\/\\\/abic.us\\\/es\\\/lideres-empresariales-y-donantes-dan-la-bienvenida-a-una-audiencia-temprana-en-el-senado-sobre-mayorkas-para-dirigir-el-dhs\\\/#breadcrumb\",\"itemListElement\":[{\"@type\":\"ListItem\",\"position\":1,\"name\":\"Hogar\",\"item\":\"https:\\\/\\\/abic.us\\\/es\\\/\"},{\"@type\":\"ListItem\",\"position\":2,\"name\":\"L\u00edderes empresariales y donantes dan la bienvenida a una audiencia temprana en el Senado sobre Mayorkas para dirigir el DHS\"}]},{\"@type\":\"WebSite\",\"@id\":\"https:\\\/\\\/abic.us\\\/es\\\/#website\",\"url\":\"https:\\\/\\\/abic.us\\\/es\\\/\",\"name\":\"Coalici\u00f3n 91探花a de Inmigraci\u00f3n Empresarial\",\"description\":\"Juntos, promoveremos una reforma migratoria sensata que crezca empleos, fortalezca nuestra econom\u00eda y beneficie a todas las familias estadounidenses.\",\"publisher\":{\"@id\":\"https:\\\/\\\/abic.us\\\/es\\\/#organization\"},\"potentialAction\":[{\"@type\":\"SearchAction\",\"target\":{\"@type\":\"EntryPoint\",\"urlTemplate\":\"https:\\\/\\\/abic.us\\\/es\\\/?s={search_term_string}\"},\"query-input\":{\"@type\":\"PropertyValueSpecification\",\"valueRequired\":true,\"valueName\":\"search_term_string\"}}],\"inLanguage\":\"es\"},{\"@type\":\"Organization\",\"@id\":\"https:\\\/\\\/abic.us\\\/es\\\/#organization\",\"name\":\"91探花\",\"url\":\"https:\\\/\\\/abic.us\\\/es\\\/\",\"logo\":{\"@type\":\"ImageObject\",\"inLanguage\":\"es\",\"@id\":\"https:\\\/\\\/abic.us\\\/es\\\/#\\\/schema\\\/logo\\\/image\\\/\",\"url\":\"https:\\\/\\\/abic.us\\\/wp-content\\\/uploads\\\/2021\\\/11\\\/ABIC-Logo.png\",\"contentUrl\":\"https:\\\/\\\/abic.us\\\/wp-content\\\/uploads\\\/2021\\\/11\\\/ABIC-Logo.png\",\"width\":1000,\"height\":260,\"caption\":\"91探花\"},\"image\":{\"@id\":\"https:\\\/\\\/abic.us\\\/es\\\/#\\\/schema\\\/logo\\\/image\\\/\"},\"sameAs\":[\"https:\\\/\\\/www.facebook.com\\\/91探花BIC\",\"https:\\\/\\\/x.com\\\/91探花BIC\"]},{\"@type\":\"Person\",\"@id\":\"https:\\\/\\\/abic.us\\\/es\\\/#\\\/schema\\\/person\\\/58547098a0d3b973c110fd8a36f0e0bb\",\"name\":\"abic\",\"image\":{\"@type\":\"ImageObject\",\"inLanguage\":\"es\",\"@id\":\"https:\\\/\\\/secure.gravatar.com\\\/avatar\\\/4a2893b0ce0ce34781c1e0a9251ffe4322e67c4e95cdf48463d10701c3bd4c8e?s=96&d=mm&r=g\",\"url\":\"https:\\\/\\\/secure.gravatar.com\\\/avatar\\\/4a2893b0ce0ce34781c1e0a9251ffe4322e67c4e95cdf48463d10701c3bd4c8e?s=96&d=mm&r=g\",\"contentUrl\":\"https:\\\/\\\/secure.gravatar.com\\\/avatar\\\/4a2893b0ce0ce34781c1e0a9251ffe4322e67c4e95cdf48463d10701c3bd4c8e?s=96&d=mm&r=g\",\"caption\":\"abic\"},\"sameAs\":[\"https:\\\/\\\/abic.wpengine.com\"]}]}<\/script>\n<!-- \/ Yoast SEO plugin. -->","yoast_head_json":{"title":"L\u00edderes empresariales y donantes dan la bienvenida a una audiencia temprana en el Senado sobre Mayorkas para dirigir el DHS &#8212; Coalici\u00f3n 91探花a de Inmigraci\u00f3n Empresarial","description":"El Comit\u00e9 de Seguridad Nacional y Asuntos Gubernamentales del Senado anunci\u00f3 que celebrar\u00e1 una audiencia de confirmaci\u00f3n sobre la nominaci\u00f3n de Alejandro Mayorkas para dirigir el Departamento de Seguridad Nacional (DHS) el 19 de enero, un d\u00eda antes de la toma de posesi\u00f3n del presidente electo Joe Biden.","robots":{"index":"index","follow":"follow","max-snippet":"max-snippet:-1","max-image-preview":"max-image-preview:large","max-video-preview":"max-video-preview:-1"},"canonical":"https:\/\/abic.us\/es\/lideres-empresariales-y-donantes-dan-la-bienvenida-a-una-audiencia-temprana-en-el-senado-sobre-mayorkas-para-dirigir-el-dhs\/","og_locale":"es_ES","og_type":"article","og_title":"L\u00edderes empresariales y donantes dan la bienvenida a una audiencia temprana en el Senado sobre Mayorkas para dirigir el DHS &#8212; Coalici\u00f3n 91探花a de Inmigraci\u00f3n Empresarial","og_description":"El Comit\u00e9 de Seguridad Nacional y Asuntos Gubernamentales del Senado anunci\u00f3 que celebrar\u00e1 una audiencia de confirmaci\u00f3n sobre la nominaci\u00f3n de Alejandro Mayorkas para dirigir el Departamento de Seguridad Nacional (DHS) el 19 de enero, un d\u00eda antes de la toma de posesi\u00f3n del presidente electo Joe Biden.","og_url":"https:\/\/abic.us\/es\/lideres-empresariales-y-donantes-dan-la-bienvenida-a-una-audiencia-temprana-en-el-senado-sobre-mayorkas-para-dirigir-el-dhs\/","og_site_name":"Coalici\u00f3n 91探花a de Inmigraci\u00f3n Empresarial","article_publisher":"https:\/\/www.facebook.com\/91探花BIC","article_published_time":"2021-01-12T21:41:01+00:00","article_modified_time":"2021-12-06T14:32:29+00:00","og_image":[{"url":"https:\/\/upload.wikimedia.org\/wikipedia\/commons\/d\/d6\/Alejandro_Mayorkas_Deputy_Secretary_of_Homeland_Security%2C_USA_%2826268579416%29.jpg","type":"","width":"","height":""}],"author":"abic","twitter_card":"summary_large_image","twitter_creator":"@91探花BIC","twitter_site":"@91探花BIC","twitter_misc":{"Escrito por":"abic","Tiempo de lectura":"3 minutos"},"schema":{"@context":"https:\/\/schema.org","@graph":[{"@type":"Article","@id":"https:\/\/abic.us\/es\/lideres-empresariales-y-donantes-dan-la-bienvenida-a-una-audiencia-temprana-en-el-senado-sobre-mayorkas-para-dirigir-el-dhs\/#article","isPartOf":{"@id":"https:\/\/abic.us\/es\/lideres-empresariales-y-donantes-dan-la-bienvenida-a-una-audiencia-temprana-en-el-senado-sobre-mayorkas-para-dirigir-el-dhs\/"},"author":{"name":"abic","@id":"https:\/\/abic.us\/es\/#\/schema\/person\/58547098a0d3b973c110fd8a36f0e0bb"},"headline":"L\u00edderes empresariales y donantes dan la bienvenida a una audiencia temprana en el Senado sobre Mayorkas para dirigir el DHS","datePublished":"2021-01-12T21:41:01+00:00","dateModified":"2021-12-06T14:32:29+00:00","mainEntityOfPage":{"@id":"https:\/\/abic.us\/es\/lideres-empresariales-y-donantes-dan-la-bienvenida-a-una-audiencia-temprana-en-el-senado-sobre-mayorkas-para-dirigir-el-dhs\/"},"wordCount":562,"publisher":{"@id":"https:\/\/abic.us\/es\/#organization"},"image":{"@id":"https:\/\/abic.us\/es\/lideres-empresariales-y-donantes-dan-la-bienvenida-a-una-audiencia-temprana-en-el-senado-sobre-mayorkas-para-dirigir-el-dhs\/#primaryimage"},"thumbnailUrl":"https:\/\/upload.wikimedia.org\/wikipedia\/commons\/d\/d6\/Alejandro_Mayorkas_Deputy_Secretary_of_Homeland_Security%2C_USA_%2826268579416%29.jpg","articleSection":["Actualizaciones"],"inLanguage":"es"},{"@type":"WebPage","@id":"https:\/\/abic.us\/es\/lideres-empresariales-y-donantes-dan-la-bienvenida-a-una-audiencia-temprana-en-el-senado-sobre-mayorkas-para-dirigir-el-dhs\/","url":"https:\/\/abic.us\/es\/lideres-empresariales-y-donantes-dan-la-bienvenida-a-una-audiencia-temprana-en-el-senado-sobre-mayorkas-para-dirigir-el-dhs\/","name":"L\u00edderes empresariales y donantes dan la bienvenida a una audiencia temprana en el Senado sobre Mayorkas para dirigir el DHS &#8212; Coalici\u00f3n 91探花a de Inmigraci\u00f3n Empresarial","isPartOf":{"@id":"https:\/\/abic.us\/es\/#website"},"primaryImageOfPage":{"@id":"https:\/\/abic.us\/es\/lideres-empresariales-y-donantes-dan-la-bienvenida-a-una-audiencia-temprana-en-el-senado-sobre-mayorkas-para-dirigir-el-dhs\/#primaryimage"},"image":{"@id":"https:\/\/abic.us\/es\/lideres-empresariales-y-donantes-dan-la-bienvenida-a-una-audiencia-temprana-en-el-senado-sobre-mayorkas-para-dirigir-el-dhs\/#primaryimage"},"thumbnailUrl":"https:\/\/upload.wikimedia.org\/wikipedia\/commons\/d\/d6\/Alejandro_Mayorkas_Deputy_Secretary_of_Homeland_Security%2C_USA_%2826268579416%29.jpg","datePublished":"2021-01-12T21:41:01+00:00","dateModified":"2021-12-06T14:32:29+00:00","description":"El Comit\u00e9 de Seguridad Nacional y Asuntos Gubernamentales del Senado anunci\u00f3 que celebrar\u00e1 una audiencia de confirmaci\u00f3n sobre la nominaci\u00f3n de Alejandro Mayorkas para dirigir el Departamento de Seguridad Nacional (DHS) el 19 de enero, un d\u00eda antes de la toma de posesi\u00f3n del presidente electo Joe Biden.","breadcrumb":{"@id":"https:\/\/abic.us\/es\/lideres-empresariales-y-donantes-dan-la-bienvenida-a-una-audiencia-temprana-en-el-senado-sobre-mayorkas-para-dirigir-el-dhs\/#breadcrumb"},"inLanguage":"es","potentialAction":[{"@type":"ReadAction","target":["https:\/\/abic.us\/es\/lideres-empresariales-y-donantes-dan-la-bienvenida-a-una-audiencia-temprana-en-el-senado-sobre-mayorkas-para-dirigir-el-dhs\/"]}]},{"@type":"ImageObject","inLanguage":"es","@id":"https:\/\/abic.us\/es\/lideres-empresariales-y-donantes-dan-la-bienvenida-a-una-audiencia-temprana-en-el-senado-sobre-mayorkas-para-dirigir-el-dhs\/#primaryimage","url":"https:\/\/upload.wikimedia.org\/wikipedia\/commons\/d\/d6\/Alejandro_Mayorkas_Deputy_Secretary_of_Homeland_Security%2C_USA_%2826268579416%29.jpg","contentUrl":"https:\/\/upload.wikimedia.org\/wikipedia\/commons\/d\/d6\/Alejandro_Mayorkas_Deputy_Secretary_of_Homeland_Security%2C_USA_%2826268579416%29.jpg"},{"@type":"BreadcrumbList","@id":"https:\/\/abic.us\/es\/lideres-empresariales-y-donantes-dan-la-bienvenida-a-una-audiencia-temprana-en-el-senado-sobre-mayorkas-para-dirigir-el-dhs\/#breadcrumb","itemListElement":[{"@type":"ListItem","position":1,"name":"Hogar","item":"https:\/\/abic.us\/es\/"},{"@type":"ListItem","position":2,"name":"L\u00edderes empresariales y donantes dan la bienvenida a una audiencia temprana en el Senado sobre Mayorkas para dirigir el DHS"}]},{"@type":"WebSite","@id":"https:\/\/abic.us\/es\/#website","url":"https:\/\/abic.us\/es\/","name":"Coalici\u00f3n 91探花a de Inmigraci\u00f3n Empresarial","description":"Juntos, promoveremos una reforma migratoria sensata que crezca empleos, fortalezca nuestra econom\u00eda y beneficie a todas las familias estadounidenses.","publisher":{"@id":"https:\/\/abic.us\/es\/#organization"},"potentialAction":[{"@type":"SearchAction","target":{"@type":"EntryPoint","urlTemplate":"https:\/\/abic.us\/es\/?s={search_term_string}"},"query-input":{"@type":"PropertyValueSpecification","valueRequired":true,"valueName":"search_term_string"}}],"inLanguage":"es"},{"@type":"Organization","@id":"https:\/\/abic.us\/es\/#organization","name":"91探花","url":"https:\/\/abic.us\/es\/","logo":{"@type":"ImageObject","inLanguage":"es","@id":"https:\/\/abic.us\/es\/#\/schema\/logo\/image\/","url":"https:\/\/abic.us\/wp-content\/uploads\/2021\/11\/ABIC-Logo.png","contentUrl":"https:\/\/abic.us\/wp-content\/uploads\/2021\/11\/ABIC-Logo.png","width":1000,"height":260,"caption":"91探花"},"image":{"@id":"https:\/\/abic.us\/es\/#\/schema\/logo\/image\/"},"sameAs":["https:\/\/www.facebook.com\/91探花BIC","https:\/\/x.com\/91探花BIC"]},{"@type":"Person","@id":"https:\/\/abic.us\/es\/#\/schema\/person\/58547098a0d3b973c110fd8a36f0e0bb","name":"abic","image":{"@type":"ImageObject","inLanguage":"es","@id":"https:\/\/secure.gravatar.com\/avatar\/4a2893b0ce0ce34781c1e0a9251ffe4322e67c4e95cdf48463d10701c3bd4c8e?s=96&d=mm&r=g","url":"https:\/\/secure.gravatar.com\/avatar\/4a2893b0ce0ce34781c1e0a9251ffe4322e67c4e95cdf48463d10701c3bd4c8e?s=96&d=mm&r=g","contentUrl":"https:\/\/secure.gravatar.com\/avatar\/4a2893b0ce0ce34781c1e0a9251ffe4322e67c4e95cdf48463d10701c3bd4c8e?s=96&d=mm&r=g","caption":"abic"},"sameAs":["https:\/\/abic.wpengine.com"]}]}},"_links":{"self":[{"href":"https:\/\/abic.us\/es\/wp-json\/wp\/v2\/posts\/34994","targetHints":{"allow":["GET"]}}],"collection":[{"href":"https:\/\/abic.us\/es\/wp-json\/wp\/v2\/posts"}],"about":[{"href":"https:\/\/abic.us\/es\/wp-json\/wp\/v2\/types\/post"}],"author":[{"embeddable":true,"href":"https:\/\/abic.us\/es\/wp-json\/wp\/v2\/users\/1"}],"replies":[{"embeddable":true,"href":"https:\/\/abic.us\/es\/wp-json\/wp\/v2\/comments?post=34994"}],"version-history":[{"count":0,"href":"https:\/\/abic.us\/es\/wp-json\/wp\/v2\/posts\/34994\/revisions"}],"wp:attachment":[{"href":"https:\/\/abic.us\/es\/wp-json\/wp\/v2\/media?parent=34994"}],"wp:term":[{"taxonomy":"category","embeddable":true,"href":"https:\/\/abic.us\/es\/wp-json\/wp\/v2\/categories?post=34994"},{"taxonomy":"post_tag","embeddable":true,"href":"https:\/\/abic.us\/es\/wp-json\/wp\/v2\/tags?post=34994"}],"curies":[{"name":"wp","href":"https:\/\/api.w.org\/{rel}","templated":true}]}}