  {"id":34999,"date":"2021-02-04T13:11:33","date_gmt":"2021-02-04T13:11:33","guid":{"rendered":"https:\/\/abic.wpengine.com\/lideres-empresariales-de-carolina-del-norte-aplauden-la-ley-bipartidista-durbin-graham-dream-act\/"},"modified":"2021-12-06T14:33:43","modified_gmt":"2021-12-06T14:33:43","slug":"lideres-empresariales-de-carolina-del-norte-aplauden-la-ley-bipartidista-durbin-graham-dream-act","status":"publish","type":"post","link":"https:\/\/abic.us\/es\/lideres-empresariales-de-carolina-del-norte-aplauden-la-ley-bipartidista-durbin-graham-dream-act\/","title":{"rendered":"L\u00edderes empresariales de Carolina del Norte aplauden la Ley bipartidista Durbin-Graham Dream Act"},"content":{"rendered":"\n<figure class=\"wp-block-image\"><img decoding=\"async\" src=\"https:\/\/www.durbin.senate.gov\/imo\/media\/image\/SenatorDurbinStilljpg.jpg\" alt=\"Resultado de la imagen para durbin site:.gov\"\/><\/figure>\n<h2 class=\"wp-block-heading\"><strong>L\u00edderes empresariales de Carolina del Norte aplauden la Ley bipartidista Durbin-Graham Dream Act<\/strong><\/h2>\n\n<p class=\"has-text-align-center wp-block-paragraph\"><em>El Dream Act proteger\u00eda a 55,700 Dreamers elegibles en Carolina del Norte, que colectivamente pagan $ 35.7 millones anuales en impuestos estatales y locales y aportan $ 415.4 millones en poder adquisitivo total.<\/em><\/p>\n\n<p class=\"wp-block-paragraph\"><strong>Charlotte, Carolina del Norte \u2014 <\/strong> Hoy<strong> <\/strong>Los senadores <strong>Dick Durbin<\/strong> (D-IL) y <strong>Lindsey Graham<\/strong> (R-SC) presentaron una nueva versi\u00f3n de la Ley dream, que proporcionar\u00eda un camino hacia el estatus legal a casi 2 millones de Dreamers, incluidos 55,700 en Carolina del Norte. Los so\u00f1adores son j\u00f3venes inmigrantes que fueron tra\u00eddos a los Estados Unidos cuando eran ni\u00f1os.  <\/p>\n\n<p class=\"wp-block-paragraph\"><strong>Hugh McColl, presidente y ceo retirado de Bank of America, dijo:<\/strong>  \u00abLos empleadores reconocen las contribuciones econ\u00f3micas que los Dreamers hacen a nuestro estado y pa\u00eds. Reconocemos su importancia en el crecimiento de nuestra econom\u00eda, y aplaudimos a los senadores Durbin y Graham por liderar un Dream Act bipartidista para proteger a casi 56,000 Dreamers que llaman hogar a Carolina del Norte. Este es un tema bipartidista que requiere el apoyo de todos los rincones del liderazgo de NC\u00bb.<\/p>\n\n<p class=\"wp-block-paragraph\"><strong>Bob Page, Reemplazos, Ltd. Presidente y CEO dijo<\/strong>: \u00abAplaudimos los esfuerzos bipartidistas del senador Durbin y el senador Graham para aprobar el Dream Act. Los dreamers son una parte integral de las comunidades y fuerzas de trabajo de Carolina del Norte. Son trabajadores y se centran en la familia. Est\u00e1n invertidos en nuestro pa\u00eds y su futuro, y necesitan protecciones permanentes ahora. Estados Unidos es el \u00fanico hogar que conocen. Instamos al senador Tillis y al senador Burr a apoyar la Ley del Sue\u00f1o Durbin-Graham\u00bb.  <\/p>\n\n<p class=\"wp-block-paragraph\"><strong>Martin Eakes, CEO de Self Help FCU dijo<\/strong>: \u00abEn Self Help, los Dreamers son nuestros clientes y empleados. Son nuestros propietarios y empresarios. Si Estados Unidos quiere continuar atrayendo y reteniendo a los mejores talentos y dar a nuestras empresas una ventaja competitiva, entonces debemos dejar de patear el tema de la reforma migratoria en el futuro. Ahora estamos buscando que los l\u00edderes de Carolina del Norte en el Congreso se unan a la Ley Dream bipartidista no solo para nuestros j\u00f3venes inmigrantes, sino tambi\u00e9n para los muchos otros trabajos que apoyan\u00bb.  <\/p>\n\n<p class=\"wp-block-paragraph\">El proyecto de ley bipartidista Dream Act crear\u00eda un estatus de residente permanente condicional para estos inmigrantes, permiti\u00e9ndoles trabajar y protegi\u00e9ndolos de la deportaci\u00f3n. Si cumplen con ciertas condiciones, pasen una rigurosa verificaci\u00f3n de antecedentes y aplicaci\u00f3n de la ley; mantener la residencia continua en los Estados Unidos; graduarse de la escuela secundaria u obtener un GED; cursar estudios superiores; trabajar legalmente durante al menos tres a\u00f1os o servir en el ej\u00e9rcito; mantener el ingl\u00e9s y el conocimiento de la historia de los Estados Unidos: pueden hacer la transici\u00f3n al estatus de residente permanente legal.<\/p>\n\n<p class=\"wp-block-paragraph\">El Dream Act es econ\u00f3micamente importante y cr\u00edtico para la recuperaci\u00f3n de la pandemia. Los beneficiarios de DACA han estado en la primera l\u00ednea de la respuesta a la pandemia. Casi 200,000 son trabajadores esenciales con casi 30,000 trabajadores de la salud, como m\u00e9dicos y enfermeras. El Dream Act proteger\u00eda a 55,700 Dreamers elegibles en Carolina del Norte, que colectivamente pagan $ 35.7 millones anuales en impuestos estatales y locales y aportan $ 415.4 millones en poder adquisitivo total.  <\/p>\n\n<p class=\"wp-block-paragraph\"><a href=\"https:\/\/www.pewresearch.org\/fact-tank\/2020\/06\/17\/americans-broadly-support-legal-status-for-immigrants-brought-to-the-u-s-illegally-as-children\/\">El apoyo al estatus legal para los Dreamers<\/a> ha crecido desde su introducci\u00f3n hace 20 a\u00f1os: el 79% de todos los votantes y el 69% de los votantes de Trump apoyan proporcionar un estatus legal para los Dreamers. El creciente grupo de senadores republicanos ya apoya el estatus legal para los so\u00f1adores, incluidos Lindsey Graham (R-SC), John Cornyn (R-TX), James Lankford (R-OK), Susan Collins (R-ME), Lisa Murkowski (R-AK), Rick Scott (R-FL) y Mike Rounds (R-SD).<\/p>\n","protected":false},"excerpt":{"rendered":"<p>L\u00edderes empresariales de Carolina del Norte aplauden la Ley bipartidista Durbin-Graham Dream Act El Dream Act proteger\u00eda a 55,700 Dreamers elegibles en Carolina del Norte, que colectivamente pagan $ 35.7&#8230;<\/p>\n","protected":false},"author":1,"featured_media":0,"comment_status":"closed","ping_status":"closed","sticky":false,"template":"","format":"standard","meta":{"footnotes":""},"categories":[63],"tags":[],"class_list":["post-34999","post","type-post","status-publish","format-standard","category-actualizaciones"],"yoast_head":"<!-- This site is optimized with the Yoast SEO plugin v28.3 - https:\/\/yoast.com\/product\/yoast-seo-wordpress\/ -->\n<title>L\u00edderes empresariales de Carolina del Norte aplauden la Ley bipartidista Durbin-Graham Dream Act &#8212; Coalici\u00f3n 91探花a de Inmigraci\u00f3n Empresarial<\/title>\n<meta name=\"robots\" content=\"index, follow, max-snippet:-1, max-image-preview:large, max-video-preview:-1\" \/>\n<link rel=\"canonical\" href=\"https:\/\/abic.us\/es\/lideres-empresariales-de-carolina-del-norte-aplauden-la-ley-bipartidista-durbin-graham-dream-act\/\" \/>\n<meta property=\"og:locale\" content=\"es_ES\" \/>\n<meta property=\"og:type\" content=\"article\" \/>\n<meta property=\"og:title\" content=\"L\u00edderes empresariales de Carolina del Norte aplauden la Ley bipartidista Durbin-Graham Dream Act &#8212; Coalici\u00f3n 91探花a de Inmigraci\u00f3n Empresarial\" \/>\n<meta property=\"og:description\" content=\"L\u00edderes empresariales de Carolina del Norte aplauden la Ley bipartidista Durbin-Graham Dream Act El Dream Act proteger\u00eda a 55,700 Dreamers elegibles en Carolina del Norte, que colectivamente pagan $ 35.7...\" \/>\n<meta property=\"og:url\" content=\"https:\/\/abic.us\/es\/lideres-empresariales-de-carolina-del-norte-aplauden-la-ley-bipartidista-durbin-graham-dream-act\/\" \/>\n<meta property=\"og:site_name\" content=\"Coalici\u00f3n 91探花a de Inmigraci\u00f3n Empresarial\" \/>\n<meta property=\"article:publisher\" content=\"https:\/\/www.facebook.com\/91探花BIC\" \/>\n<meta property=\"article:published_time\" content=\"2021-02-04T13:11:33+00:00\" \/>\n<meta property=\"article:modified_time\" content=\"2021-12-06T14:33:43+00:00\" \/>\n<meta property=\"og:image\" content=\"https:\/\/www.durbin.senate.gov\/imo\/media\/image\/SenatorDurbinStilljpg.jpg\" \/>\n<meta name=\"author\" content=\"abic\" \/>\n<meta name=\"twitter:card\" content=\"summary_large_image\" \/>\n<meta name=\"twitter:creator\" content=\"@91探花BIC\" \/>\n<meta name=\"twitter:site\" content=\"@91探花BIC\" \/>\n<meta name=\"twitter:label1\" content=\"Escrito por\" \/>\n\t<meta name=\"twitter:data1\" content=\"abic\" \/>\n\t<meta name=\"twitter:label2\" content=\"Tiempo de lectura\" \/>\n\t<meta name=\"twitter:data2\" content=\"3 minutos\" \/>\n<script type=\"application\/ld+json\" class=\"yoast-schema-graph\">{\"@context\":\"https:\\\/\\\/schema.org\",\"@graph\":[{\"@type\":\"Article\",\"@id\":\"https:\\\/\\\/abic.us\\\/es\\\/lideres-empresariales-de-carolina-del-norte-aplauden-la-ley-bipartidista-durbin-graham-dream-act\\\/#article\",\"isPartOf\":{\"@id\":\"https:\\\/\\\/abic.us\\\/es\\\/lideres-empresariales-de-carolina-del-norte-aplauden-la-ley-bipartidista-durbin-graham-dream-act\\\/\"},\"author\":{\"name\":\"abic\",\"@id\":\"https:\\\/\\\/abic.us\\\/es\\\/#\\\/schema\\\/person\\\/58547098a0d3b973c110fd8a36f0e0bb\"},\"headline\":\"L\u00edderes empresariales de Carolina del Norte aplauden la Ley bipartidista Durbin-Graham Dream Act\",\"datePublished\":\"2021-02-04T13:11:33+00:00\",\"dateModified\":\"2021-12-06T14:33:43+00:00\",\"mainEntityOfPage\":{\"@id\":\"https:\\\/\\\/abic.us\\\/es\\\/lideres-empresariales-de-carolina-del-norte-aplauden-la-ley-bipartidista-durbin-graham-dream-act\\\/\"},\"wordCount\":640,\"publisher\":{\"@id\":\"https:\\\/\\\/abic.us\\\/es\\\/#organization\"},\"image\":{\"@id\":\"https:\\\/\\\/abic.us\\\/es\\\/lideres-empresariales-de-carolina-del-norte-aplauden-la-ley-bipartidista-durbin-graham-dream-act\\\/#primaryimage\"},\"thumbnailUrl\":\"https:\\\/\\\/www.durbin.senate.gov\\\/imo\\\/media\\\/image\\\/SenatorDurbinStilljpg.jpg\",\"articleSection\":[\"Actualizaciones\"],\"inLanguage\":\"es\"},{\"@type\":\"WebPage\",\"@id\":\"https:\\\/\\\/abic.us\\\/es\\\/lideres-empresariales-de-carolina-del-norte-aplauden-la-ley-bipartidista-durbin-graham-dream-act\\\/\",\"url\":\"https:\\\/\\\/abic.us\\\/es\\\/lideres-empresariales-de-carolina-del-norte-aplauden-la-ley-bipartidista-durbin-graham-dream-act\\\/\",\"name\":\"L\u00edderes empresariales de Carolina del Norte aplauden la Ley bipartidista Durbin-Graham Dream Act &#8212; Coalici\u00f3n 91探花a de Inmigraci\u00f3n Empresarial\",\"isPartOf\":{\"@id\":\"https:\\\/\\\/abic.us\\\/es\\\/#website\"},\"primaryImageOfPage\":{\"@id\":\"https:\\\/\\\/abic.us\\\/es\\\/lideres-empresariales-de-carolina-del-norte-aplauden-la-ley-bipartidista-durbin-graham-dream-act\\\/#primaryimage\"},\"image\":{\"@id\":\"https:\\\/\\\/abic.us\\\/es\\\/lideres-empresariales-de-carolina-del-norte-aplauden-la-ley-bipartidista-durbin-graham-dream-act\\\/#primaryimage\"},\"thumbnailUrl\":\"https:\\\/\\\/www.durbin.senate.gov\\\/imo\\\/media\\\/image\\\/SenatorDurbinStilljpg.jpg\",\"datePublished\":\"2021-02-04T13:11:33+00:00\",\"dateModified\":\"2021-12-06T14:33:43+00:00\",\"breadcrumb\":{\"@id\":\"https:\\\/\\\/abic.us\\\/es\\\/lideres-empresariales-de-carolina-del-norte-aplauden-la-ley-bipartidista-durbin-graham-dream-act\\\/#breadcrumb\"},\"inLanguage\":\"es\",\"potentialAction\":[{\"@type\":\"ReadAction\",\"target\":[\"https:\\\/\\\/abic.us\\\/es\\\/lideres-empresariales-de-carolina-del-norte-aplauden-la-ley-bipartidista-durbin-graham-dream-act\\\/\"]}]},{\"@type\":\"ImageObject\",\"inLanguage\":\"es\",\"@id\":\"https:\\\/\\\/abic.us\\\/es\\\/lideres-empresariales-de-carolina-del-norte-aplauden-la-ley-bipartidista-durbin-graham-dream-act\\\/#primaryimage\",\"url\":\"https:\\\/\\\/www.durbin.senate.gov\\\/imo\\\/media\\\/image\\\/SenatorDurbinStilljpg.jpg\",\"contentUrl\":\"https:\\\/\\\/www.durbin.senate.gov\\\/imo\\\/media\\\/image\\\/SenatorDurbinStilljpg.jpg\"},{\"@type\":\"BreadcrumbList\",\"@id\":\"https:\\\/\\\/abic.us\\\/es\\\/lideres-empresariales-de-carolina-del-norte-aplauden-la-ley-bipartidista-durbin-graham-dream-act\\\/#breadcrumb\",\"itemListElement\":[{\"@type\":\"ListItem\",\"position\":1,\"name\":\"Hogar\",\"item\":\"https:\\\/\\\/abic.us\\\/es\\\/\"},{\"@type\":\"ListItem\",\"position\":2,\"name\":\"L\u00edderes empresariales de Carolina del Norte aplauden la Ley bipartidista Durbin-Graham Dream Act\"}]},{\"@type\":\"WebSite\",\"@id\":\"https:\\\/\\\/abic.us\\\/es\\\/#website\",\"url\":\"https:\\\/\\\/abic.us\\\/es\\\/\",\"name\":\"Coalici\u00f3n 91探花a de Inmigraci\u00f3n Empresarial\",\"description\":\"Juntos, promoveremos una reforma migratoria sensata que crezca empleos, fortalezca nuestra econom\u00eda y beneficie a todas las familias estadounidenses.\",\"publisher\":{\"@id\":\"https:\\\/\\\/abic.us\\\/es\\\/#organization\"},\"potentialAction\":[{\"@type\":\"SearchAction\",\"target\":{\"@type\":\"EntryPoint\",\"urlTemplate\":\"https:\\\/\\\/abic.us\\\/es\\\/?s={search_term_string}\"},\"query-input\":{\"@type\":\"PropertyValueSpecification\",\"valueRequired\":true,\"valueName\":\"search_term_string\"}}],\"inLanguage\":\"es\"},{\"@type\":\"Organization\",\"@id\":\"https:\\\/\\\/abic.us\\\/es\\\/#organization\",\"name\":\"91探花\",\"url\":\"https:\\\/\\\/abic.us\\\/es\\\/\",\"logo\":{\"@type\":\"ImageObject\",\"inLanguage\":\"es\",\"@id\":\"https:\\\/\\\/abic.us\\\/es\\\/#\\\/schema\\\/logo\\\/image\\\/\",\"url\":\"https:\\\/\\\/abic.us\\\/wp-content\\\/uploads\\\/2021\\\/11\\\/ABIC-Logo.png\",\"contentUrl\":\"https:\\\/\\\/abic.us\\\/wp-content\\\/uploads\\\/2021\\\/11\\\/ABIC-Logo.png\",\"width\":1000,\"height\":260,\"caption\":\"91探花\"},\"image\":{\"@id\":\"https:\\\/\\\/abic.us\\\/es\\\/#\\\/schema\\\/logo\\\/image\\\/\"},\"sameAs\":[\"https:\\\/\\\/www.facebook.com\\\/91探花BIC\",\"https:\\\/\\\/x.com\\\/91探花BIC\"]},{\"@type\":\"Person\",\"@id\":\"https:\\\/\\\/abic.us\\\/es\\\/#\\\/schema\\\/person\\\/58547098a0d3b973c110fd8a36f0e0bb\",\"name\":\"abic\",\"image\":{\"@type\":\"ImageObject\",\"inLanguage\":\"es\",\"@id\":\"https:\\\/\\\/secure.gravatar.com\\\/avatar\\\/4a2893b0ce0ce34781c1e0a9251ffe4322e67c4e95cdf48463d10701c3bd4c8e?s=96&d=mm&r=g\",\"url\":\"https:\\\/\\\/secure.gravatar.com\\\/avatar\\\/4a2893b0ce0ce34781c1e0a9251ffe4322e67c4e95cdf48463d10701c3bd4c8e?s=96&d=mm&r=g\",\"contentUrl\":\"https:\\\/\\\/secure.gravatar.com\\\/avatar\\\/4a2893b0ce0ce34781c1e0a9251ffe4322e67c4e95cdf48463d10701c3bd4c8e?s=96&d=mm&r=g\",\"caption\":\"abic\"},\"sameAs\":[\"https:\\\/\\\/abic.wpengine.com\"]}]}<\/script>\n<!-- \/ Yoast SEO plugin. -->","yoast_head_json":{"title":"L\u00edderes empresariales de Carolina del Norte aplauden la Ley bipartidista Durbin-Graham Dream Act &#8212; Coalici\u00f3n 91探花a de Inmigraci\u00f3n Empresarial","robots":{"index":"index","follow":"follow","max-snippet":"max-snippet:-1","max-image-preview":"max-image-preview:large","max-video-preview":"max-video-preview:-1"},"canonical":"https:\/\/abic.us\/es\/lideres-empresariales-de-carolina-del-norte-aplauden-la-ley-bipartidista-durbin-graham-dream-act\/","og_locale":"es_ES","og_type":"article","og_title":"L\u00edderes empresariales de Carolina del Norte aplauden la Ley bipartidista Durbin-Graham Dream Act &#8212; Coalici\u00f3n 91探花a de Inmigraci\u00f3n Empresarial","og_description":"L\u00edderes empresariales de Carolina del Norte aplauden la Ley bipartidista Durbin-Graham Dream Act El Dream Act proteger\u00eda a 55,700 Dreamers elegibles en Carolina del Norte, que colectivamente pagan $ 35.7...","og_url":"https:\/\/abic.us\/es\/lideres-empresariales-de-carolina-del-norte-aplauden-la-ley-bipartidista-durbin-graham-dream-act\/","og_site_name":"Coalici\u00f3n 91探花a de Inmigraci\u00f3n Empresarial","article_publisher":"https:\/\/www.facebook.com\/91探花BIC","article_published_time":"2021-02-04T13:11:33+00:00","article_modified_time":"2021-12-06T14:33:43+00:00","og_image":[{"url":"https:\/\/www.durbin.senate.gov\/imo\/media\/image\/SenatorDurbinStilljpg.jpg","type":"","width":"","height":""}],"author":"abic","twitter_card":"summary_large_image","twitter_creator":"@91探花BIC","twitter_site":"@91探花BIC","twitter_misc":{"Escrito por":"abic","Tiempo de lectura":"3 minutos"},"schema":{"@context":"https:\/\/schema.org","@graph":[{"@type":"Article","@id":"https:\/\/abic.us\/es\/lideres-empresariales-de-carolina-del-norte-aplauden-la-ley-bipartidista-durbin-graham-dream-act\/#article","isPartOf":{"@id":"https:\/\/abic.us\/es\/lideres-empresariales-de-carolina-del-norte-aplauden-la-ley-bipartidista-durbin-graham-dream-act\/"},"author":{"name":"abic","@id":"https:\/\/abic.us\/es\/#\/schema\/person\/58547098a0d3b973c110fd8a36f0e0bb"},"headline":"L\u00edderes empresariales de Carolina del Norte aplauden la Ley bipartidista Durbin-Graham Dream Act","datePublished":"2021-02-04T13:11:33+00:00","dateModified":"2021-12-06T14:33:43+00:00","mainEntityOfPage":{"@id":"https:\/\/abic.us\/es\/lideres-empresariales-de-carolina-del-norte-aplauden-la-ley-bipartidista-durbin-graham-dream-act\/"},"wordCount":640,"publisher":{"@id":"https:\/\/abic.us\/es\/#organization"},"image":{"@id":"https:\/\/abic.us\/es\/lideres-empresariales-de-carolina-del-norte-aplauden-la-ley-bipartidista-durbin-graham-dream-act\/#primaryimage"},"thumbnailUrl":"https:\/\/www.durbin.senate.gov\/imo\/media\/image\/SenatorDurbinStilljpg.jpg","articleSection":["Actualizaciones"],"inLanguage":"es"},{"@type":"WebPage","@id":"https:\/\/abic.us\/es\/lideres-empresariales-de-carolina-del-norte-aplauden-la-ley-bipartidista-durbin-graham-dream-act\/","url":"https:\/\/abic.us\/es\/lideres-empresariales-de-carolina-del-norte-aplauden-la-ley-bipartidista-durbin-graham-dream-act\/","name":"L\u00edderes empresariales de Carolina del Norte aplauden la Ley bipartidista Durbin-Graham Dream Act &#8212; Coalici\u00f3n 91探花a de Inmigraci\u00f3n Empresarial","isPartOf":{"@id":"https:\/\/abic.us\/es\/#website"},"primaryImageOfPage":{"@id":"https:\/\/abic.us\/es\/lideres-empresariales-de-carolina-del-norte-aplauden-la-ley-bipartidista-durbin-graham-dream-act\/#primaryimage"},"image":{"@id":"https:\/\/abic.us\/es\/lideres-empresariales-de-carolina-del-norte-aplauden-la-ley-bipartidista-durbin-graham-dream-act\/#primaryimage"},"thumbnailUrl":"https:\/\/www.durbin.senate.gov\/imo\/media\/image\/SenatorDurbinStilljpg.jpg","datePublished":"2021-02-04T13:11:33+00:00","dateModified":"2021-12-06T14:33:43+00:00","breadcrumb":{"@id":"https:\/\/abic.us\/es\/lideres-empresariales-de-carolina-del-norte-aplauden-la-ley-bipartidista-durbin-graham-dream-act\/#breadcrumb"},"inLanguage":"es","potentialAction":[{"@type":"ReadAction","target":["https:\/\/abic.us\/es\/lideres-empresariales-de-carolina-del-norte-aplauden-la-ley-bipartidista-durbin-graham-dream-act\/"]}]},{"@type":"ImageObject","inLanguage":"es","@id":"https:\/\/abic.us\/es\/lideres-empresariales-de-carolina-del-norte-aplauden-la-ley-bipartidista-durbin-graham-dream-act\/#primaryimage","url":"https:\/\/www.durbin.senate.gov\/imo\/media\/image\/SenatorDurbinStilljpg.jpg","contentUrl":"https:\/\/www.durbin.senate.gov\/imo\/media\/image\/SenatorDurbinStilljpg.jpg"},{"@type":"BreadcrumbList","@id":"https:\/\/abic.us\/es\/lideres-empresariales-de-carolina-del-norte-aplauden-la-ley-bipartidista-durbin-graham-dream-act\/#breadcrumb","itemListElement":[{"@type":"ListItem","position":1,"name":"Hogar","item":"https:\/\/abic.us\/es\/"},{"@type":"ListItem","position":2,"name":"L\u00edderes empresariales de Carolina del Norte aplauden la Ley bipartidista Durbin-Graham Dream Act"}]},{"@type":"WebSite","@id":"https:\/\/abic.us\/es\/#website","url":"https:\/\/abic.us\/es\/","name":"Coalici\u00f3n 91探花a de Inmigraci\u00f3n Empresarial","description":"Juntos, promoveremos una reforma migratoria sensata que crezca empleos, fortalezca nuestra econom\u00eda y beneficie a todas las familias estadounidenses.","publisher":{"@id":"https:\/\/abic.us\/es\/#organization"},"potentialAction":[{"@type":"SearchAction","target":{"@type":"EntryPoint","urlTemplate":"https:\/\/abic.us\/es\/?s={search_term_string}"},"query-input":{"@type":"PropertyValueSpecification","valueRequired":true,"valueName":"search_term_string"}}],"inLanguage":"es"},{"@type":"Organization","@id":"https:\/\/abic.us\/es\/#organization","name":"91探花","url":"https:\/\/abic.us\/es\/","logo":{"@type":"ImageObject","inLanguage":"es","@id":"https:\/\/abic.us\/es\/#\/schema\/logo\/image\/","url":"https:\/\/abic.us\/wp-content\/uploads\/2021\/11\/ABIC-Logo.png","contentUrl":"https:\/\/abic.us\/wp-content\/uploads\/2021\/11\/ABIC-Logo.png","width":1000,"height":260,"caption":"91探花"},"image":{"@id":"https:\/\/abic.us\/es\/#\/schema\/logo\/image\/"},"sameAs":["https:\/\/www.facebook.com\/91探花BIC","https:\/\/x.com\/91探花BIC"]},{"@type":"Person","@id":"https:\/\/abic.us\/es\/#\/schema\/person\/58547098a0d3b973c110fd8a36f0e0bb","name":"abic","image":{"@type":"ImageObject","inLanguage":"es","@id":"https:\/\/secure.gravatar.com\/avatar\/4a2893b0ce0ce34781c1e0a9251ffe4322e67c4e95cdf48463d10701c3bd4c8e?s=96&d=mm&r=g","url":"https:\/\/secure.gravatar.com\/avatar\/4a2893b0ce0ce34781c1e0a9251ffe4322e67c4e95cdf48463d10701c3bd4c8e?s=96&d=mm&r=g","contentUrl":"https:\/\/secure.gravatar.com\/avatar\/4a2893b0ce0ce34781c1e0a9251ffe4322e67c4e95cdf48463d10701c3bd4c8e?s=96&d=mm&r=g","caption":"abic"},"sameAs":["https:\/\/abic.wpengine.com"]}]}},"_links":{"self":[{"href":"https:\/\/abic.us\/es\/wp-json\/wp\/v2\/posts\/34999","targetHints":{"allow":["GET"]}}],"collection":[{"href":"https:\/\/abic.us\/es\/wp-json\/wp\/v2\/posts"}],"about":[{"href":"https:\/\/abic.us\/es\/wp-json\/wp\/v2\/types\/post"}],"author":[{"embeddable":true,"href":"https:\/\/abic.us\/es\/wp-json\/wp\/v2\/users\/1"}],"replies":[{"embeddable":true,"href":"https:\/\/abic.us\/es\/wp-json\/wp\/v2\/comments?post=34999"}],"version-history":[{"count":0,"href":"https:\/\/abic.us\/es\/wp-json\/wp\/v2\/posts\/34999\/revisions"}],"wp:attachment":[{"href":"https:\/\/abic.us\/es\/wp-json\/wp\/v2\/media?parent=34999"}],"wp:term":[{"taxonomy":"category","embeddable":true,"href":"https:\/\/abic.us\/es\/wp-json\/wp\/v2\/categories?post=34999"},{"taxonomy":"post_tag","embeddable":true,"href":"https:\/\/abic.us\/es\/wp-json\/wp\/v2\/tags?post=34999"}],"curies":[{"name":"wp","href":"https:\/\/api.w.org\/{rel}","templated":true}]}}