  {"id":35011,"date":"2021-02-26T14:57:49","date_gmt":"2021-02-26T14:57:49","guid":{"rendered":"https:\/\/abic.wpengine.com\/recording-reunion-informativa-con-el-senador-dick-durbin-sobre-dream-act-y-la-reforma-migratoria\/"},"modified":"2021-12-06T14:33:52","modified_gmt":"2021-12-06T14:33:52","slug":"recording-reunion-informativa-con-el-senador-dick-durbin-sobre-dream-act-y-la-reforma-migratoria","status":"publish","type":"post","link":"https:\/\/abic.us\/es\/recording-reunion-informativa-con-el-senador-dick-durbin-sobre-dream-act-y-la-reforma-migratoria\/","title":{"rendered":"[RECORDING]  Reuni\u00f3n informativa con el senador Dick Durbin sobre dream act y la reforma migratoria"},"content":{"rendered":"\n<figure class=\"wp-block-image size-large\"><img loading=\"lazy\" decoding=\"async\" width=\"1222\" height=\"762\" src=\"https:\/\/abic.imgix.net\/assets\/durbin4.png\" alt=\"\" class=\"wp-image-31261\"\/><\/figure>\n<h2 class=\"has-text-align-center wp-block-heading\"><strong>[RECORDING]  Reuni\u00f3n informativa con el senador Dick Durbin sobre dream act y la reforma migratoria  <\/strong><\/h2>\n\n<p class=\"has-text-align-center wp-block-paragraph\">Enlace a la grabaci\u00f3n aqu\u00ed: <a href=\"http:\/\/bit.ly\/3sy5Zho\" target=\"_blank\" rel=\"noreferrer noopener\">http:\/\/bit.ly\/3sy5Zho<\/a> <\/p>\n\n<p class=\"wp-block-paragraph\"><strong>CHICAGO, IL<\/strong> \u2014 Hoy, Senador de los Estados Unidos  <strong>Dick Durbin<\/strong> (D-IL), Presidente del Comit\u00e9 Judicial del Senado y copatrocinador del bipartidismo  <a href=\"https:\/\/www.durbin.senate.gov\/newsroom\/press-releases\/twenty-years-since-it-was-first-introduced-durbin-calls-on-the-senate-to-finally-make-the-dream-act-the-law-of-the-land\" target=\"_blank\" rel=\"noreferrer noopener\">Dream Act<\/a> con el Senador  <strong>Lindsey Graham<\/strong> (R-S.C.), dio una actualizaci\u00f3n sobre la legislaci\u00f3n y respondi\u00f3 preguntas de defensores, presidentes de universidades y directores ejecutivos el viernes en una sesi\u00f3n informativa titulada  <a href=\"https:\/\/zoom.us\/webinar\/register\/WN_FgDeWFaGQ86-EvgMYqITww\" target=\"_blank\" rel=\"noreferrer noopener\"><strong>Cumpliendo la promesa de Estados Unidos: Reuni\u00f3n informativa con el senador Dick Durbin sobre dream act y la reforma migratoria.<\/strong>\n  \n<\/a> <\/p>\n\n<p class=\"wp-block-paragraph\">El Dream Act proporcionar\u00eda un camino hacia el estatus legal y la ciudadan\u00eda a casi <a href=\"https:\/\/www.migrationpolicy.org\/sites\/default\/files\/publications\/Differing%20DREAM-FS-October2017_FINALWEB.pdf\" target=\"_blank\" rel=\"noreferrer noopener\">2 millones de Dreamers, incluidos<\/a>los beneficiarios de DACA y los j\u00f3venes elegibles para DACA. La introducci\u00f3n del Dream Act es un paso importante para proporcionar un camino hacia la ciudadan\u00eda a 11 millones de personas indocumentadas que viven en los Estados Unidos, junto con los titulares de TPS, trabajadores agr\u00edcolas y trabajadores esenciales.<\/p>\n\n<p class=\"wp-block-paragraph\"><strong>Para programar entrevistas con defensores o l\u00edderes empresariales, comun\u00edquese con <\/strong> <a href=\"mailto:hsoto@americanbic.biz\"><strong>hsoto@americanbic.biz<\/strong>\n  \n<\/a> <strong> y <\/strong> <a href=\"mailto:jose@unitedwedream.org\"><strong>jose@unitedwedream.org<\/strong>\n  \n<\/a><strong>. Para obtener un enlace a la grabaci\u00f3n, haga clic aqu\u00ed.<\/strong><\/p>\n\n<p class=\"wp-block-paragraph\"><strong>El senador estadounidense Dick Durbin (D-IL), presidente del Comit\u00e9 Judicial del Senado y copatrocinador del <\/strong> <a href=\"https:\/\/www.durbin.senate.gov\/newsroom\/press-releases\/twenty-years-since-it-was-first-introduced-durbin-calls-on-the-senate-to-finally-make-the-dream-act-the-law-of-the-land\" target=\"_blank\" rel=\"noreferrer noopener\"><strong>Dream Act<\/strong>\n  \n<\/a><strong>bipartidista, dijo:<\/strong> \u00abHoy, tenemos la oportunidad de proporcionar un camino hacia la ciudadan\u00eda para dreamers, titulares de TPS, trabajadores agr\u00edcolas y m\u00e1s. Estamos en un Senado 50-50, por lo que nos va a llevar a todos a trabajar juntos para hacer algo. Queremos dar a los inmigrantes la oportunidad de obtener la ciudadan\u00eda y la tranquilidad de saber que ellos y sus familias pueden permanecer en este pa\u00eds y ser parte de nuestro futuro. Los estadounidenses saben que tenemos un sistema de inmigraci\u00f3n roto y estamos listos para la reforma. Espero avanzar en la reforma migratoria a trav\u00e9s del Congreso\u00bb.<\/p>\n\n<p class=\"wp-block-paragraph\"><strong>Morelys, l\u00edder juvenil de United We Dream, dijo: \u00ab<\/strong>Soy uno de los cientos de miles de j\u00f3venes que nunca calificaron para DACA, pero que estar\u00edan protegidos por proyectos de ley como el Dream Act y el Dream and Promise Act. Sin ninguna forma de protecci\u00f3n y alivio, vivo con el temor constante de que yo o alguien que me importa pueda ser detenido y deportado. S\u00e9 que como inmigrante indocumentado negro, la probabilidad de que sea blanco de la polic\u00eda local y federal es mucho mayor que la de mis contrapartes blancas. Gracias al senador Durbin por ser un defensor de los j\u00f3venes inmigrantes. El Congreso debe trabajar para aprobar proyectos de ley como The Dream Act que ayudan a todos los j\u00f3venes inmigrantes, incluidos aquellos que no calificaron para DACA, como yo\u00bb.  <\/p>\n\n<p class=\"wp-block-paragraph\"><strong>Greisa Mart\u00ednez Rosas, Directora Ejecutiva de United We Dream, dijo:  <\/strong>\u00abNuestra m\u00e1s profunda gratitud al senador Durbin, quien ha sido un defensor de las comunidades de inmigrantes durante d\u00e9cadas. La belleza de este momento es que millones de personas entregaron un mandato claro en noviembre: una nueva direcci\u00f3n sobre la inmigraci\u00f3n. La deportaci\u00f3n y la detenci\u00f3n no son el camino. Las comunidades de inmigrantes merecen todas las oportunidades para luchar por un camino hacia la ciudadan\u00eda para los 11 millones de personas indocumentadas. El Dream Act, junto con su contraparte en la C\u00e1mara de Representantes, el Dream and Promise Act, proporcionar\u00eda un camino hacia la ciudadan\u00eda para millones de j\u00f3venes inmigrantes que incluye a los beneficiarios de DACA y tambi\u00e9n a los j\u00f3venes que nunca calificaron para DACA. El Congreso debe priorizar cada oportunidad, incluida la reconciliaci\u00f3n presupuestaria, para aprobar una legislaci\u00f3n que proporcione ciudadan\u00eda sin compensaciones perjudiciales para una mayor aplicaci\u00f3n. El Congreso debe actuar r\u00e1pidamente para acelerar proyectos de ley como la Ley de Sue\u00f1os y Promesas y la Ley de Modernizaci\u00f3n de la Fuerza Laboral Agr\u00edcola para el 12 de marzo\u00bb.<\/p>\n\n<p class=\"wp-block-paragraph\"><strong>Rebecca Shi, Directora Ejecutiva de ABIC, dijo:<\/strong>  \u00abAgradecemos al presidente Durbin por promover una visi\u00f3n unificadora de Estados Unidos, por una naci\u00f3n que es acogedora, fuerte, exitosa y confiada. Los estadounidenses no est\u00e1n tan divididos sobre la inmigraci\u00f3n como algunos pol\u00edticos nos har\u00edan creer. La reforma migratoria es popular y bipartidista: el 89% de los dem\u00f3cratas, el 57% de los republicanos apoyan un camino hacia el estatus legal para los Dreamers, los trabajadores indocumentados, el TPS, los trabajadores agr\u00edcolas y los trabajadores esenciales. Su trabajo est\u00e1 impulsando nuestra recuperaci\u00f3n. Legalizarlos elevar\u00e1 el piso salarial para 900,000 trabajadores estadounidenses y contribuir\u00e1 con m\u00e1s de 1.5 billones en el PIB. La reforma migratoria es una buena pol\u00edtica y una buena pol\u00edtica\u00bb.<\/p>\n\n<p class=\"wp-block-paragraph\">El evento es co-organizado por <a href=\"https:\/\/abic.us\/\" target=\"_blank\" rel=\"noreferrer noopener\">ABIC<\/a> y <a href=\"https:\/\/unitedwedream.org\/\" target=\"_blank\" rel=\"noreferrer noopener\">United We Dream.<\/a> Copatrocinadores del evento:  <a href=\"https:\/\/thedream.us\/\" target=\"_blank\" rel=\"noreferrer noopener\">TheDream.us<\/a>,  <a href=\"https:\/\/theimmigrationhub.org\/\" target=\"_blank\" rel=\"noreferrer noopener\">Centro de Inmigraci\u00f3n<\/a>,  <a href=\"https:\/\/www.nilc.org\/\" target=\"_blank\" rel=\"noreferrer noopener\">Centro Nacional de Leyes de Inmigraci\u00f3n,<\/a> <a href=\"https:\/\/www.uschamber.com\/\" target=\"_blank\" rel=\"noreferrer noopener\">C\u00e1mara de Comercio de los Estados Unidos,<\/a> <a href=\"https:\/\/www.fwd.us\/\" target=\"_blank\" rel=\"noreferrer noopener\">FWD.us<\/a>,  <a href=\"https:\/\/www.seiu.org\/\" target=\"_blank\" rel=\"noreferrer noopener\">SEIU<\/a>,  <a href=\"https:\/\/unitehere.org\/\" target=\"_blank\" rel=\"noreferrer noopener\">\u00daNETE AQU\u00cd<\/a>,  <a href=\"https:\/\/www.presidentsalliance.org\/\" target=\"_blank\" rel=\"noreferrer noopener\">Alianza de Presidentes sobre Educaci\u00f3n Superior e Inmigraci\u00f3n,<\/a> <a href=\"https:\/\/www.usccb.org\/\" target=\"_blank\" rel=\"noreferrer noopener\">Conferencia de Obispos Cat\u00f3licos de los Estados Unidos,<\/a> <a href=\"https:\/\/americansforprosperity.org\/\" target=\"_blank\" rel=\"noreferrer noopener\">91探花os por la Prosperidad,<\/a> <a href=\"https:\/\/thelibreinitiative.com\/\" target=\"_blank\" rel=\"noreferrer noopener\">LIBRE<\/a>,  <a href=\"https:\/\/www.unidosus.org\/\" target=\"_blank\" rel=\"noreferrer noopener\">UnidosUS<\/a>,  <a href=\"https:\/\/ufw.org\/\" target=\"_blank\" rel=\"noreferrer noopener\">Trabajadores Agr\u00edcolas Unidos,<\/a> <a href=\"https:\/\/www.alianzaamericas.org\/?lang=en\">Alianza Am\u00e9rica<\/a>,  <a href=\"https:\/\/www.nyic.org\/\" target=\"_blank\" rel=\"noreferrer noopener\">NYIC<\/a>,  <a href=\"https:\/\/wearecasa.org\/\" target=\"_blank\" rel=\"noreferrer noopener\">CASA<\/a>,  <a href=\"https:\/\/www.chirla.org\/\" target=\"_blank\" rel=\"noreferrer noopener\">CHIRLA<\/a>,  <a href=\"https:\/\/floridaimmigrant.org\/\" target=\"_blank\" rel=\"noreferrer noopener\">FLIC<\/a>,  <a href=\"https:\/\/resurrectionproject.org\/\" target=\"_blank\" rel=\"noreferrer noopener\">El Proyecto resurrecci\u00f3n<\/a>,  <a href=\"https:\/\/www.miracoalition.org\/\" target=\"_blank\" rel=\"noreferrer noopener\">Coalici\u00f3n MIRA<\/a>,  <a href=\"https:\/\/arkansasunited.org\/\" target=\"_blank\" rel=\"noreferrer noopener\">Arkansas United<\/a>,  <a href=\"https:\/\/immigrationforum.org\/\" target=\"_blank\" rel=\"noreferrer noopener\">Foro Nacional de Inmigraci\u00f3n.<\/a><\/p>\n\n<p class=\"wp-block-paragraph\"><strong>ACERCA DE<\/strong><\/p>\n\n<p class=\"wp-block-paragraph\">La <a href=\"https:\/\/abic.us\/\" target=\"_blank\" rel=\"noreferrer noopener\">91探花 (ABIC)<\/a> (ABIC) promueve una reforma migratoria de sentido com\u00fan que promueve la competitividad econ\u00f3mica, proporciona a las empresas tanto el talento altamente calificado como el poco calificado que necesitan, y permite la integraci\u00f3n de los inmigrantes en nuestra econom\u00eda como consumidores, trabajadores, empresarios y ciudadanos.<\/p>\n\n<p class=\"wp-block-paragraph\"><br\/><a href=\"http:\/\/unitedwedream.org\" target=\"_blank\" rel=\"noreferrer noopener\">United We Dream<\/a> es la organizaci\u00f3n dirigida por j\u00f3venes inmigrantes m\u00e1s grande de la naci\u00f3n, una poderosa red compuesta por m\u00e1s de 800,000 miembros, m\u00e1s de 100 grupos locales y un alcance de m\u00e1s de 5 millones por mes. La visi\u00f3n de UWD es construir un movimiento multirracial y multi\u00e9tnico de j\u00f3venes que se organicen y aboguen a nivel local y nacional por la dignidad y la justicia de los inmigrantes y las comunidades de color en los Estados Unidos.<\/p>\n","protected":false},"excerpt":{"rendered":"<p>[RECORDING] Reuni\u00f3n informativa con el senador Dick Durbin sobre dream act y la reforma migratoria Enlace a la grabaci\u00f3n aqu\u00ed: http:\/\/bit.ly\/3sy5Zho CHICAGO, IL \u2014 Hoy, Senador de los Estados Unidos&#8230;<\/p>\n","protected":false},"author":1,"featured_media":0,"comment_status":"closed","ping_status":"closed","sticky":false,"template":"","format":"standard","meta":{"footnotes":""},"categories":[63],"tags":[],"class_list":["post-35011","post","type-post","status-publish","format-standard","category-actualizaciones"],"yoast_head":"<!-- This site is optimized with the Yoast SEO plugin v28.3 - https:\/\/yoast.com\/product\/yoast-seo-wordpress\/ -->\n<title>[RECORDING] Reuni\u00f3n informativa con el senador Dick Durbin sobre dream act y la reforma migratoria &#8212; Coalici\u00f3n 91探花a de Inmigraci\u00f3n Empresarial<\/title>\n<meta name=\"robots\" content=\"index, follow, max-snippet:-1, max-image-preview:large, max-video-preview:-1\" \/>\n<link rel=\"canonical\" href=\"https:\/\/abic.us\/es\/recording-reunion-informativa-con-el-senador-dick-durbin-sobre-dream-act-y-la-reforma-migratoria\/\" \/>\n<meta property=\"og:locale\" content=\"es_ES\" \/>\n<meta property=\"og:type\" content=\"article\" \/>\n<meta property=\"og:title\" content=\"[RECORDING] Reuni\u00f3n informativa con el senador Dick Durbin sobre dream act y la reforma migratoria &#8212; Coalici\u00f3n 91探花a de Inmigraci\u00f3n Empresarial\" \/>\n<meta property=\"og:description\" content=\"[RECORDING] Reuni\u00f3n informativa con el senador Dick Durbin sobre dream act y la reforma migratoria Enlace a la grabaci\u00f3n aqu\u00ed: http:\/\/bit.ly\/3sy5Zho CHICAGO, IL \u2014 Hoy, Senador de los Estados Unidos...\" \/>\n<meta property=\"og:url\" content=\"https:\/\/abic.us\/es\/recording-reunion-informativa-con-el-senador-dick-durbin-sobre-dream-act-y-la-reforma-migratoria\/\" \/>\n<meta property=\"og:site_name\" content=\"Coalici\u00f3n 91探花a de Inmigraci\u00f3n Empresarial\" \/>\n<meta property=\"article:publisher\" content=\"https:\/\/www.facebook.com\/91探花BIC\" \/>\n<meta property=\"article:published_time\" content=\"2021-02-26T14:57:49+00:00\" \/>\n<meta property=\"article:modified_time\" content=\"2021-12-06T14:33:52+00:00\" \/>\n<meta property=\"og:image\" content=\"https:\/\/abic.imgix.net\/assets\/durbin4.png\" \/>\n<meta name=\"author\" content=\"abic\" \/>\n<meta name=\"twitter:card\" content=\"summary_large_image\" \/>\n<meta name=\"twitter:creator\" content=\"@91探花BIC\" \/>\n<meta name=\"twitter:site\" content=\"@91探花BIC\" \/>\n<meta name=\"twitter:label1\" content=\"Escrito por\" \/>\n\t<meta name=\"twitter:data1\" content=\"abic\" \/>\n\t<meta name=\"twitter:label2\" content=\"Tiempo de lectura\" \/>\n\t<meta name=\"twitter:data2\" content=\"5 minutos\" \/>\n<script type=\"application\/ld+json\" class=\"yoast-schema-graph\">{\"@context\":\"https:\\\/\\\/schema.org\",\"@graph\":[{\"@type\":\"Article\",\"@id\":\"https:\\\/\\\/abic.us\\\/es\\\/recording-reunion-informativa-con-el-senador-dick-durbin-sobre-dream-act-y-la-reforma-migratoria\\\/#article\",\"isPartOf\":{\"@id\":\"https:\\\/\\\/abic.us\\\/es\\\/recording-reunion-informativa-con-el-senador-dick-durbin-sobre-dream-act-y-la-reforma-migratoria\\\/\"},\"author\":{\"name\":\"abic\",\"@id\":\"https:\\\/\\\/abic.us\\\/es\\\/#\\\/schema\\\/person\\\/58547098a0d3b973c110fd8a36f0e0bb\"},\"headline\":\"[RECORDING] Reuni\u00f3n informativa con el senador Dick Durbin sobre dream act y la reforma migratoria\",\"datePublished\":\"2021-02-26T14:57:49+00:00\",\"dateModified\":\"2021-12-06T14:33:52+00:00\",\"mainEntityOfPage\":{\"@id\":\"https:\\\/\\\/abic.us\\\/es\\\/recording-reunion-informativa-con-el-senador-dick-durbin-sobre-dream-act-y-la-reforma-migratoria\\\/\"},\"wordCount\":1050,\"publisher\":{\"@id\":\"https:\\\/\\\/abic.us\\\/es\\\/#organization\"},\"image\":{\"@id\":\"https:\\\/\\\/abic.us\\\/es\\\/recording-reunion-informativa-con-el-senador-dick-durbin-sobre-dream-act-y-la-reforma-migratoria\\\/#primaryimage\"},\"thumbnailUrl\":\"https:\\\/\\\/abic.imgix.net\\\/assets\\\/durbin4.png\",\"articleSection\":[\"Actualizaciones\"],\"inLanguage\":\"es\"},{\"@type\":\"WebPage\",\"@id\":\"https:\\\/\\\/abic.us\\\/es\\\/recording-reunion-informativa-con-el-senador-dick-durbin-sobre-dream-act-y-la-reforma-migratoria\\\/\",\"url\":\"https:\\\/\\\/abic.us\\\/es\\\/recording-reunion-informativa-con-el-senador-dick-durbin-sobre-dream-act-y-la-reforma-migratoria\\\/\",\"name\":\"[RECORDING] Reuni\u00f3n informativa con el senador Dick Durbin sobre dream act y la reforma migratoria &#8212; Coalici\u00f3n 91探花a de Inmigraci\u00f3n Empresarial\",\"isPartOf\":{\"@id\":\"https:\\\/\\\/abic.us\\\/es\\\/#website\"},\"primaryImageOfPage\":{\"@id\":\"https:\\\/\\\/abic.us\\\/es\\\/recording-reunion-informativa-con-el-senador-dick-durbin-sobre-dream-act-y-la-reforma-migratoria\\\/#primaryimage\"},\"image\":{\"@id\":\"https:\\\/\\\/abic.us\\\/es\\\/recording-reunion-informativa-con-el-senador-dick-durbin-sobre-dream-act-y-la-reforma-migratoria\\\/#primaryimage\"},\"thumbnailUrl\":\"https:\\\/\\\/abic.imgix.net\\\/assets\\\/durbin4.png\",\"datePublished\":\"2021-02-26T14:57:49+00:00\",\"dateModified\":\"2021-12-06T14:33:52+00:00\",\"breadcrumb\":{\"@id\":\"https:\\\/\\\/abic.us\\\/es\\\/recording-reunion-informativa-con-el-senador-dick-durbin-sobre-dream-act-y-la-reforma-migratoria\\\/#breadcrumb\"},\"inLanguage\":\"es\",\"potentialAction\":[{\"@type\":\"ReadAction\",\"target\":[\"https:\\\/\\\/abic.us\\\/es\\\/recording-reunion-informativa-con-el-senador-dick-durbin-sobre-dream-act-y-la-reforma-migratoria\\\/\"]}]},{\"@type\":\"ImageObject\",\"inLanguage\":\"es\",\"@id\":\"https:\\\/\\\/abic.us\\\/es\\\/recording-reunion-informativa-con-el-senador-dick-durbin-sobre-dream-act-y-la-reforma-migratoria\\\/#primaryimage\",\"url\":\"https:\\\/\\\/abic.imgix.net\\\/assets\\\/durbin4.png\",\"contentUrl\":\"https:\\\/\\\/abic.imgix.net\\\/assets\\\/durbin4.png\"},{\"@type\":\"BreadcrumbList\",\"@id\":\"https:\\\/\\\/abic.us\\\/es\\\/recording-reunion-informativa-con-el-senador-dick-durbin-sobre-dream-act-y-la-reforma-migratoria\\\/#breadcrumb\",\"itemListElement\":[{\"@type\":\"ListItem\",\"position\":1,\"name\":\"Hogar\",\"item\":\"https:\\\/\\\/abic.us\\\/es\\\/\"},{\"@type\":\"ListItem\",\"position\":2,\"name\":\"[RECORDING] Reuni\u00f3n informativa con el senador Dick Durbin sobre dream act y la reforma migratoria\"}]},{\"@type\":\"WebSite\",\"@id\":\"https:\\\/\\\/abic.us\\\/es\\\/#website\",\"url\":\"https:\\\/\\\/abic.us\\\/es\\\/\",\"name\":\"Coalici\u00f3n 91探花a de Inmigraci\u00f3n Empresarial\",\"description\":\"Juntos, promoveremos una reforma migratoria sensata que crezca empleos, fortalezca nuestra econom\u00eda y beneficie a todas las familias estadounidenses.\",\"publisher\":{\"@id\":\"https:\\\/\\\/abic.us\\\/es\\\/#organization\"},\"potentialAction\":[{\"@type\":\"SearchAction\",\"target\":{\"@type\":\"EntryPoint\",\"urlTemplate\":\"https:\\\/\\\/abic.us\\\/es\\\/?s={search_term_string}\"},\"query-input\":{\"@type\":\"PropertyValueSpecification\",\"valueRequired\":true,\"valueName\":\"search_term_string\"}}],\"inLanguage\":\"es\"},{\"@type\":\"Organization\",\"@id\":\"https:\\\/\\\/abic.us\\\/es\\\/#organization\",\"name\":\"91探花\",\"url\":\"https:\\\/\\\/abic.us\\\/es\\\/\",\"logo\":{\"@type\":\"ImageObject\",\"inLanguage\":\"es\",\"@id\":\"https:\\\/\\\/abic.us\\\/es\\\/#\\\/schema\\\/logo\\\/image\\\/\",\"url\":\"https:\\\/\\\/abic.us\\\/wp-content\\\/uploads\\\/2021\\\/11\\\/ABIC-Logo.png\",\"contentUrl\":\"https:\\\/\\\/abic.us\\\/wp-content\\\/uploads\\\/2021\\\/11\\\/ABIC-Logo.png\",\"width\":1000,\"height\":260,\"caption\":\"91探花\"},\"image\":{\"@id\":\"https:\\\/\\\/abic.us\\\/es\\\/#\\\/schema\\\/logo\\\/image\\\/\"},\"sameAs\":[\"https:\\\/\\\/www.facebook.com\\\/91探花BIC\",\"https:\\\/\\\/x.com\\\/91探花BIC\"]},{\"@type\":\"Person\",\"@id\":\"https:\\\/\\\/abic.us\\\/es\\\/#\\\/schema\\\/person\\\/58547098a0d3b973c110fd8a36f0e0bb\",\"name\":\"abic\",\"image\":{\"@type\":\"ImageObject\",\"inLanguage\":\"es\",\"@id\":\"https:\\\/\\\/secure.gravatar.com\\\/avatar\\\/4a2893b0ce0ce34781c1e0a9251ffe4322e67c4e95cdf48463d10701c3bd4c8e?s=96&d=mm&r=g\",\"url\":\"https:\\\/\\\/secure.gravatar.com\\\/avatar\\\/4a2893b0ce0ce34781c1e0a9251ffe4322e67c4e95cdf48463d10701c3bd4c8e?s=96&d=mm&r=g\",\"contentUrl\":\"https:\\\/\\\/secure.gravatar.com\\\/avatar\\\/4a2893b0ce0ce34781c1e0a9251ffe4322e67c4e95cdf48463d10701c3bd4c8e?s=96&d=mm&r=g\",\"caption\":\"abic\"},\"sameAs\":[\"https:\\\/\\\/abic.wpengine.com\"]}]}<\/script>\n<!-- \/ Yoast SEO plugin. -->","yoast_head_json":{"title":"[RECORDING] Reuni\u00f3n informativa con el senador Dick Durbin sobre dream act y la reforma migratoria &#8212; Coalici\u00f3n 91探花a de Inmigraci\u00f3n Empresarial","robots":{"index":"index","follow":"follow","max-snippet":"max-snippet:-1","max-image-preview":"max-image-preview:large","max-video-preview":"max-video-preview:-1"},"canonical":"https:\/\/abic.us\/es\/recording-reunion-informativa-con-el-senador-dick-durbin-sobre-dream-act-y-la-reforma-migratoria\/","og_locale":"es_ES","og_type":"article","og_title":"[RECORDING] Reuni\u00f3n informativa con el senador Dick Durbin sobre dream act y la reforma migratoria &#8212; Coalici\u00f3n 91探花a de Inmigraci\u00f3n Empresarial","og_description":"[RECORDING] Reuni\u00f3n informativa con el senador Dick Durbin sobre dream act y la reforma migratoria Enlace a la grabaci\u00f3n aqu\u00ed: http:\/\/bit.ly\/3sy5Zho CHICAGO, IL \u2014 Hoy, Senador de los Estados Unidos...","og_url":"https:\/\/abic.us\/es\/recording-reunion-informativa-con-el-senador-dick-durbin-sobre-dream-act-y-la-reforma-migratoria\/","og_site_name":"Coalici\u00f3n 91探花a de Inmigraci\u00f3n Empresarial","article_publisher":"https:\/\/www.facebook.com\/91探花BIC","article_published_time":"2021-02-26T14:57:49+00:00","article_modified_time":"2021-12-06T14:33:52+00:00","og_image":[{"url":"https:\/\/abic.imgix.net\/assets\/durbin4.png","type":"","width":"","height":""}],"author":"abic","twitter_card":"summary_large_image","twitter_creator":"@91探花BIC","twitter_site":"@91探花BIC","twitter_misc":{"Escrito por":"abic","Tiempo de lectura":"5 minutos"},"schema":{"@context":"https:\/\/schema.org","@graph":[{"@type":"Article","@id":"https:\/\/abic.us\/es\/recording-reunion-informativa-con-el-senador-dick-durbin-sobre-dream-act-y-la-reforma-migratoria\/#article","isPartOf":{"@id":"https:\/\/abic.us\/es\/recording-reunion-informativa-con-el-senador-dick-durbin-sobre-dream-act-y-la-reforma-migratoria\/"},"author":{"name":"abic","@id":"https:\/\/abic.us\/es\/#\/schema\/person\/58547098a0d3b973c110fd8a36f0e0bb"},"headline":"[RECORDING] Reuni\u00f3n informativa con el senador Dick Durbin sobre dream act y la reforma migratoria","datePublished":"2021-02-26T14:57:49+00:00","dateModified":"2021-12-06T14:33:52+00:00","mainEntityOfPage":{"@id":"https:\/\/abic.us\/es\/recording-reunion-informativa-con-el-senador-dick-durbin-sobre-dream-act-y-la-reforma-migratoria\/"},"wordCount":1050,"publisher":{"@id":"https:\/\/abic.us\/es\/#organization"},"image":{"@id":"https:\/\/abic.us\/es\/recording-reunion-informativa-con-el-senador-dick-durbin-sobre-dream-act-y-la-reforma-migratoria\/#primaryimage"},"thumbnailUrl":"https:\/\/abic.imgix.net\/assets\/durbin4.png","articleSection":["Actualizaciones"],"inLanguage":"es"},{"@type":"WebPage","@id":"https:\/\/abic.us\/es\/recording-reunion-informativa-con-el-senador-dick-durbin-sobre-dream-act-y-la-reforma-migratoria\/","url":"https:\/\/abic.us\/es\/recording-reunion-informativa-con-el-senador-dick-durbin-sobre-dream-act-y-la-reforma-migratoria\/","name":"[RECORDING] Reuni\u00f3n informativa con el senador Dick Durbin sobre dream act y la reforma migratoria &#8212; Coalici\u00f3n 91探花a de Inmigraci\u00f3n Empresarial","isPartOf":{"@id":"https:\/\/abic.us\/es\/#website"},"primaryImageOfPage":{"@id":"https:\/\/abic.us\/es\/recording-reunion-informativa-con-el-senador-dick-durbin-sobre-dream-act-y-la-reforma-migratoria\/#primaryimage"},"image":{"@id":"https:\/\/abic.us\/es\/recording-reunion-informativa-con-el-senador-dick-durbin-sobre-dream-act-y-la-reforma-migratoria\/#primaryimage"},"thumbnailUrl":"https:\/\/abic.imgix.net\/assets\/durbin4.png","datePublished":"2021-02-26T14:57:49+00:00","dateModified":"2021-12-06T14:33:52+00:00","breadcrumb":{"@id":"https:\/\/abic.us\/es\/recording-reunion-informativa-con-el-senador-dick-durbin-sobre-dream-act-y-la-reforma-migratoria\/#breadcrumb"},"inLanguage":"es","potentialAction":[{"@type":"ReadAction","target":["https:\/\/abic.us\/es\/recording-reunion-informativa-con-el-senador-dick-durbin-sobre-dream-act-y-la-reforma-migratoria\/"]}]},{"@type":"ImageObject","inLanguage":"es","@id":"https:\/\/abic.us\/es\/recording-reunion-informativa-con-el-senador-dick-durbin-sobre-dream-act-y-la-reforma-migratoria\/#primaryimage","url":"https:\/\/abic.imgix.net\/assets\/durbin4.png","contentUrl":"https:\/\/abic.imgix.net\/assets\/durbin4.png"},{"@type":"BreadcrumbList","@id":"https:\/\/abic.us\/es\/recording-reunion-informativa-con-el-senador-dick-durbin-sobre-dream-act-y-la-reforma-migratoria\/#breadcrumb","itemListElement":[{"@type":"ListItem","position":1,"name":"Hogar","item":"https:\/\/abic.us\/es\/"},{"@type":"ListItem","position":2,"name":"[RECORDING] Reuni\u00f3n informativa con el senador Dick Durbin sobre dream act y la reforma migratoria"}]},{"@type":"WebSite","@id":"https:\/\/abic.us\/es\/#website","url":"https:\/\/abic.us\/es\/","name":"Coalici\u00f3n 91探花a de Inmigraci\u00f3n Empresarial","description":"Juntos, promoveremos una reforma migratoria sensata que crezca empleos, fortalezca nuestra econom\u00eda y beneficie a todas las familias estadounidenses.","publisher":{"@id":"https:\/\/abic.us\/es\/#organization"},"potentialAction":[{"@type":"SearchAction","target":{"@type":"EntryPoint","urlTemplate":"https:\/\/abic.us\/es\/?s={search_term_string}"},"query-input":{"@type":"PropertyValueSpecification","valueRequired":true,"valueName":"search_term_string"}}],"inLanguage":"es"},{"@type":"Organization","@id":"https:\/\/abic.us\/es\/#organization","name":"91探花","url":"https:\/\/abic.us\/es\/","logo":{"@type":"ImageObject","inLanguage":"es","@id":"https:\/\/abic.us\/es\/#\/schema\/logo\/image\/","url":"https:\/\/abic.us\/wp-content\/uploads\/2021\/11\/ABIC-Logo.png","contentUrl":"https:\/\/abic.us\/wp-content\/uploads\/2021\/11\/ABIC-Logo.png","width":1000,"height":260,"caption":"91探花"},"image":{"@id":"https:\/\/abic.us\/es\/#\/schema\/logo\/image\/"},"sameAs":["https:\/\/www.facebook.com\/91探花BIC","https:\/\/x.com\/91探花BIC"]},{"@type":"Person","@id":"https:\/\/abic.us\/es\/#\/schema\/person\/58547098a0d3b973c110fd8a36f0e0bb","name":"abic","image":{"@type":"ImageObject","inLanguage":"es","@id":"https:\/\/secure.gravatar.com\/avatar\/4a2893b0ce0ce34781c1e0a9251ffe4322e67c4e95cdf48463d10701c3bd4c8e?s=96&d=mm&r=g","url":"https:\/\/secure.gravatar.com\/avatar\/4a2893b0ce0ce34781c1e0a9251ffe4322e67c4e95cdf48463d10701c3bd4c8e?s=96&d=mm&r=g","contentUrl":"https:\/\/secure.gravatar.com\/avatar\/4a2893b0ce0ce34781c1e0a9251ffe4322e67c4e95cdf48463d10701c3bd4c8e?s=96&d=mm&r=g","caption":"abic"},"sameAs":["https:\/\/abic.wpengine.com"]}]}},"_links":{"self":[{"href":"https:\/\/abic.us\/es\/wp-json\/wp\/v2\/posts\/35011","targetHints":{"allow":["GET"]}}],"collection":[{"href":"https:\/\/abic.us\/es\/wp-json\/wp\/v2\/posts"}],"about":[{"href":"https:\/\/abic.us\/es\/wp-json\/wp\/v2\/types\/post"}],"author":[{"embeddable":true,"href":"https:\/\/abic.us\/es\/wp-json\/wp\/v2\/users\/1"}],"replies":[{"embeddable":true,"href":"https:\/\/abic.us\/es\/wp-json\/wp\/v2\/comments?post=35011"}],"version-history":[{"count":0,"href":"https:\/\/abic.us\/es\/wp-json\/wp\/v2\/posts\/35011\/revisions"}],"wp:attachment":[{"href":"https:\/\/abic.us\/es\/wp-json\/wp\/v2\/media?parent=35011"}],"wp:term":[{"taxonomy":"category","embeddable":true,"href":"https:\/\/abic.us\/es\/wp-json\/wp\/v2\/categories?post=35011"},{"taxonomy":"post_tag","embeddable":true,"href":"https:\/\/abic.us\/es\/wp-json\/wp\/v2\/tags?post=35011"}],"curies":[{"name":"wp","href":"https:\/\/api.w.org\/{rel}","templated":true}]}}