  {"id":35015,"date":"2021-02-22T10:32:47","date_gmt":"2021-02-22T10:32:47","guid":{"rendered":"https:\/\/abic.wpengine.com\/la-administracion-biden-anuncia-una-solucion-para-el-programa-de-proteccion-de-cheques-de-pago-que-impulsara-el-alivio-para-las-empresas-de-propiedad-negra-y-latina\/"},"modified":"2021-12-06T14:33:55","modified_gmt":"2021-12-06T14:33:55","slug":"la-administracion-biden-anuncia-una-solucion-para-el-programa-de-proteccion-de-cheques-de-pago-que-impulsara-el-alivio-para-las-empresas-de-propiedad-negra-y-latina","status":"publish","type":"post","link":"https:\/\/abic.us\/es\/la-administracion-biden-anuncia-una-solucion-para-el-programa-de-proteccion-de-cheques-de-pago-que-impulsara-el-alivio-para-las-empresas-de-propiedad-negra-y-latina\/","title":{"rendered":"La administraci\u00f3n Biden anuncia una soluci\u00f3n para el programa de protecci\u00f3n de cheques de pago que impulsar\u00e1 el alivio para las empresas de propiedad negra y latina"},"content":{"rendered":"\n<figure class=\"wp-block-image size-large\"><img loading=\"lazy\" decoding=\"async\" width=\"1350\" height=\"650\" src=\"https:\/\/abic.imgix.net\/assets\/smallbusiness.png\" alt=\"\" class=\"wp-image-31256\"\/><\/figure>\n<h2 class=\"wp-block-heading\"><strong>La administraci\u00f3n Biden anuncia una soluci\u00f3n para el programa de protecci\u00f3n de cheques de pago que impulsar\u00e1 el alivio para las empresas de propiedad negra y latina<\/strong><\/h2>\n\n<p class=\"wp-block-paragraph\"><strong>WASHINGTON, D.C. <\/strong> Hoy, <a href=\"https:\/\/www.whitehouse.gov\/briefing-room\/statements-releases\/2021\/02\/22\/fact-sheet-biden-harris-administration-increases-lending-to-small-businesses-in-need-announces-changes-to-ppp-to-further-promote-equitable-access-to-relief\/\">el presidente Biden anunci\u00f3 varias correcciones<\/a> a las reglas del Programa de Protecci\u00f3n de Cheques de Pago (PPP), incluida una que garantizar\u00e1 una determinaci\u00f3n m\u00e1s precisa del nivel de alivio para peque\u00f1as empresas que los propietarios \u00fanicos y contratistas independientes necesitan y tienen derecho a recibir.  <\/p>\n\n<p class=\"wp-block-paragraph\">M\u00e1s de 100 organizaciones que apoyan a las empresas propiedad de afroamericanos, latinos e inmigrantes <a href=\"https:\/\/www.responsiblelending.org\/sites\/default\/files\/nodes\/files\/research-publication\/coalition-letter-to-sba-treasuryreqs-for-sched-cfilers-feb2021_0.pdf\">recientemente pidieron cambios inmediatos para<\/a> garantizar que el alivio llegue a los due\u00f1os de negocios que m\u00e1s lo necesitan. Este importante cambio ayudar\u00e1 a millones de propietarios de peque\u00f1as empresas en todo el pa\u00eds, tanto en \u00e1reas rurales como urbanas, incluidos los empresarios no ciudadanos que presentan sus impuestos ante ITIN. Las organizaciones que firmaron incluyeron el Centro de Pr\u00e9stamos Responsables, la Coalici\u00f3n de Apoyo a Iniciativas Locales, la Coalici\u00f3n 91探花a de <a href=\"https:\/\/abic.us\/\">Inmigraci\u00f3n Empresarial,<\/a>la C\u00e1mara de Comercio y Emprendimiento 91探花a de Asia \/ Islas del Pac\u00edfico (National ACE), la C\u00e1mara de Comercio Hispana de los Estados Unidos, las C\u00e1maras Negras de los Estados Unidos, Inc., Opportunity Finance Network y docenas de otras.  <\/p>\n\n<p class=\"wp-block-paragraph\">Antes de esta soluci\u00f3n, la Administraci\u00f3n de Peque\u00f1as Empresas (SBA) calcul\u00f3 los montos de los pr\u00e9stamos para propietarios \u00fanicos y contratistas independientes en funci\u00f3n de la ganancia neta en lugar del ingreso bruto, lo que no da una representaci\u00f3n real de sus necesidades de alivio comercial. Los cambios en las reglas para la \u00faltima ronda de fondos proporcionaron un remedio para este problema para los peque\u00f1os agricultores y ganaderos, pero otras microempresas no pudieron aprovechar ese cambio.  <\/p>\n\n<p class=\"wp-block-paragraph\">Este cambio se aplicar\u00e1 a los nuevos pr\u00e9stamos PPP por primera vez, as\u00ed como a los pr\u00e9stamos de segundo sorteo. Si bien la SBA no puede aplicar retroactivamente la soluci\u00f3n a los pr\u00e9stamos hechos antes del cambio de hoy, el Congreso puede, y de hecho ya lo ha hecho, para los peque\u00f1os agricultores y ganaderos.  <\/p>\n\n<p class=\"wp-block-paragraph\">La APP de $ 800 mil millones tuvo <a href=\"https:\/\/www.responsiblelending.org\/research-publication\/paycheck-protection-program-continues-be-disadvantageous-smaller-businesses\">fallas estructurales<\/a> desde su inicio que favorecieron a las empresas m\u00e1s grandes y con m\u00e1s recursos. Casi el 95% de las empresas de propiedad negra y el 91% de las empresas de propiedad latina no tienen empleados m\u00e1s all\u00e1 de los propietarios, en comparaci\u00f3n con el 78% de las empresas de propiedad de blancos. La falla en las reglas relacionadas con los formularios de impuestos fue uno de varios impedimentos estructurales para el acceso de las empresas propiedad de minor\u00edas.  <\/p>\n\n<p class=\"wp-block-paragraph\">La Administraci\u00f3n tambi\u00e9n anunci\u00f3 soluciones que aumentar\u00e1n el acceso al eliminar las barreras para los prestatarios con morosidad de la deuda estudiantil, hacer que las barreras sean menos restrictivas para los propietarios de negocios que han tenido participaci\u00f3n en el sistema de justicia penal en el pasado, y al eliminar las restricciones para los propietarios de negocios inmigrantes elegibles. La semana pasada, la SBA tambi\u00e9n mejor\u00f3 sus pr\u00e1cticas en torno a la recopilaci\u00f3n de datos demogr\u00e1ficos al mover estas preguntas a la primera p\u00e1gina del formulario de solicitud.  <\/p>\n\n<p class=\"wp-block-paragraph\"><strong>Ashley Harrington, Directora de Defensa Federal del Centro de Pr\u00e9stamos Responsables,<\/strong> <strong>hizo la siguiente declaraci\u00f3n:<\/strong> <\/p>\n\n<p class=\"wp-block-paragraph\">\u00abEn concierto con las m\u00e1s de 100 organizaciones que se unieron al llamado para una soluci\u00f3n muy necesaria a las reglas del PPP, extendemos nuestro agradecimiento por la r\u00e1pida respuesta del presidente Biden, la secretaria del Tesoro Yellen y la Administraci\u00f3n de Peque\u00f1as Empresas. Pedimos que el Congreso se mueva con la mismo rapidez para hacer que el ajuste sea retroactivo, de modo que las empresas que perdieron el nivel de alivio que necesitaban anteriormente puedan sobrevivir a este momento peligroso y prosperar a medida que avanzamos.  <\/p>\n\n<p class=\"wp-block-paragraph\">Estos negocios propiedad de personas de color son una parte vital de las mismas comunidades que han sido tan afectadas por la pandemia de COVID-19. Debemos asegurarnos de que todas las empresas vulnerables tengan acceso equitativo al alivio que necesitan para capear esta crisis\u00bb.  <\/p>\n\n<p class=\"wp-block-paragraph\"><strong>Henry Golatt, Arquitecto Jefe de la Agenda de Peque\u00f1as Empresas de Columbus, que es un esfuerzo estrat\u00e9gico de la Oficina de Desarrollo de Peque\u00f1as Empresas y Empresarios de la Ciudad de Columbus y sus socios y partes interesadas, hizo la siguiente declaraci\u00f3n:<\/strong><\/p>\n\n<p class=\"wp-block-paragraph\">\u00abLa recuperaci\u00f3n econ\u00f3mica que no apunta intencional y estrat\u00e9gicamente al acceso y la participaci\u00f3n de las empresas negras y marrones habr\u00eda tenido impactos generacionales adversos continuos en estas empresas. Aplaudimos y celebramos estos cambios anunciados por el presidente Biden y los miembros de su equipo que hacen que el acceso al Programa de Protecci\u00f3n de Cheques de Pago sea m\u00e1s equitativo\u00bb.<\/p>\n\n<p class=\"wp-block-paragraph\"><strong>La Directora Ejecutiva de la 91探花, Rebecca Shi, hizo la siguiente declaraci\u00f3n:<\/strong> <\/p>\n\n<p class=\"wp-block-paragraph\">\u00abAlimentar las empresas propiedad de negros, latinos e inmigrantes es fundamental para la recuperaci\u00f3n de nuestra naci\u00f3n de la pandemia. El presidente Biden, la secretaria del Tesoro Yellen y la soluci\u00f3n de la Administraci\u00f3n de Peque\u00f1as Empresas para el Programa de Protecci\u00f3n de Cheques de Pago rompe las barreras de prosperidad y brinda acceso completo a la ayuda donde se necesita con urgencia. Tambi\u00e9n agradecemos al l\u00edder Chuck Schumer, al presidente del Comit\u00e9 de Peque\u00f1as Empresas Ben Cardin y a la presidenta Nyida Vel\u00e1zquez por su apoyo\u00bb.  <\/p>\n\n<p class=\"wp-block-paragraph\"><strong>Fondo  <\/strong><\/p>\n\n<p class=\"wp-block-paragraph\">Bajo este cambio, la propietaria de un cami\u00f3n de comida m\u00f3vil en Greenville, Carolina del Norte, una mujer negra que recibi\u00f3 $ 3,273 en fondos PPP, ser\u00eda elegible para $ 20,678. Y un negocio de reparaci\u00f3n de autom\u00f3viles de propiedad latina con un empleado a tiempo parcial adem\u00e1s del propietario ser\u00eda elegible para $23,216, cinco veces los $4,680 que este negocio recibi\u00f3 bajo las reglas anteriores. Estas empresas necesitan fondos que sean adecuados para mantenerse a flote durante el cierre y cuidar a sus familias, y bajo las reglas anteriores, no eran elegibles para fondos suficientes.  <\/p>\n","protected":false},"excerpt":{"rendered":"<p>La administraci\u00f3n Biden anuncia una soluci\u00f3n para el programa de protecci\u00f3n de cheques de pago que impulsar\u00e1 el alivio para las empresas de propiedad negra y latina WASHINGTON, D.C. Hoy,&#8230;<\/p>\n","protected":false},"author":1,"featured_media":0,"comment_status":"closed","ping_status":"closed","sticky":false,"template":"","format":"standard","meta":{"footnotes":""},"categories":[63],"tags":[],"class_list":["post-35015","post","type-post","status-publish","format-standard","category-actualizaciones"],"yoast_head":"<!-- This site is optimized with the Yoast SEO plugin v28.3 - https:\/\/yoast.com\/product\/yoast-seo-wordpress\/ -->\n<title>La administraci\u00f3n Biden anuncia una soluci\u00f3n para el programa de protecci\u00f3n de cheques de pago que impulsar\u00e1 el alivio para las empresas de propiedad negra y latina &#8212; Coalici\u00f3n 91探花a de Inmigraci\u00f3n Empresarial<\/title>\n<meta name=\"description\" content=\"El presidente Biden anunci\u00f3 varias correcciones a las reglas del Programa de Protecci\u00f3n de Cheques de Pago (PPP), incluida una que garantizar\u00e1 una determinaci\u00f3n m\u00e1s precisa del nivel de alivio para peque\u00f1as empresas que los propietarios \u00fanicos y contratistas independientes necesitan y tienen derecho a recibir.\" \/>\n<meta name=\"robots\" content=\"index, follow, max-snippet:-1, max-image-preview:large, max-video-preview:-1\" \/>\n<link rel=\"canonical\" href=\"https:\/\/abic.us\/es\/la-administracion-biden-anuncia-una-solucion-para-el-programa-de-proteccion-de-cheques-de-pago-que-impulsara-el-alivio-para-las-empresas-de-propiedad-negra-y-latina\/\" \/>\n<meta property=\"og:locale\" content=\"es_ES\" \/>\n<meta property=\"og:type\" content=\"article\" \/>\n<meta property=\"og:title\" content=\"La administraci\u00f3n Biden anuncia una soluci\u00f3n para el programa de protecci\u00f3n de cheques de pago que impulsar\u00e1 el alivio para las empresas de propiedad negra y latina &#8212; Coalici\u00f3n 91探花a de Inmigraci\u00f3n Empresarial\" \/>\n<meta property=\"og:description\" content=\"El presidente Biden anunci\u00f3 varias correcciones a las reglas del Programa de Protecci\u00f3n de Cheques de Pago (PPP), incluida una que garantizar\u00e1 una determinaci\u00f3n m\u00e1s precisa del nivel de alivio para peque\u00f1as empresas que los propietarios \u00fanicos y contratistas independientes necesitan y tienen derecho a recibir.\" \/>\n<meta property=\"og:url\" content=\"https:\/\/abic.us\/es\/la-administracion-biden-anuncia-una-solucion-para-el-programa-de-proteccion-de-cheques-de-pago-que-impulsara-el-alivio-para-las-empresas-de-propiedad-negra-y-latina\/\" \/>\n<meta property=\"og:site_name\" content=\"Coalici\u00f3n 91探花a de Inmigraci\u00f3n Empresarial\" \/>\n<meta property=\"article:publisher\" content=\"https:\/\/www.facebook.com\/91探花BIC\" \/>\n<meta property=\"article:published_time\" content=\"2021-02-22T10:32:47+00:00\" \/>\n<meta property=\"article:modified_time\" content=\"2021-12-06T14:33:55+00:00\" \/>\n<meta property=\"og:image\" content=\"https:\/\/abic.imgix.net\/assets\/smallbusiness.png\" \/>\n<meta name=\"author\" content=\"abic\" \/>\n<meta name=\"twitter:card\" content=\"summary_large_image\" \/>\n<meta name=\"twitter:creator\" content=\"@91探花BIC\" \/>\n<meta name=\"twitter:site\" content=\"@91探花BIC\" \/>\n<meta name=\"twitter:label1\" content=\"Escrito por\" \/>\n\t<meta name=\"twitter:data1\" content=\"abic\" \/>\n\t<meta name=\"twitter:label2\" content=\"Tiempo de lectura\" \/>\n\t<meta name=\"twitter:data2\" content=\"5 minutos\" \/>\n<script type=\"application\/ld+json\" class=\"yoast-schema-graph\">{\"@context\":\"https:\\\/\\\/schema.org\",\"@graph\":[{\"@type\":\"Article\",\"@id\":\"https:\\\/\\\/abic.us\\\/es\\\/la-administracion-biden-anuncia-una-solucion-para-el-programa-de-proteccion-de-cheques-de-pago-que-impulsara-el-alivio-para-las-empresas-de-propiedad-negra-y-latina\\\/#article\",\"isPartOf\":{\"@id\":\"https:\\\/\\\/abic.us\\\/es\\\/la-administracion-biden-anuncia-una-solucion-para-el-programa-de-proteccion-de-cheques-de-pago-que-impulsara-el-alivio-para-las-empresas-de-propiedad-negra-y-latina\\\/\"},\"author\":{\"name\":\"abic\",\"@id\":\"https:\\\/\\\/abic.us\\\/es\\\/#\\\/schema\\\/person\\\/58547098a0d3b973c110fd8a36f0e0bb\"},\"headline\":\"La administraci\u00f3n Biden anuncia una soluci\u00f3n para el programa de protecci\u00f3n de cheques de pago que impulsar\u00e1 el alivio para las empresas de propiedad negra y latina\",\"datePublished\":\"2021-02-22T10:32:47+00:00\",\"dateModified\":\"2021-12-06T14:33:55+00:00\",\"mainEntityOfPage\":{\"@id\":\"https:\\\/\\\/abic.us\\\/es\\\/la-administracion-biden-anuncia-una-solucion-para-el-programa-de-proteccion-de-cheques-de-pago-que-impulsara-el-alivio-para-las-empresas-de-propiedad-negra-y-latina\\\/\"},\"wordCount\":1059,\"publisher\":{\"@id\":\"https:\\\/\\\/abic.us\\\/es\\\/#organization\"},\"image\":{\"@id\":\"https:\\\/\\\/abic.us\\\/es\\\/la-administracion-biden-anuncia-una-solucion-para-el-programa-de-proteccion-de-cheques-de-pago-que-impulsara-el-alivio-para-las-empresas-de-propiedad-negra-y-latina\\\/#primaryimage\"},\"thumbnailUrl\":\"https:\\\/\\\/abic.imgix.net\\\/assets\\\/smallbusiness.png\",\"articleSection\":[\"Actualizaciones\"],\"inLanguage\":\"es\"},{\"@type\":\"WebPage\",\"@id\":\"https:\\\/\\\/abic.us\\\/es\\\/la-administracion-biden-anuncia-una-solucion-para-el-programa-de-proteccion-de-cheques-de-pago-que-impulsara-el-alivio-para-las-empresas-de-propiedad-negra-y-latina\\\/\",\"url\":\"https:\\\/\\\/abic.us\\\/es\\\/la-administracion-biden-anuncia-una-solucion-para-el-programa-de-proteccion-de-cheques-de-pago-que-impulsara-el-alivio-para-las-empresas-de-propiedad-negra-y-latina\\\/\",\"name\":\"La administraci\u00f3n Biden anuncia una soluci\u00f3n para el programa de protecci\u00f3n de cheques de pago que impulsar\u00e1 el alivio para las empresas de propiedad negra y latina &#8212; Coalici\u00f3n 91探花a de Inmigraci\u00f3n Empresarial\",\"isPartOf\":{\"@id\":\"https:\\\/\\\/abic.us\\\/es\\\/#website\"},\"primaryImageOfPage\":{\"@id\":\"https:\\\/\\\/abic.us\\\/es\\\/la-administracion-biden-anuncia-una-solucion-para-el-programa-de-proteccion-de-cheques-de-pago-que-impulsara-el-alivio-para-las-empresas-de-propiedad-negra-y-latina\\\/#primaryimage\"},\"image\":{\"@id\":\"https:\\\/\\\/abic.us\\\/es\\\/la-administracion-biden-anuncia-una-solucion-para-el-programa-de-proteccion-de-cheques-de-pago-que-impulsara-el-alivio-para-las-empresas-de-propiedad-negra-y-latina\\\/#primaryimage\"},\"thumbnailUrl\":\"https:\\\/\\\/abic.imgix.net\\\/assets\\\/smallbusiness.png\",\"datePublished\":\"2021-02-22T10:32:47+00:00\",\"dateModified\":\"2021-12-06T14:33:55+00:00\",\"description\":\"El presidente Biden anunci\u00f3 varias correcciones a las reglas del Programa de Protecci\u00f3n de Cheques de Pago (PPP), incluida una que garantizar\u00e1 una determinaci\u00f3n m\u00e1s precisa del nivel de alivio para peque\u00f1as empresas que los propietarios \u00fanicos y contratistas independientes necesitan y tienen derecho a recibir.\",\"breadcrumb\":{\"@id\":\"https:\\\/\\\/abic.us\\\/es\\\/la-administracion-biden-anuncia-una-solucion-para-el-programa-de-proteccion-de-cheques-de-pago-que-impulsara-el-alivio-para-las-empresas-de-propiedad-negra-y-latina\\\/#breadcrumb\"},\"inLanguage\":\"es\",\"potentialAction\":[{\"@type\":\"ReadAction\",\"target\":[\"https:\\\/\\\/abic.us\\\/es\\\/la-administracion-biden-anuncia-una-solucion-para-el-programa-de-proteccion-de-cheques-de-pago-que-impulsara-el-alivio-para-las-empresas-de-propiedad-negra-y-latina\\\/\"]}]},{\"@type\":\"ImageObject\",\"inLanguage\":\"es\",\"@id\":\"https:\\\/\\\/abic.us\\\/es\\\/la-administracion-biden-anuncia-una-solucion-para-el-programa-de-proteccion-de-cheques-de-pago-que-impulsara-el-alivio-para-las-empresas-de-propiedad-negra-y-latina\\\/#primaryimage\",\"url\":\"https:\\\/\\\/abic.imgix.net\\\/assets\\\/smallbusiness.png\",\"contentUrl\":\"https:\\\/\\\/abic.imgix.net\\\/assets\\\/smallbusiness.png\"},{\"@type\":\"BreadcrumbList\",\"@id\":\"https:\\\/\\\/abic.us\\\/es\\\/la-administracion-biden-anuncia-una-solucion-para-el-programa-de-proteccion-de-cheques-de-pago-que-impulsara-el-alivio-para-las-empresas-de-propiedad-negra-y-latina\\\/#breadcrumb\",\"itemListElement\":[{\"@type\":\"ListItem\",\"position\":1,\"name\":\"Hogar\",\"item\":\"https:\\\/\\\/abic.us\\\/es\\\/\"},{\"@type\":\"ListItem\",\"position\":2,\"name\":\"La administraci\u00f3n Biden anuncia una soluci\u00f3n para el programa de protecci\u00f3n de cheques de pago que impulsar\u00e1 el alivio para las empresas de propiedad negra y latina\"}]},{\"@type\":\"WebSite\",\"@id\":\"https:\\\/\\\/abic.us\\\/es\\\/#website\",\"url\":\"https:\\\/\\\/abic.us\\\/es\\\/\",\"name\":\"Coalici\u00f3n 91探花a de Inmigraci\u00f3n Empresarial\",\"description\":\"Juntos, promoveremos una reforma migratoria sensata que crezca empleos, fortalezca nuestra econom\u00eda y beneficie a todas las familias estadounidenses.\",\"publisher\":{\"@id\":\"https:\\\/\\\/abic.us\\\/es\\\/#organization\"},\"potentialAction\":[{\"@type\":\"SearchAction\",\"target\":{\"@type\":\"EntryPoint\",\"urlTemplate\":\"https:\\\/\\\/abic.us\\\/es\\\/?s={search_term_string}\"},\"query-input\":{\"@type\":\"PropertyValueSpecification\",\"valueRequired\":true,\"valueName\":\"search_term_string\"}}],\"inLanguage\":\"es\"},{\"@type\":\"Organization\",\"@id\":\"https:\\\/\\\/abic.us\\\/es\\\/#organization\",\"name\":\"91探花\",\"url\":\"https:\\\/\\\/abic.us\\\/es\\\/\",\"logo\":{\"@type\":\"ImageObject\",\"inLanguage\":\"es\",\"@id\":\"https:\\\/\\\/abic.us\\\/es\\\/#\\\/schema\\\/logo\\\/image\\\/\",\"url\":\"https:\\\/\\\/abic.us\\\/wp-content\\\/uploads\\\/2021\\\/11\\\/ABIC-Logo.png\",\"contentUrl\":\"https:\\\/\\\/abic.us\\\/wp-content\\\/uploads\\\/2021\\\/11\\\/ABIC-Logo.png\",\"width\":1000,\"height\":260,\"caption\":\"91探花\"},\"image\":{\"@id\":\"https:\\\/\\\/abic.us\\\/es\\\/#\\\/schema\\\/logo\\\/image\\\/\"},\"sameAs\":[\"https:\\\/\\\/www.facebook.com\\\/91探花BIC\",\"https:\\\/\\\/x.com\\\/91探花BIC\"]},{\"@type\":\"Person\",\"@id\":\"https:\\\/\\\/abic.us\\\/es\\\/#\\\/schema\\\/person\\\/58547098a0d3b973c110fd8a36f0e0bb\",\"name\":\"abic\",\"image\":{\"@type\":\"ImageObject\",\"inLanguage\":\"es\",\"@id\":\"https:\\\/\\\/secure.gravatar.com\\\/avatar\\\/4a2893b0ce0ce34781c1e0a9251ffe4322e67c4e95cdf48463d10701c3bd4c8e?s=96&d=mm&r=g\",\"url\":\"https:\\\/\\\/secure.gravatar.com\\\/avatar\\\/4a2893b0ce0ce34781c1e0a9251ffe4322e67c4e95cdf48463d10701c3bd4c8e?s=96&d=mm&r=g\",\"contentUrl\":\"https:\\\/\\\/secure.gravatar.com\\\/avatar\\\/4a2893b0ce0ce34781c1e0a9251ffe4322e67c4e95cdf48463d10701c3bd4c8e?s=96&d=mm&r=g\",\"caption\":\"abic\"},\"sameAs\":[\"https:\\\/\\\/abic.wpengine.com\"]}]}<\/script>\n<!-- \/ Yoast SEO plugin. -->","yoast_head_json":{"title":"La administraci\u00f3n Biden anuncia una soluci\u00f3n para el programa de protecci\u00f3n de cheques de pago que impulsar\u00e1 el alivio para las empresas de propiedad negra y latina &#8212; Coalici\u00f3n 91探花a de Inmigraci\u00f3n Empresarial","description":"El presidente Biden anunci\u00f3 varias correcciones a las reglas del Programa de Protecci\u00f3n de Cheques de Pago (PPP), incluida una que garantizar\u00e1 una determinaci\u00f3n m\u00e1s precisa del nivel de alivio para peque\u00f1as empresas que los propietarios \u00fanicos y contratistas independientes necesitan y tienen derecho a recibir.","robots":{"index":"index","follow":"follow","max-snippet":"max-snippet:-1","max-image-preview":"max-image-preview:large","max-video-preview":"max-video-preview:-1"},"canonical":"https:\/\/abic.us\/es\/la-administracion-biden-anuncia-una-solucion-para-el-programa-de-proteccion-de-cheques-de-pago-que-impulsara-el-alivio-para-las-empresas-de-propiedad-negra-y-latina\/","og_locale":"es_ES","og_type":"article","og_title":"La administraci\u00f3n Biden anuncia una soluci\u00f3n para el programa de protecci\u00f3n de cheques de pago que impulsar\u00e1 el alivio para las empresas de propiedad negra y latina &#8212; Coalici\u00f3n 91探花a de Inmigraci\u00f3n Empresarial","og_description":"El presidente Biden anunci\u00f3 varias correcciones a las reglas del Programa de Protecci\u00f3n de Cheques de Pago (PPP), incluida una que garantizar\u00e1 una determinaci\u00f3n m\u00e1s precisa del nivel de alivio para peque\u00f1as empresas que los propietarios \u00fanicos y contratistas independientes necesitan y tienen derecho a recibir.","og_url":"https:\/\/abic.us\/es\/la-administracion-biden-anuncia-una-solucion-para-el-programa-de-proteccion-de-cheques-de-pago-que-impulsara-el-alivio-para-las-empresas-de-propiedad-negra-y-latina\/","og_site_name":"Coalici\u00f3n 91探花a de Inmigraci\u00f3n Empresarial","article_publisher":"https:\/\/www.facebook.com\/91探花BIC","article_published_time":"2021-02-22T10:32:47+00:00","article_modified_time":"2021-12-06T14:33:55+00:00","og_image":[{"url":"https:\/\/abic.imgix.net\/assets\/smallbusiness.png","type":"","width":"","height":""}],"author":"abic","twitter_card":"summary_large_image","twitter_creator":"@91探花BIC","twitter_site":"@91探花BIC","twitter_misc":{"Escrito por":"abic","Tiempo de lectura":"5 minutos"},"schema":{"@context":"https:\/\/schema.org","@graph":[{"@type":"Article","@id":"https:\/\/abic.us\/es\/la-administracion-biden-anuncia-una-solucion-para-el-programa-de-proteccion-de-cheques-de-pago-que-impulsara-el-alivio-para-las-empresas-de-propiedad-negra-y-latina\/#article","isPartOf":{"@id":"https:\/\/abic.us\/es\/la-administracion-biden-anuncia-una-solucion-para-el-programa-de-proteccion-de-cheques-de-pago-que-impulsara-el-alivio-para-las-empresas-de-propiedad-negra-y-latina\/"},"author":{"name":"abic","@id":"https:\/\/abic.us\/es\/#\/schema\/person\/58547098a0d3b973c110fd8a36f0e0bb"},"headline":"La administraci\u00f3n Biden anuncia una soluci\u00f3n para el programa de protecci\u00f3n de cheques de pago que impulsar\u00e1 el alivio para las empresas de propiedad negra y latina","datePublished":"2021-02-22T10:32:47+00:00","dateModified":"2021-12-06T14:33:55+00:00","mainEntityOfPage":{"@id":"https:\/\/abic.us\/es\/la-administracion-biden-anuncia-una-solucion-para-el-programa-de-proteccion-de-cheques-de-pago-que-impulsara-el-alivio-para-las-empresas-de-propiedad-negra-y-latina\/"},"wordCount":1059,"publisher":{"@id":"https:\/\/abic.us\/es\/#organization"},"image":{"@id":"https:\/\/abic.us\/es\/la-administracion-biden-anuncia-una-solucion-para-el-programa-de-proteccion-de-cheques-de-pago-que-impulsara-el-alivio-para-las-empresas-de-propiedad-negra-y-latina\/#primaryimage"},"thumbnailUrl":"https:\/\/abic.imgix.net\/assets\/smallbusiness.png","articleSection":["Actualizaciones"],"inLanguage":"es"},{"@type":"WebPage","@id":"https:\/\/abic.us\/es\/la-administracion-biden-anuncia-una-solucion-para-el-programa-de-proteccion-de-cheques-de-pago-que-impulsara-el-alivio-para-las-empresas-de-propiedad-negra-y-latina\/","url":"https:\/\/abic.us\/es\/la-administracion-biden-anuncia-una-solucion-para-el-programa-de-proteccion-de-cheques-de-pago-que-impulsara-el-alivio-para-las-empresas-de-propiedad-negra-y-latina\/","name":"La administraci\u00f3n Biden anuncia una soluci\u00f3n para el programa de protecci\u00f3n de cheques de pago que impulsar\u00e1 el alivio para las empresas de propiedad negra y latina &#8212; Coalici\u00f3n 91探花a de Inmigraci\u00f3n Empresarial","isPartOf":{"@id":"https:\/\/abic.us\/es\/#website"},"primaryImageOfPage":{"@id":"https:\/\/abic.us\/es\/la-administracion-biden-anuncia-una-solucion-para-el-programa-de-proteccion-de-cheques-de-pago-que-impulsara-el-alivio-para-las-empresas-de-propiedad-negra-y-latina\/#primaryimage"},"image":{"@id":"https:\/\/abic.us\/es\/la-administracion-biden-anuncia-una-solucion-para-el-programa-de-proteccion-de-cheques-de-pago-que-impulsara-el-alivio-para-las-empresas-de-propiedad-negra-y-latina\/#primaryimage"},"thumbnailUrl":"https:\/\/abic.imgix.net\/assets\/smallbusiness.png","datePublished":"2021-02-22T10:32:47+00:00","dateModified":"2021-12-06T14:33:55+00:00","description":"El presidente Biden anunci\u00f3 varias correcciones a las reglas del Programa de Protecci\u00f3n de Cheques de Pago (PPP), incluida una que garantizar\u00e1 una determinaci\u00f3n m\u00e1s precisa del nivel de alivio para peque\u00f1as empresas que los propietarios \u00fanicos y contratistas independientes necesitan y tienen derecho a recibir.","breadcrumb":{"@id":"https:\/\/abic.us\/es\/la-administracion-biden-anuncia-una-solucion-para-el-programa-de-proteccion-de-cheques-de-pago-que-impulsara-el-alivio-para-las-empresas-de-propiedad-negra-y-latina\/#breadcrumb"},"inLanguage":"es","potentialAction":[{"@type":"ReadAction","target":["https:\/\/abic.us\/es\/la-administracion-biden-anuncia-una-solucion-para-el-programa-de-proteccion-de-cheques-de-pago-que-impulsara-el-alivio-para-las-empresas-de-propiedad-negra-y-latina\/"]}]},{"@type":"ImageObject","inLanguage":"es","@id":"https:\/\/abic.us\/es\/la-administracion-biden-anuncia-una-solucion-para-el-programa-de-proteccion-de-cheques-de-pago-que-impulsara-el-alivio-para-las-empresas-de-propiedad-negra-y-latina\/#primaryimage","url":"https:\/\/abic.imgix.net\/assets\/smallbusiness.png","contentUrl":"https:\/\/abic.imgix.net\/assets\/smallbusiness.png"},{"@type":"BreadcrumbList","@id":"https:\/\/abic.us\/es\/la-administracion-biden-anuncia-una-solucion-para-el-programa-de-proteccion-de-cheques-de-pago-que-impulsara-el-alivio-para-las-empresas-de-propiedad-negra-y-latina\/#breadcrumb","itemListElement":[{"@type":"ListItem","position":1,"name":"Hogar","item":"https:\/\/abic.us\/es\/"},{"@type":"ListItem","position":2,"name":"La administraci\u00f3n Biden anuncia una soluci\u00f3n para el programa de protecci\u00f3n de cheques de pago que impulsar\u00e1 el alivio para las empresas de propiedad negra y latina"}]},{"@type":"WebSite","@id":"https:\/\/abic.us\/es\/#website","url":"https:\/\/abic.us\/es\/","name":"Coalici\u00f3n 91探花a de Inmigraci\u00f3n Empresarial","description":"Juntos, promoveremos una reforma migratoria sensata que crezca empleos, fortalezca nuestra econom\u00eda y beneficie a todas las familias estadounidenses.","publisher":{"@id":"https:\/\/abic.us\/es\/#organization"},"potentialAction":[{"@type":"SearchAction","target":{"@type":"EntryPoint","urlTemplate":"https:\/\/abic.us\/es\/?s={search_term_string}"},"query-input":{"@type":"PropertyValueSpecification","valueRequired":true,"valueName":"search_term_string"}}],"inLanguage":"es"},{"@type":"Organization","@id":"https:\/\/abic.us\/es\/#organization","name":"91探花","url":"https:\/\/abic.us\/es\/","logo":{"@type":"ImageObject","inLanguage":"es","@id":"https:\/\/abic.us\/es\/#\/schema\/logo\/image\/","url":"https:\/\/abic.us\/wp-content\/uploads\/2021\/11\/ABIC-Logo.png","contentUrl":"https:\/\/abic.us\/wp-content\/uploads\/2021\/11\/ABIC-Logo.png","width":1000,"height":260,"caption":"91探花"},"image":{"@id":"https:\/\/abic.us\/es\/#\/schema\/logo\/image\/"},"sameAs":["https:\/\/www.facebook.com\/91探花BIC","https:\/\/x.com\/91探花BIC"]},{"@type":"Person","@id":"https:\/\/abic.us\/es\/#\/schema\/person\/58547098a0d3b973c110fd8a36f0e0bb","name":"abic","image":{"@type":"ImageObject","inLanguage":"es","@id":"https:\/\/secure.gravatar.com\/avatar\/4a2893b0ce0ce34781c1e0a9251ffe4322e67c4e95cdf48463d10701c3bd4c8e?s=96&d=mm&r=g","url":"https:\/\/secure.gravatar.com\/avatar\/4a2893b0ce0ce34781c1e0a9251ffe4322e67c4e95cdf48463d10701c3bd4c8e?s=96&d=mm&r=g","contentUrl":"https:\/\/secure.gravatar.com\/avatar\/4a2893b0ce0ce34781c1e0a9251ffe4322e67c4e95cdf48463d10701c3bd4c8e?s=96&d=mm&r=g","caption":"abic"},"sameAs":["https:\/\/abic.wpengine.com"]}]}},"_links":{"self":[{"href":"https:\/\/abic.us\/es\/wp-json\/wp\/v2\/posts\/35015","targetHints":{"allow":["GET"]}}],"collection":[{"href":"https:\/\/abic.us\/es\/wp-json\/wp\/v2\/posts"}],"about":[{"href":"https:\/\/abic.us\/es\/wp-json\/wp\/v2\/types\/post"}],"author":[{"embeddable":true,"href":"https:\/\/abic.us\/es\/wp-json\/wp\/v2\/users\/1"}],"replies":[{"embeddable":true,"href":"https:\/\/abic.us\/es\/wp-json\/wp\/v2\/comments?post=35015"}],"version-history":[{"count":0,"href":"https:\/\/abic.us\/es\/wp-json\/wp\/v2\/posts\/35015\/revisions"}],"wp:attachment":[{"href":"https:\/\/abic.us\/es\/wp-json\/wp\/v2\/media?parent=35015"}],"wp:term":[{"taxonomy":"category","embeddable":true,"href":"https:\/\/abic.us\/es\/wp-json\/wp\/v2\/categories?post=35015"},{"taxonomy":"post_tag","embeddable":true,"href":"https:\/\/abic.us\/es\/wp-json\/wp\/v2\/tags?post=35015"}],"curies":[{"name":"wp","href":"https:\/\/api.w.org\/{rel}","templated":true}]}}