  {"id":35868,"date":"2023-02-08T03:28:31","date_gmt":"2023-02-08T03:28:31","guid":{"rendered":"https:\/\/abic.us\/la-abic-y-los-lideres-empresariales-nacionales-responden-al-estado-de-la-union-no-dar-prioridad-a-las-soluciones-de-inmigracion-para-frenar-la-escasez-de-mano-de-obra-es-malo-para-la-economia-y-pelig\/"},"modified":"2023-02-08T03:28:31","modified_gmt":"2023-02-08T03:28:31","slug":"la-abic-y-los-lideres-empresariales-nacionales-responden-al-estado-de-la-union-no-dar-prioridad-a-las-soluciones-de-inmigracion-para-frenar-la-escasez-de-mano-de-obra-es-malo-para-la-economia-y-pelig","status":"publish","type":"post","link":"https:\/\/abic.us\/es\/la-abic-y-los-lideres-empresariales-nacionales-responden-al-estado-de-la-union-no-dar-prioridad-a-las-soluciones-de-inmigracion-para-frenar-la-escasez-de-mano-de-obra-es-malo-para-la-economia-y-pelig\/","title":{"rendered":"La ABIC y los l\u00edderes empresariales nacionales responden al Estado de la Uni\u00f3n: No dar prioridad a las soluciones de inmigraci\u00f3n para frenar la escasez de mano de obra es malo para la econom\u00eda y peligroso para todos los estadounidenses."},"content":{"rendered":"<div><img decoding=\"async\" class=\"CToWUd\" src=\"https:\/\/lh4.googleusercontent.com\/Jl_HJbzW7t8DjJLXPB6-QoGduoGrrnGRTUtEbKr_Fbl4v3I96and84ewqj4tORZFm0chQeJJMHiI0vgm4keE5wshujLMXWcXnEl1kICdUMhbZI-m-FBqlny4bAeZslQxPG-GdclzAQkbIn1BoJDYcNU\" width=\"324\" data-bit=\"iit\"><\/div>\n<div><\/div>\n<div><em>\u00abDamos al Presidente una calificaci\u00f3n de \u00abincompleto\u00bb en la reforma de la inmigraci\u00f3n. En realidad, no ha reunido una coalici\u00f3n bipartidista; no prest\u00f3 atenci\u00f3n a los problemas fronterizos hasta que fue demasiado tarde; y no ha abordado nuestras necesidades de mano de obra con los Dreamers y los trabajadores agr\u00edcolas. Una naci\u00f3n que carece de mano de obra para alimentarse no est\u00e1 segura.<\/em>\u00bb &#8211; <strong>Rebecca Shi, Directora Ejecutiva de la ABIC.<\/strong><\/div>\n<div><\/div>\n<div><\/div>\n<div>WASHINGTON &#8211; En respuesta al discurso del Presidente Biden sobre el Estado de la Uni\u00f3n, el Director Ejecutivo de la ABIC  <strong>Rebeca Shi<\/strong>y l\u00edderes empresariales nacionales de sectores laborales esenciales como la sanidad, la agricultura y la construcci\u00f3n han hecho p\u00fablicas las siguientes declaraciones en las que llaman la atenci\u00f3n sobre la dram\u00e1tica escasez de mano de obra derivada de la falta de trabajadores inmigrantes, que presagia consecuencias nefastas para nuestra econom\u00eda y para la calidad de vida de todos los estadounidenses.<\/div>\n<div><\/div>\n<div>\u00abHay dos puestos de trabajo vacantes por cada estadounidense desempleado, y la escasez de mano de obra es especialmente alta en las industrias que conforman la calidad de vida general de todos: sanidad, producci\u00f3n de alimentos y construcci\u00f3n. Los estadounidenses conocen el papel fundamental que desempe\u00f1an los inmigrantes en nuestra econom\u00eda, raz\u00f3n por la cual m\u00e1s del 70% de los votantes apoyan pol\u00edticas fronterizas sensatas junto con una reforma m\u00e1s amplia de la inmigraci\u00f3n que incluya una v\u00eda de legalizaci\u00f3n para los 11 millones de inmigrantes estadounidenses.<\/div>\n<div><\/div>\n<div>Damos al Presidente una calificaci\u00f3n de \u00abincompleto\u00bb en la reforma de la inmigraci\u00f3n. En realidad, no ha reunido una coalici\u00f3n bipartidista; no prest\u00f3 atenci\u00f3n a los problemas fronterizos hasta que fue demasiado tarde; no ha abordado una v\u00eda a la ciudadan\u00eda para los So\u00f1adores; no ha abordado nuestra escasez de mano de obra agr\u00edcola, y una naci\u00f3n que carece de mano de obra para alimentarse a s\u00ed misma no es segura.\u00bb &#8211;  <strong>Rebecca Shi, Directora Ejecutiva de la ABIC.<\/strong><\/div>\n<div><\/div>\n<div><strong>Declaraci\u00f3n de Craig J. Duchossois, Presidente Ejecutivo del Grupo Duchossois; Copresidente de la ABIC:<\/strong><\/div>\n<div><\/div>\n<div>\u00abUna inmigraci\u00f3n adecuada y segura tendr\u00e1 un efecto muy positivo en la contenci\u00f3n de la inflaci\u00f3n y en la incorporaci\u00f3n de m\u00e1s contribuyentes. El presidente Biden tiene que centrarse en esto a lo grande\u00bb.<\/div>\n<div><\/div>\n<div><strong>Declaraci\u00f3n de Steve Martinez, Propietario de Tradewinds General Contracting Inc:<\/strong><\/div>\n<div><\/div>\n<div>\u00abEl Presidente estaba muy orgulloso de hablar de su impresionante plan de infraestructuras, que efectivamente ha creado puestos de trabajo, pero hay <a href=\"https:\/\/t.nylas.com\/t1\/132\/9wh90r614q0ztabhf4smop0cj\/0\/ca396dbeac40971eea94a8fd938a84b7d0af09658b416e75a8a4fe0a2c40b60b\" target=\"_blank\" rel=\"noopener\" data-saferedirecturl=\"https:\/\/www.google.com\/url?q=https:\/\/t.nylas.com\/t1\/132\/9wh90r614q0ztabhf4smop0cj\/0\/ca396dbeac40971eea94a8fd938a84b7d0af09658b416e75a8a4fe0a2c40b60b&amp;source=gmail&amp;ust=1675913140705000&amp;usg=AOvVaw2cFkyecUuS9m5aFeMJlNEi\">casi medio mill\u00f3n de puestos de trabajo vacantes en la construcci\u00f3n<\/a>, en un sector en el que 1 de cada 4 trabajadores es de origen extranjero. Sin una reforma integral de la inmigraci\u00f3n, los proyectos de infraestructuras de Biden no se construir\u00e1n\u00bb.<\/div>\n<div><\/div>\n<div><strong>Declaraci\u00f3n de Steve Obert, Director Ejecutivo de los Productores L\u00e1cteos de Indiana:<\/strong><\/div>\n<div><\/div>\n<div>\u00abLa seguridad alimentaria es la seguridad nacional. Una naci\u00f3n que no puede alimentarse a s\u00ed misma no est\u00e1 segura. Los inmigrantes representan casi el 75% de la mano de obra de las explotaciones l\u00e1cteas: eso es porque est\u00e1n dispuestos a hacer el trabajo de alimentar, orde\u00f1ar y cuidar a nuestras vacas lecheras para que los estadounidenses puedan tener leche y productos l\u00e1cteos en su mesa todos los d\u00edas.<\/div>\n<div><\/div>\n<div>Si el Presidente, el Senado y el Congreso no arreglan esto, las granjas lecheras de Indiana, y Wisconsin y de todo el pa\u00eds cerrar\u00e1n sus operaciones. Necesitamos actuar ya\u00bb.<\/div>\n<div><\/div>\n<div><strong>Declaraci\u00f3n de Bill Lucia, ex presidente y director general de HMS; miembro de la Junta Directiva de la ABIC:  <\/strong><\/div>\n<div><\/div>\n<div>\u00abDebido en gran medida a la disminuci\u00f3n de trabajadores inmigrantes, el sistema sanitario de nuestro pa\u00eds est\u00e1 sometido a una enorme escasez de m\u00e9dicos, enfermeras y auxiliares sanitarios a domicilio, lo que disminuye la calidad de la asistencia y aumenta los retrasos en la recepci\u00f3n de los cuidados, con los consiguientes malos resultados y mayores costes para los sistemas sanitarios y los consumidores.<\/div>\n<div><\/div>\n<div>El presidente Biden y el Congreso deben darse cuenta de que reformar el sistema de inmigraci\u00f3n de nuestra naci\u00f3n, al menos en lo que se refiere a la asistencia sanitaria en Estados Unidos, es una cuesti\u00f3n de vida o muerte.\u00bb<\/div>\n<div><\/div>\n<div><\/div>\n<div><strong>ACERCA DE<\/strong><\/div>\n<div><a href=\"https:\/\/t.nylas.com\/t1\/132\/9wh90r614q0ztabhf4smop0cj\/1\/fef1dee610dbdd4a074bda4aaec07a78817cda5802fd2b66243fbedcb64c3b51\" target=\"_blank\" rel=\"noopener\" data-saferedirecturl=\"https:\/\/www.google.com\/url?q=https:\/\/t.nylas.com\/t1\/132\/9wh90r614q0ztabhf4smop0cj\/1\/fef1dee610dbdd4a074bda4aaec07a78817cda5802fd2b66243fbedcb64c3b51&amp;source=gmail&amp;ust=1675913140705000&amp;usg=AOvVaw3aZaZc5LAJ8OjqT9Imc1i0\"><strong>Coalici\u00f3n Empresarial Estadounidense para la Inmigraci\u00f3n<\/strong> <strong>(ABIC)<\/strong><\/a> es una coalici\u00f3n bipartidista de m\u00e1s de 1.200 directores generales, empresarios y asociaciones comerciales de 17 estados, en su mayor\u00eda rojos y morados. La ABIC promueve una reforma de la inmigraci\u00f3n con sentido com\u00fan que fomente la competitividad econ\u00f3mica, proporcione a las empresas tanto el talento altamente cualificado como el poco cualificado que necesitan, y permita la integraci\u00f3n de los inmigrantes en nuestra econom\u00eda como consumidores, trabajadores, empresarios y ciudadanos.<\/div>\n<div><\/div>\n<div><\/div>\n<div><\/div>\n<div><img decoding=\"async\" class=\"CToWUd\" src=\"https:\/\/lh4.googleusercontent.com\/Jl_HJbzW7t8DjJLXPB6-QoGduoGrrnGRTUtEbKr_Fbl4v3I96and84ewqj4tORZFm0chQeJJMHiI0vgm4keE5wshujLMXWcXnEl1kICdUMhbZI-m-FBqlny4bAeZslQxPG-GdclzAQkbIn1BoJDYcNU\" width=\"324\" data-bit=\"iit\"><\/div>\n<div><\/div>\n<div><\/div>\n<div><strong>ABIC y l\u00edderes empresariales responden al discurso sobre el Estado de la Naci\u00f3n: No dar prioridad a las soluciones de inmigraci\u00f3n para frenar la escasez de mano de obra es malo para la econom\u00eda y peligroso para todos los estadounidenses<\/strong><\/div>\n<div><\/div>\n<div><em>\u00abDamos al Presidente una calificaci\u00f3n de \u00abincompleto\u00bb en la reforma de la inmigraci\u00f3n. No se ha reunido realmente una coalici\u00f3n bipartidista. No ha prestado atenci\u00f3n a los problemas fronterizos hasta que ha sido demasiado tarde. No ha abordado una v\u00eda a la ciudadan\u00eda para So\u00f1adores, y no ha abordado las necesidades de mano de obra para el sector agr\u00edcola. Una naci\u00f3n que no puede alimentarse a s\u00ed misma por falta de mano de obra, no es segura\u00bb.  <\/em><strong><em>Directora Ejecutiva de ABIC, Rebecca Shi.<\/em><\/strong><\/div>\n<div><\/div>\n<div><\/div>\n<div>WASHINGTON &#8211; En respuesta al discurso del Presidente Biden sobre el Estado de la Naci\u00f3n, la Directora Ejecutiva de la ABIC, <strong>Rebecca Shi<\/strong>y l\u00edderes empresariales de sectores laborales esenciales como la atenci\u00f3n m\u00e9dica, la agricultura y la construcci\u00f3n, han hecho p\u00fablicas las siguientes declaraciones en las que llaman la atenci\u00f3n sobre la dram\u00e1tica escasez de mano de obra procedente de la falta de trabajadores inmigrantes, la cual amenaza con tener consecuencias nefastas para nuestra econom\u00eda y para la calidad de vida de todos los estadounidenses.<\/div>\n<div><\/div>\n<div>\u00abHay dos puestos de trabajo disponibles por cada estadounidense desempleado, y la escasez de mano de obra es especialmente alta en los sectores que determinan la calidad de vida de todos: la atenci\u00f3n m\u00e9dica, la producci\u00f3n de alimentos y la construcci\u00f3n. Los estadounidenses son conscientes del papel fundamental que desempe\u00f1an los inmigrantes en nuestra econom\u00eda, raz\u00f3n por la cual m\u00e1s del 70% de los votantes apoyan pol\u00edticas fronterizas sensatas junto con una reforma m\u00e1s amplia de la inmigraci\u00f3n que incluya una v\u00eda de legalizaci\u00f3n para los 11 millones de inmigrantes de Estados Unidos.<\/div>\n<div><\/div>\n<div>\u00abDamos al Presidente una calificaci\u00f3n de \u00abincompleto\u00bb en la reforma de la inmigraci\u00f3n. No se ha reunido realmente una coalici\u00f3n bipartidista. No ha prestado atenci\u00f3n a los problemas fronterizos hasta que ha sido demasiado tarde. No ha abordado una v\u00eda a la ciudadan\u00eda para So\u00f1adores, y no ha abordado las necesidades de mano de obra para el sector agr\u00edcola. Una naci\u00f3n que no pueda alimentarse a s\u00ed misma por falta de mano de obra, no es segura\u00bb, &#8211; <strong>Directora Ejecutiva de ABIC, Rebecca Shi.<\/strong><\/div>\n<div><\/div>\n<div><strong>Declaraci\u00f3n de Craig J. Duchossois, Presidente Ejecutivo The Duchossois Group; Co-presidente de ABIC:<\/strong><\/div>\n<div><\/div>\n<div>\u00abUna inmigraci\u00f3n adecuada y segura tendr\u00e1 un efecto muy positivo en la contenci\u00f3n de la inflaci\u00f3n y en la incorporaci\u00f3n de nuevos contribuyentes. El presidente Biden tiene que centrarse realmente en esto\u00bb.<\/div>\n<div><\/div>\n<div><strong>Declaraci\u00f3n de Steve Martinez, Propietario de Tradewinds General Contracting Inc:<\/strong><\/div>\n<div><\/div>\n<div>\u00abEl Presidente se mostr\u00f3 muy orgulloso al hablar de su impresionante plan de infraestructuras que, efectivamente, ha creado puestos de trabajo, pero hay casi <a href=\"https:\/\/t.nylas.com\/t1\/132\/9wh90r614q0ztabhf4smop0cj\/2\/bc1987263dd422520b8470e95a0fec22206b906574a93dcd99920072240b0db9\" target=\"_blank\" rel=\"noopener\" data-saferedirecturl=\"https:\/\/www.google.com\/url?q=https:\/\/t.nylas.com\/t1\/132\/9wh90r614q0ztabhf4smop0cj\/2\/bc1987263dd422520b8470e95a0fec22206b906574a93dcd99920072240b0db9&amp;source=gmail&amp;ust=1675913140705000&amp;usg=AOvVaw0s-zRDeaUC1wdhPbclsU_P\">medio mill\u00f3n de vacantes<\/a> en la construcci\u00f3n, una industria en la que 1 de cada 4 trabajadores es de origen extranjero. Sin una reforma comprensiva de la inmigraci\u00f3n, los proyectos de infraestructura de Biden no se van a construir\u00bb.<\/div>\n<div><\/div>\n<div><strong>Declaraci\u00f3n de Steve Obert, Director Ejecutivo, Indiana Dairy Producers:<\/strong><\/div>\n<div><\/div>\n<div>\u00abLa seguridad alimentaria es una cuesti\u00f3n de seguridad nacional. Una naci\u00f3n que no puede alimentarse a s\u00ed misma no es segura. Los inmigrantes representan casi el 75% de la mano de obra de las granjas lecheras &#8211; eso es porque est\u00e1n dispuestos a hacer el trabajo de alimentar, orde\u00f1ar y cuidar de nuestras vacas lecheras para que los estadounidenses puedan tener leche y productos l\u00e1cteos en su mesa todos los d\u00edas.<\/div>\n<div><\/div>\n<div>Si el Presidente, el Senado y el Congreso no solucionan esto, las granjas lecheras de Indiana, de Wisconsin y de todo el pa\u00eds cerrar\u00e1n sus operaciones. Necesitamos actuar ya\u00bb.<\/div>\n<div><\/div>\n<div><strong>Declaraci\u00f3n de Bill Lucia, Ex Presidente y CEO, HMS; Miembro del Consejo de ABIC:  <\/strong><\/div>\n<div><\/div>\n<div>\u00abDebido en gran medida a la disminuci\u00f3n del n\u00famero de trabajadores inmigrantes, el sistema de salud de nuestro pa\u00eds se ve afectado por una enorme escasez de m\u00e9dicos, enfermeras y asistentes de cuidado en el hogar, lo que disminuye la calidad de la atenci\u00f3n y aumenta los retrasos al recibir servicios, lo que da lugar a malos resultados y mayores costes para los sistemas de salud y los consumidores.<\/div>\n<div><\/div>\n<div>El Presidente Biden y el Congreso deben darse cuenta de que reformar el sistema de inmigraci\u00f3n de nuestro pa\u00eds, al menos en lo que respecta a la asistencia m\u00e9dica en Estados Unidos, es una cuesti\u00f3n de vida o muerte\u00bb.<\/div>\n<div><\/div>\n<div><\/div>\n<div><strong>SOBRE NOSOTROS<\/strong><\/div>\n<div><a href=\"https:\/\/t.nylas.com\/t1\/132\/9wh90r614q0ztabhf4smop0cj\/3\/2ea588f7654680297ae8a50bfb5e3e4ffcac41445a55baf8cf7d45450a5e8d9a\" target=\"_blank\" rel=\"noopener\" data-saferedirecturl=\"https:\/\/www.google.com\/url?q=https:\/\/t.nylas.com\/t1\/132\/9wh90r614q0ztabhf4smop0cj\/3\/2ea588f7654680297ae8a50bfb5e3e4ffcac41445a55baf8cf7d45450a5e8d9a&amp;source=gmail&amp;ust=1675913140705000&amp;usg=AOvVaw18KReLDnOue1fGbZoiSV4f\"><strong>Coalici\u00f3n Empresarial Estadounidense para la Inmigraci\u00f3n<\/strong> <strong>(ABIC)<\/strong><\/a> es una coalici\u00f3n bipartidista de m\u00e1s de 1.200 directores ejecutivos, empresarios y asociaciones comerciales de 17 estados, en su mayor\u00eda rojos y morados. La ABIC promueve una reforma de la inmigraci\u00f3n con sentido com\u00fan que fomente la competitividad econ\u00f3mica, proporcione a las empresas el talento altamente cualificado y poco cualificado que necesitan y permita la integraci\u00f3n de los inmigrantes en nuestra econom\u00eda como consumidores, trabajadores, empresarios y ciudadanos.<\/div>\n","protected":false},"excerpt":{"rendered":"<p>\u00abDamos al Presidente una calificaci\u00f3n de \u00abincompleto\u00bb en la reforma de la inmigraci\u00f3n. En realidad, no ha reunido una coalici\u00f3n bipartidista; no prest\u00f3 atenci\u00f3n a los problemas fronterizos hasta que&#8230;<\/p>\n","protected":false},"author":1,"featured_media":0,"comment_status":"closed","ping_status":"closed","sticky":false,"template":"","format":"standard","meta":{"footnotes":""},"categories":[71],"tags":[],"class_list":["post-35868","post","type-post","status-publish","format-standard","category-declaraciones-y-comunicados"],"yoast_head":"<!-- This site is optimized with the Yoast SEO plugin v28.3 - https:\/\/yoast.com\/product\/yoast-seo-wordpress\/ -->\n<title>La ABIC y los l\u00edderes empresariales nacionales responden al Estado de la Uni\u00f3n: No dar prioridad a las soluciones de inmigraci\u00f3n para frenar la escasez de mano de obra es malo para la econom\u00eda y peligroso para todos los estadounidenses. &#8212; Coalici\u00f3n 91探花a de Inmigraci\u00f3n Empresarial<\/title>\n<meta name=\"robots\" content=\"index, follow, max-snippet:-1, max-image-preview:large, max-video-preview:-1\" \/>\n<link rel=\"canonical\" href=\"https:\/\/abic.us\/es\/la-abic-y-los-lideres-empresariales-nacionales-responden-al-estado-de-la-union-no-dar-prioridad-a-las-soluciones-de-inmigracion-para-frenar-la-escasez-de-mano-de-obra-es-malo-para-la-economia-y-pelig\/\" \/>\n<meta property=\"og:locale\" content=\"es_ES\" \/>\n<meta property=\"og:type\" content=\"article\" \/>\n<meta property=\"og:title\" content=\"La ABIC y los l\u00edderes empresariales nacionales responden al Estado de la Uni\u00f3n: No dar prioridad a las soluciones de inmigraci\u00f3n para frenar la escasez de mano de obra es malo para la econom\u00eda y peligroso para todos los estadounidenses. &#8212; Coalici\u00f3n 91探花a de Inmigraci\u00f3n Empresarial\" \/>\n<meta property=\"og:description\" content=\"\u00abDamos al Presidente una calificaci\u00f3n de \u00abincompleto\u00bb en la reforma de la inmigraci\u00f3n. En realidad, no ha reunido una coalici\u00f3n bipartidista; no prest\u00f3 atenci\u00f3n a los problemas fronterizos hasta que...\" \/>\n<meta property=\"og:url\" content=\"https:\/\/abic.us\/es\/la-abic-y-los-lideres-empresariales-nacionales-responden-al-estado-de-la-union-no-dar-prioridad-a-las-soluciones-de-inmigracion-para-frenar-la-escasez-de-mano-de-obra-es-malo-para-la-economia-y-pelig\/\" \/>\n<meta property=\"og:site_name\" content=\"Coalici\u00f3n 91探花a de Inmigraci\u00f3n Empresarial\" \/>\n<meta property=\"article:publisher\" content=\"https:\/\/www.facebook.com\/91探花BIC\" \/>\n<meta property=\"article:published_time\" content=\"2023-02-08T03:28:31+00:00\" \/>\n<meta property=\"og:image\" content=\"https:\/\/lh4.googleusercontent.com\/Jl_HJbzW7t8DjJLXPB6-QoGduoGrrnGRTUtEbKr_Fbl4v3I96and84ewqj4tORZFm0chQeJJMHiI0vgm4keE5wshujLMXWcXnEl1kICdUMhbZI-m-FBqlny4bAeZslQxPG-GdclzAQkbIn1BoJDYcNU\" \/>\n<meta name=\"author\" content=\"abic\" \/>\n<meta name=\"twitter:card\" content=\"summary_large_image\" \/>\n<meta name=\"twitter:creator\" content=\"@91探花BIC\" \/>\n<meta name=\"twitter:site\" content=\"@91探花BIC\" \/>\n<meta name=\"twitter:label1\" content=\"Escrito por\" \/>\n\t<meta name=\"twitter:data1\" content=\"abic\" \/>\n\t<meta name=\"twitter:label2\" content=\"Tiempo de lectura\" \/>\n\t<meta name=\"twitter:data2\" content=\"9 minutos\" \/>\n<script type=\"application\/ld+json\" class=\"yoast-schema-graph\">{\"@context\":\"https:\\\/\\\/schema.org\",\"@graph\":[{\"@type\":\"Article\",\"@id\":\"https:\\\/\\\/abic.us\\\/es\\\/la-abic-y-los-lideres-empresariales-nacionales-responden-al-estado-de-la-union-no-dar-prioridad-a-las-soluciones-de-inmigracion-para-frenar-la-escasez-de-mano-de-obra-es-malo-para-la-economia-y-pelig\\\/#article\",\"isPartOf\":{\"@id\":\"https:\\\/\\\/abic.us\\\/es\\\/la-abic-y-los-lideres-empresariales-nacionales-responden-al-estado-de-la-union-no-dar-prioridad-a-las-soluciones-de-inmigracion-para-frenar-la-escasez-de-mano-de-obra-es-malo-para-la-economia-y-pelig\\\/\"},\"author\":{\"name\":\"abic\",\"@id\":\"https:\\\/\\\/abic.us\\\/es\\\/#\\\/schema\\\/person\\\/58547098a0d3b973c110fd8a36f0e0bb\"},\"headline\":\"La ABIC y los l\u00edderes empresariales nacionales responden al Estado de la Uni\u00f3n: No dar prioridad a las soluciones de inmigraci\u00f3n para frenar la escasez de mano de obra es malo para la econom\u00eda y peligroso para todos los estadounidenses.\",\"datePublished\":\"2023-02-08T03:28:31+00:00\",\"mainEntityOfPage\":{\"@id\":\"https:\\\/\\\/abic.us\\\/es\\\/la-abic-y-los-lideres-empresariales-nacionales-responden-al-estado-de-la-union-no-dar-prioridad-a-las-soluciones-de-inmigracion-para-frenar-la-escasez-de-mano-de-obra-es-malo-para-la-economia-y-pelig\\\/\"},\"wordCount\":1746,\"publisher\":{\"@id\":\"https:\\\/\\\/abic.us\\\/es\\\/#organization\"},\"image\":{\"@id\":\"https:\\\/\\\/abic.us\\\/es\\\/la-abic-y-los-lideres-empresariales-nacionales-responden-al-estado-de-la-union-no-dar-prioridad-a-las-soluciones-de-inmigracion-para-frenar-la-escasez-de-mano-de-obra-es-malo-para-la-economia-y-pelig\\\/#primaryimage\"},\"thumbnailUrl\":\"https:\\\/\\\/lh4.googleusercontent.com\\\/Jl_HJbzW7t8DjJLXPB6-QoGduoGrrnGRTUtEbKr_Fbl4v3I96and84ewqj4tORZFm0chQeJJMHiI0vgm4keE5wshujLMXWcXnEl1kICdUMhbZI-m-FBqlny4bAeZslQxPG-GdclzAQkbIn1BoJDYcNU\",\"articleSection\":[\"Declaraciones y comunicados\"],\"inLanguage\":\"es\"},{\"@type\":\"WebPage\",\"@id\":\"https:\\\/\\\/abic.us\\\/es\\\/la-abic-y-los-lideres-empresariales-nacionales-responden-al-estado-de-la-union-no-dar-prioridad-a-las-soluciones-de-inmigracion-para-frenar-la-escasez-de-mano-de-obra-es-malo-para-la-economia-y-pelig\\\/\",\"url\":\"https:\\\/\\\/abic.us\\\/es\\\/la-abic-y-los-lideres-empresariales-nacionales-responden-al-estado-de-la-union-no-dar-prioridad-a-las-soluciones-de-inmigracion-para-frenar-la-escasez-de-mano-de-obra-es-malo-para-la-economia-y-pelig\\\/\",\"name\":\"La ABIC y los l\u00edderes empresariales nacionales responden al Estado de la Uni\u00f3n: No dar prioridad a las soluciones de inmigraci\u00f3n para frenar la escasez de mano de obra es malo para la econom\u00eda y peligroso para todos los estadounidenses. &#8212; Coalici\u00f3n 91探花a de Inmigraci\u00f3n Empresarial\",\"isPartOf\":{\"@id\":\"https:\\\/\\\/abic.us\\\/es\\\/#website\"},\"primaryImageOfPage\":{\"@id\":\"https:\\\/\\\/abic.us\\\/es\\\/la-abic-y-los-lideres-empresariales-nacionales-responden-al-estado-de-la-union-no-dar-prioridad-a-las-soluciones-de-inmigracion-para-frenar-la-escasez-de-mano-de-obra-es-malo-para-la-economia-y-pelig\\\/#primaryimage\"},\"image\":{\"@id\":\"https:\\\/\\\/abic.us\\\/es\\\/la-abic-y-los-lideres-empresariales-nacionales-responden-al-estado-de-la-union-no-dar-prioridad-a-las-soluciones-de-inmigracion-para-frenar-la-escasez-de-mano-de-obra-es-malo-para-la-economia-y-pelig\\\/#primaryimage\"},\"thumbnailUrl\":\"https:\\\/\\\/lh4.googleusercontent.com\\\/Jl_HJbzW7t8DjJLXPB6-QoGduoGrrnGRTUtEbKr_Fbl4v3I96and84ewqj4tORZFm0chQeJJMHiI0vgm4keE5wshujLMXWcXnEl1kICdUMhbZI-m-FBqlny4bAeZslQxPG-GdclzAQkbIn1BoJDYcNU\",\"datePublished\":\"2023-02-08T03:28:31+00:00\",\"breadcrumb\":{\"@id\":\"https:\\\/\\\/abic.us\\\/es\\\/la-abic-y-los-lideres-empresariales-nacionales-responden-al-estado-de-la-union-no-dar-prioridad-a-las-soluciones-de-inmigracion-para-frenar-la-escasez-de-mano-de-obra-es-malo-para-la-economia-y-pelig\\\/#breadcrumb\"},\"inLanguage\":\"es\",\"potentialAction\":[{\"@type\":\"ReadAction\",\"target\":[\"https:\\\/\\\/abic.us\\\/es\\\/la-abic-y-los-lideres-empresariales-nacionales-responden-al-estado-de-la-union-no-dar-prioridad-a-las-soluciones-de-inmigracion-para-frenar-la-escasez-de-mano-de-obra-es-malo-para-la-economia-y-pelig\\\/\"]}]},{\"@type\":\"ImageObject\",\"inLanguage\":\"es\",\"@id\":\"https:\\\/\\\/abic.us\\\/es\\\/la-abic-y-los-lideres-empresariales-nacionales-responden-al-estado-de-la-union-no-dar-prioridad-a-las-soluciones-de-inmigracion-para-frenar-la-escasez-de-mano-de-obra-es-malo-para-la-economia-y-pelig\\\/#primaryimage\",\"url\":\"https:\\\/\\\/lh4.googleusercontent.com\\\/Jl_HJbzW7t8DjJLXPB6-QoGduoGrrnGRTUtEbKr_Fbl4v3I96and84ewqj4tORZFm0chQeJJMHiI0vgm4keE5wshujLMXWcXnEl1kICdUMhbZI-m-FBqlny4bAeZslQxPG-GdclzAQkbIn1BoJDYcNU\",\"contentUrl\":\"https:\\\/\\\/lh4.googleusercontent.com\\\/Jl_HJbzW7t8DjJLXPB6-QoGduoGrrnGRTUtEbKr_Fbl4v3I96and84ewqj4tORZFm0chQeJJMHiI0vgm4keE5wshujLMXWcXnEl1kICdUMhbZI-m-FBqlny4bAeZslQxPG-GdclzAQkbIn1BoJDYcNU\"},{\"@type\":\"BreadcrumbList\",\"@id\":\"https:\\\/\\\/abic.us\\\/es\\\/la-abic-y-los-lideres-empresariales-nacionales-responden-al-estado-de-la-union-no-dar-prioridad-a-las-soluciones-de-inmigracion-para-frenar-la-escasez-de-mano-de-obra-es-malo-para-la-economia-y-pelig\\\/#breadcrumb\",\"itemListElement\":[{\"@type\":\"ListItem\",\"position\":1,\"name\":\"Hogar\",\"item\":\"https:\\\/\\\/abic.us\\\/es\\\/\"},{\"@type\":\"ListItem\",\"position\":2,\"name\":\"La ABIC y los l\u00edderes empresariales nacionales responden al Estado de la Uni\u00f3n: No dar prioridad a las soluciones de inmigraci\u00f3n para frenar la escasez de mano de obra es malo para la econom\u00eda y peligroso para todos los estadounidenses.\"}]},{\"@type\":\"WebSite\",\"@id\":\"https:\\\/\\\/abic.us\\\/es\\\/#website\",\"url\":\"https:\\\/\\\/abic.us\\\/es\\\/\",\"name\":\"Coalici\u00f3n 91探花a de Inmigraci\u00f3n Empresarial\",\"description\":\"Juntos, promoveremos una reforma migratoria sensata que crezca empleos, fortalezca nuestra econom\u00eda y beneficie a todas las familias estadounidenses.\",\"publisher\":{\"@id\":\"https:\\\/\\\/abic.us\\\/es\\\/#organization\"},\"potentialAction\":[{\"@type\":\"SearchAction\",\"target\":{\"@type\":\"EntryPoint\",\"urlTemplate\":\"https:\\\/\\\/abic.us\\\/es\\\/?s={search_term_string}\"},\"query-input\":{\"@type\":\"PropertyValueSpecification\",\"valueRequired\":true,\"valueName\":\"search_term_string\"}}],\"inLanguage\":\"es\"},{\"@type\":\"Organization\",\"@id\":\"https:\\\/\\\/abic.us\\\/es\\\/#organization\",\"name\":\"91探花\",\"url\":\"https:\\\/\\\/abic.us\\\/es\\\/\",\"logo\":{\"@type\":\"ImageObject\",\"inLanguage\":\"es\",\"@id\":\"https:\\\/\\\/abic.us\\\/es\\\/#\\\/schema\\\/logo\\\/image\\\/\",\"url\":\"https:\\\/\\\/abic.us\\\/wp-content\\\/uploads\\\/2021\\\/11\\\/ABIC-Logo.png\",\"contentUrl\":\"https:\\\/\\\/abic.us\\\/wp-content\\\/uploads\\\/2021\\\/11\\\/ABIC-Logo.png\",\"width\":1000,\"height\":260,\"caption\":\"91探花\"},\"image\":{\"@id\":\"https:\\\/\\\/abic.us\\\/es\\\/#\\\/schema\\\/logo\\\/image\\\/\"},\"sameAs\":[\"https:\\\/\\\/www.facebook.com\\\/91探花BIC\",\"https:\\\/\\\/x.com\\\/91探花BIC\"]},{\"@type\":\"Person\",\"@id\":\"https:\\\/\\\/abic.us\\\/es\\\/#\\\/schema\\\/person\\\/58547098a0d3b973c110fd8a36f0e0bb\",\"name\":\"abic\",\"image\":{\"@type\":\"ImageObject\",\"inLanguage\":\"es\",\"@id\":\"https:\\\/\\\/secure.gravatar.com\\\/avatar\\\/4a2893b0ce0ce34781c1e0a9251ffe4322e67c4e95cdf48463d10701c3bd4c8e?s=96&d=mm&r=g\",\"url\":\"https:\\\/\\\/secure.gravatar.com\\\/avatar\\\/4a2893b0ce0ce34781c1e0a9251ffe4322e67c4e95cdf48463d10701c3bd4c8e?s=96&d=mm&r=g\",\"contentUrl\":\"https:\\\/\\\/secure.gravatar.com\\\/avatar\\\/4a2893b0ce0ce34781c1e0a9251ffe4322e67c4e95cdf48463d10701c3bd4c8e?s=96&d=mm&r=g\",\"caption\":\"abic\"},\"sameAs\":[\"https:\\\/\\\/abic.wpengine.com\"]}]}<\/script>\n<!-- \/ Yoast SEO plugin. -->","yoast_head_json":{"title":"La ABIC y los l\u00edderes empresariales nacionales responden al Estado de la Uni\u00f3n: No dar prioridad a las soluciones de inmigraci\u00f3n para frenar la escasez de mano de obra es malo para la econom\u00eda y peligroso para todos los estadounidenses. &#8212; Coalici\u00f3n 91探花a de Inmigraci\u00f3n Empresarial","robots":{"index":"index","follow":"follow","max-snippet":"max-snippet:-1","max-image-preview":"max-image-preview:large","max-video-preview":"max-video-preview:-1"},"canonical":"https:\/\/abic.us\/es\/la-abic-y-los-lideres-empresariales-nacionales-responden-al-estado-de-la-union-no-dar-prioridad-a-las-soluciones-de-inmigracion-para-frenar-la-escasez-de-mano-de-obra-es-malo-para-la-economia-y-pelig\/","og_locale":"es_ES","og_type":"article","og_title":"La ABIC y los l\u00edderes empresariales nacionales responden al Estado de la Uni\u00f3n: No dar prioridad a las soluciones de inmigraci\u00f3n para frenar la escasez de mano de obra es malo para la econom\u00eda y peligroso para todos los estadounidenses. &#8212; Coalici\u00f3n 91探花a de Inmigraci\u00f3n Empresarial","og_description":"\u00abDamos al Presidente una calificaci\u00f3n de \u00abincompleto\u00bb en la reforma de la inmigraci\u00f3n. En realidad, no ha reunido una coalici\u00f3n bipartidista; no prest\u00f3 atenci\u00f3n a los problemas fronterizos hasta que...","og_url":"https:\/\/abic.us\/es\/la-abic-y-los-lideres-empresariales-nacionales-responden-al-estado-de-la-union-no-dar-prioridad-a-las-soluciones-de-inmigracion-para-frenar-la-escasez-de-mano-de-obra-es-malo-para-la-economia-y-pelig\/","og_site_name":"Coalici\u00f3n 91探花a de Inmigraci\u00f3n Empresarial","article_publisher":"https:\/\/www.facebook.com\/91探花BIC","article_published_time":"2023-02-08T03:28:31+00:00","og_image":[{"url":"https:\/\/lh4.googleusercontent.com\/Jl_HJbzW7t8DjJLXPB6-QoGduoGrrnGRTUtEbKr_Fbl4v3I96and84ewqj4tORZFm0chQeJJMHiI0vgm4keE5wshujLMXWcXnEl1kICdUMhbZI-m-FBqlny4bAeZslQxPG-GdclzAQkbIn1BoJDYcNU","type":"","width":"","height":""}],"author":"abic","twitter_card":"summary_large_image","twitter_creator":"@91探花BIC","twitter_site":"@91探花BIC","twitter_misc":{"Escrito por":"abic","Tiempo de lectura":"9 minutos"},"schema":{"@context":"https:\/\/schema.org","@graph":[{"@type":"Article","@id":"https:\/\/abic.us\/es\/la-abic-y-los-lideres-empresariales-nacionales-responden-al-estado-de-la-union-no-dar-prioridad-a-las-soluciones-de-inmigracion-para-frenar-la-escasez-de-mano-de-obra-es-malo-para-la-economia-y-pelig\/#article","isPartOf":{"@id":"https:\/\/abic.us\/es\/la-abic-y-los-lideres-empresariales-nacionales-responden-al-estado-de-la-union-no-dar-prioridad-a-las-soluciones-de-inmigracion-para-frenar-la-escasez-de-mano-de-obra-es-malo-para-la-economia-y-pelig\/"},"author":{"name":"abic","@id":"https:\/\/abic.us\/es\/#\/schema\/person\/58547098a0d3b973c110fd8a36f0e0bb"},"headline":"La ABIC y los l\u00edderes empresariales nacionales responden al Estado de la Uni\u00f3n: No dar prioridad a las soluciones de inmigraci\u00f3n para frenar la escasez de mano de obra es malo para la econom\u00eda y peligroso para todos los estadounidenses.","datePublished":"2023-02-08T03:28:31+00:00","mainEntityOfPage":{"@id":"https:\/\/abic.us\/es\/la-abic-y-los-lideres-empresariales-nacionales-responden-al-estado-de-la-union-no-dar-prioridad-a-las-soluciones-de-inmigracion-para-frenar-la-escasez-de-mano-de-obra-es-malo-para-la-economia-y-pelig\/"},"wordCount":1746,"publisher":{"@id":"https:\/\/abic.us\/es\/#organization"},"image":{"@id":"https:\/\/abic.us\/es\/la-abic-y-los-lideres-empresariales-nacionales-responden-al-estado-de-la-union-no-dar-prioridad-a-las-soluciones-de-inmigracion-para-frenar-la-escasez-de-mano-de-obra-es-malo-para-la-economia-y-pelig\/#primaryimage"},"thumbnailUrl":"https:\/\/lh4.googleusercontent.com\/Jl_HJbzW7t8DjJLXPB6-QoGduoGrrnGRTUtEbKr_Fbl4v3I96and84ewqj4tORZFm0chQeJJMHiI0vgm4keE5wshujLMXWcXnEl1kICdUMhbZI-m-FBqlny4bAeZslQxPG-GdclzAQkbIn1BoJDYcNU","articleSection":["Declaraciones y comunicados"],"inLanguage":"es"},{"@type":"WebPage","@id":"https:\/\/abic.us\/es\/la-abic-y-los-lideres-empresariales-nacionales-responden-al-estado-de-la-union-no-dar-prioridad-a-las-soluciones-de-inmigracion-para-frenar-la-escasez-de-mano-de-obra-es-malo-para-la-economia-y-pelig\/","url":"https:\/\/abic.us\/es\/la-abic-y-los-lideres-empresariales-nacionales-responden-al-estado-de-la-union-no-dar-prioridad-a-las-soluciones-de-inmigracion-para-frenar-la-escasez-de-mano-de-obra-es-malo-para-la-economia-y-pelig\/","name":"La ABIC y los l\u00edderes empresariales nacionales responden al Estado de la Uni\u00f3n: No dar prioridad a las soluciones de inmigraci\u00f3n para frenar la escasez de mano de obra es malo para la econom\u00eda y peligroso para todos los estadounidenses. &#8212; Coalici\u00f3n 91探花a de Inmigraci\u00f3n Empresarial","isPartOf":{"@id":"https:\/\/abic.us\/es\/#website"},"primaryImageOfPage":{"@id":"https:\/\/abic.us\/es\/la-abic-y-los-lideres-empresariales-nacionales-responden-al-estado-de-la-union-no-dar-prioridad-a-las-soluciones-de-inmigracion-para-frenar-la-escasez-de-mano-de-obra-es-malo-para-la-economia-y-pelig\/#primaryimage"},"image":{"@id":"https:\/\/abic.us\/es\/la-abic-y-los-lideres-empresariales-nacionales-responden-al-estado-de-la-union-no-dar-prioridad-a-las-soluciones-de-inmigracion-para-frenar-la-escasez-de-mano-de-obra-es-malo-para-la-economia-y-pelig\/#primaryimage"},"thumbnailUrl":"https:\/\/lh4.googleusercontent.com\/Jl_HJbzW7t8DjJLXPB6-QoGduoGrrnGRTUtEbKr_Fbl4v3I96and84ewqj4tORZFm0chQeJJMHiI0vgm4keE5wshujLMXWcXnEl1kICdUMhbZI-m-FBqlny4bAeZslQxPG-GdclzAQkbIn1BoJDYcNU","datePublished":"2023-02-08T03:28:31+00:00","breadcrumb":{"@id":"https:\/\/abic.us\/es\/la-abic-y-los-lideres-empresariales-nacionales-responden-al-estado-de-la-union-no-dar-prioridad-a-las-soluciones-de-inmigracion-para-frenar-la-escasez-de-mano-de-obra-es-malo-para-la-economia-y-pelig\/#breadcrumb"},"inLanguage":"es","potentialAction":[{"@type":"ReadAction","target":["https:\/\/abic.us\/es\/la-abic-y-los-lideres-empresariales-nacionales-responden-al-estado-de-la-union-no-dar-prioridad-a-las-soluciones-de-inmigracion-para-frenar-la-escasez-de-mano-de-obra-es-malo-para-la-economia-y-pelig\/"]}]},{"@type":"ImageObject","inLanguage":"es","@id":"https:\/\/abic.us\/es\/la-abic-y-los-lideres-empresariales-nacionales-responden-al-estado-de-la-union-no-dar-prioridad-a-las-soluciones-de-inmigracion-para-frenar-la-escasez-de-mano-de-obra-es-malo-para-la-economia-y-pelig\/#primaryimage","url":"https:\/\/lh4.googleusercontent.com\/Jl_HJbzW7t8DjJLXPB6-QoGduoGrrnGRTUtEbKr_Fbl4v3I96and84ewqj4tORZFm0chQeJJMHiI0vgm4keE5wshujLMXWcXnEl1kICdUMhbZI-m-FBqlny4bAeZslQxPG-GdclzAQkbIn1BoJDYcNU","contentUrl":"https:\/\/lh4.googleusercontent.com\/Jl_HJbzW7t8DjJLXPB6-QoGduoGrrnGRTUtEbKr_Fbl4v3I96and84ewqj4tORZFm0chQeJJMHiI0vgm4keE5wshujLMXWcXnEl1kICdUMhbZI-m-FBqlny4bAeZslQxPG-GdclzAQkbIn1BoJDYcNU"},{"@type":"BreadcrumbList","@id":"https:\/\/abic.us\/es\/la-abic-y-los-lideres-empresariales-nacionales-responden-al-estado-de-la-union-no-dar-prioridad-a-las-soluciones-de-inmigracion-para-frenar-la-escasez-de-mano-de-obra-es-malo-para-la-economia-y-pelig\/#breadcrumb","itemListElement":[{"@type":"ListItem","position":1,"name":"Hogar","item":"https:\/\/abic.us\/es\/"},{"@type":"ListItem","position":2,"name":"La ABIC y los l\u00edderes empresariales nacionales responden al Estado de la Uni\u00f3n: No dar prioridad a las soluciones de inmigraci\u00f3n para frenar la escasez de mano de obra es malo para la econom\u00eda y peligroso para todos los estadounidenses."}]},{"@type":"WebSite","@id":"https:\/\/abic.us\/es\/#website","url":"https:\/\/abic.us\/es\/","name":"Coalici\u00f3n 91探花a de Inmigraci\u00f3n Empresarial","description":"Juntos, promoveremos una reforma migratoria sensata que crezca empleos, fortalezca nuestra econom\u00eda y beneficie a todas las familias estadounidenses.","publisher":{"@id":"https:\/\/abic.us\/es\/#organization"},"potentialAction":[{"@type":"SearchAction","target":{"@type":"EntryPoint","urlTemplate":"https:\/\/abic.us\/es\/?s={search_term_string}"},"query-input":{"@type":"PropertyValueSpecification","valueRequired":true,"valueName":"search_term_string"}}],"inLanguage":"es"},{"@type":"Organization","@id":"https:\/\/abic.us\/es\/#organization","name":"91探花","url":"https:\/\/abic.us\/es\/","logo":{"@type":"ImageObject","inLanguage":"es","@id":"https:\/\/abic.us\/es\/#\/schema\/logo\/image\/","url":"https:\/\/abic.us\/wp-content\/uploads\/2021\/11\/ABIC-Logo.png","contentUrl":"https:\/\/abic.us\/wp-content\/uploads\/2021\/11\/ABIC-Logo.png","width":1000,"height":260,"caption":"91探花"},"image":{"@id":"https:\/\/abic.us\/es\/#\/schema\/logo\/image\/"},"sameAs":["https:\/\/www.facebook.com\/91探花BIC","https:\/\/x.com\/91探花BIC"]},{"@type":"Person","@id":"https:\/\/abic.us\/es\/#\/schema\/person\/58547098a0d3b973c110fd8a36f0e0bb","name":"abic","image":{"@type":"ImageObject","inLanguage":"es","@id":"https:\/\/secure.gravatar.com\/avatar\/4a2893b0ce0ce34781c1e0a9251ffe4322e67c4e95cdf48463d10701c3bd4c8e?s=96&d=mm&r=g","url":"https:\/\/secure.gravatar.com\/avatar\/4a2893b0ce0ce34781c1e0a9251ffe4322e67c4e95cdf48463d10701c3bd4c8e?s=96&d=mm&r=g","contentUrl":"https:\/\/secure.gravatar.com\/avatar\/4a2893b0ce0ce34781c1e0a9251ffe4322e67c4e95cdf48463d10701c3bd4c8e?s=96&d=mm&r=g","caption":"abic"},"sameAs":["https:\/\/abic.wpengine.com"]}]}},"_links":{"self":[{"href":"https:\/\/abic.us\/es\/wp-json\/wp\/v2\/posts\/35868","targetHints":{"allow":["GET"]}}],"collection":[{"href":"https:\/\/abic.us\/es\/wp-json\/wp\/v2\/posts"}],"about":[{"href":"https:\/\/abic.us\/es\/wp-json\/wp\/v2\/types\/post"}],"author":[{"embeddable":true,"href":"https:\/\/abic.us\/es\/wp-json\/wp\/v2\/users\/1"}],"replies":[{"embeddable":true,"href":"https:\/\/abic.us\/es\/wp-json\/wp\/v2\/comments?post=35868"}],"version-history":[{"count":0,"href":"https:\/\/abic.us\/es\/wp-json\/wp\/v2\/posts\/35868\/revisions"}],"wp:attachment":[{"href":"https:\/\/abic.us\/es\/wp-json\/wp\/v2\/media?parent=35868"}],"wp:term":[{"taxonomy":"category","embeddable":true,"href":"https:\/\/abic.us\/es\/wp-json\/wp\/v2\/categories?post=35868"},{"taxonomy":"post_tag","embeddable":true,"href":"https:\/\/abic.us\/es\/wp-json\/wp\/v2\/tags?post=35868"}],"curies":[{"name":"wp","href":"https:\/\/api.w.org\/{rel}","templated":true}]}}