  {"id":35885,"date":"2023-05-11T17:43:15","date_gmt":"2023-05-11T17:43:15","guid":{"rendered":"https:\/\/abic.us\/tras-el-fin-del-titulo-42-la-coalicion-empresarial-estadounidense-de-inmigracion-y-los-lideres-empresariales-piden-a-la-administracion-biden-que-amplie-la-libertad-condicional-humanitaria-y-permita-a\/"},"modified":"2023-05-11T17:43:15","modified_gmt":"2023-05-11T17:43:15","slug":"tras-el-fin-del-titulo-42-la-coalicion-empresarial-estadounidense-de-inmigracion-y-los-lideres-empresariales-piden-a-la-administracion-biden-que-amplie-la-libertad-condicional-humanitaria-y-permita-a","status":"publish","type":"post","link":"https:\/\/abic.us\/es\/tras-el-fin-del-titulo-42-la-coalicion-empresarial-estadounidense-de-inmigracion-y-los-lideres-empresariales-piden-a-la-administracion-biden-que-amplie-la-libertad-condicional-humanitaria-y-permita-a\/","title":{"rendered":"Tras el fin del T\u00edtulo 42, la Coalici\u00f3n Empresarial Estadounidense de Inmigraci\u00f3n y los l\u00edderes empresariales piden a la Administraci\u00f3n Biden que ampl\u00ede la libertad condicional humanitaria y permita a los Estados patrocinar a inmigrantes con visados de trabajo."},"content":{"rendered":"<p><strong>Tras el fin del T\u00edtulo 42, la Coalici\u00f3n Empresarial Estadounidense de Inmigraci\u00f3n y los l\u00edderes empresariales piden a la Administraci\u00f3n Biden que ampl\u00ede la libertad condicional humanitaria y permita a los Estados patrocinar a inmigrantes con visados de trabajo.<\/strong><\/p>\n<p><em>\u00ab<\/em><em>Este sistema desbloquear\u00eda puestos de trabajo para los inmigrantes deseosos de trabajar, proporcionar\u00eda seguridad a los contribuyentes a largo plazo que ya est\u00e1n aqu\u00ed, y dar\u00eda a los Estados una nueva forma de atraer a trabajadores muy necesarios para sectores cr\u00edticos de la econom\u00eda y reducir\u00eda la presi\u00f3n en la frontera .<\/em><em>\u00bb &#8211;  <\/em><em>Mike Fernandez, presidente, MBF Healthcare Partners<\/em><\/p>\n<p>WASHINGTON &#8211; Tras el fin del T\u00edtulo 42, la Coalici\u00f3n Empresarial Estadounidense de Inmigraci\u00f3n (ABIC) y los principales l\u00edderes empresariales republicanos han pedido hoy a la Administraci\u00f3n Biden que ampl\u00ede el programa de libertad condicional humanitaria y faculte a los estados para expedir visados de trabajo tanto a los inmigrantes que llevan mucho tiempo contribuyendo como a los reci\u00e9n llegados, a fin de satisfacer sus necesidades de mano de obra.<\/p>\n<p>Esta medida, ya<a href=\"https:\/\/usw2.nyl.as\/t1\/132\/t8dnazz57w9us4rc9zdubkan\/0\/7eb254c68e9c2a30d83bde00bbbecc8c8275bb1f54b2fa5f01db068a42546c1a\" target=\"_blank\" rel=\"noopener\" data-saferedirecturl=\"https:\/\/www.google.com\/url?q=https:\/\/usw2.nyl.as\/t1\/132\/t8dnazz57w9us4rc9zdubkan\/0\/7eb254c68e9c2a30d83bde00bbbecc8c8275bb1f54b2fa5f01db068a42546c1a&amp;source=gmail&amp;ust=1683906599288000&amp;usg=AOvVaw1KMbBd1yzYrt8bAAse1vtH\">  solicitado<\/a>  por los gobernadores republicanos Eric Holcomb de Indiana y Spencer Cox de Utah y el senador dem\u00f3crata de EE.UU.<a href=\"https:\/\/usw2.nyl.as\/t1\/132\/t8dnazz57w9us4rc9zdubkan\/1\/27b851010a8744fb8dad10659a8424d1a320b2af7ce18fc23f6be39032fc80d8\" target=\"_blank\" rel=\"noopener\" data-saferedirecturl=\"https:\/\/www.google.com\/url?q=https:\/\/usw2.nyl.as\/t1\/132\/t8dnazz57w9us4rc9zdubkan\/1\/27b851010a8744fb8dad10659a8424d1a320b2af7ce18fc23f6be39032fc80d8&amp;source=gmail&amp;ust=1683906599289000&amp;usg=AOvVaw0sXUHx47sI_r2O8IPqH7IA\">  Bob Men\u00e9ndez<\/a>La Ley de Trabajo Temporal, que se aplicar\u00e1 a partir del 1 de enero de 2006, unir\u00eda dos retos -encontrar trabajo legal para las nuevas oleadas de llegados a EEUU y la grave escasez de mano de obra que sufre actualmente el pa\u00eds, del 3,5%- en una soluci\u00f3n que beneficiar\u00eda por igual a inmigrantes, empresarios y estados enteros. Tambi\u00e9n reducir\u00eda la presi\u00f3n en la frontera sur de EEUU.<\/p>\n<p>\u00abA medida que m\u00e1s estadounidenses se acercan a su jubilaci\u00f3n, por no decir que dicen no a puestos de trabajo en sectores cruciales pero agotadores como la agricultura, la construcci\u00f3n y la asistencia sanitaria a domicilio, los empresarios no pueden encontrar gente para recoger cosechas, reconstruir carreteras en mal estado o cuidar de nuestros seres queridos ancianos\u00bb, declar\u00f3 el Director Ejecutivo de la Coalici\u00f3n Empresarial Estadounidense por la Inmigraci\u00f3n.  <strong>Rebecca Shi<\/strong>. \u00abLas empresas estadounidenses necesitan que el presidente Biden ampl\u00ede las franjas de Libertad Condicional Humanitaria que el gobierno de Biden ha ofrecido recientemente a los reci\u00e9n llegados de Venezuela, Cuba, Nicaragua y Hait\u00ed y otros pa\u00edses al sur de nuestra frontera, permiti\u00e9ndoles tener aqu\u00ed un estatus legal y laboral temporal. Si ampli\u00e1ramos dr\u00e1sticamente ese programa, los beneficios tanto para los inmigrantes como para los empresarios ser\u00edan enormes\u00bb.<\/p>\n<p>El T\u00edtulo 42, una pol\u00edtica de pandemia COVID que restring\u00eda la inmigraci\u00f3n en nuestra frontera sur, termina ahora. Ya estamos viendo lo que se predijo ampliamente, que es una nueva poblaci\u00f3n sustancial de migrantes que llegan a Estados Unidos por la frontera sur, siguiendo la estela de los migrantes que ya han llegado en los \u00faltimos meses desde Venezuela, Cuba, Hait\u00ed y Nicaragua. Sin embargo, hay que se\u00f1alar que el programa de Biden de libertad condicional humanitaria para esos inmigrantes ha<a href=\"https:\/\/usw2.nyl.as\/t1\/132\/t8dnazz57w9us4rc9zdubkan\/2\/b264c3141e7e4dc1465c11430859683a71dfb02a013e6df844d971dad86c2c8a\" target=\"_blank\" rel=\"noopener\" data-saferedirecturl=\"https:\/\/www.google.com\/url?q=https:\/\/usw2.nyl.as\/t1\/132\/t8dnazz57w9us4rc9zdubkan\/2\/b264c3141e7e4dc1465c11430859683a71dfb02a013e6df844d971dad86c2c8a&amp;source=gmail&amp;ust=1683906599289000&amp;usg=AOvVaw2DCe5XU00q_Q5viZWfrI9A\"> reducido significativamente los cruces ilegales de la frontera<\/a> en los \u00faltimos meses.<\/p>\n<p>Mientras tanto, Estados Unidos sufre una grave escasez de mano de obra. En febrero, la<a href=\"https:\/\/usw2.nyl.as\/t1\/132\/t8dnazz57w9us4rc9zdubkan\/3\/6dd639edda6a74d72c384f46281503f8041d745a53217c82add21024c8526e24\" target=\"_blank\" rel=\"noopener\" data-saferedirecturl=\"https:\/\/www.google.com\/url?q=https:\/\/usw2.nyl.as\/t1\/132\/t8dnazz57w9us4rc9zdubkan\/3\/6dd639edda6a74d72c384f46281503f8041d745a53217c82add21024c8526e24&amp;source=gmail&amp;ust=1683906599289000&amp;usg=AOvVaw3-wQ9d-03qAMarjJQeyVN0\"> Oficina de Estad\u00edsticas Laborales<\/a> inform\u00f3 de que hab\u00eda casi 10 millones de puestos de trabajo vacantes. Los economistas<a href=\"https:\/\/usw2.nyl.as\/t1\/132\/t8dnazz57w9us4rc9zdubkan\/4\/cfe049f507a229a2c5e74ab5d94a09a921f3aa1ba43b9df0a16bf16fd18dadc3\" target=\"_blank\" rel=\"noopener\" data-saferedirecturl=\"https:\/\/www.google.com\/url?q=https:\/\/usw2.nyl.as\/t1\/132\/t8dnazz57w9us4rc9zdubkan\/4\/cfe049f507a229a2c5e74ab5d94a09a921f3aa1ba43b9df0a16bf16fd18dadc3&amp;source=gmail&amp;ust=1683906599289000&amp;usg=AOvVaw1BxFpkL1Hr_-ug_dMG4MTw\"> han calculado<\/a> que dos a\u00f1os de inmigraci\u00f3n perdida son responsables de casi la mitad de los trabajadores que faltan en la poblaci\u00f3n activa. En marzo, la C\u00e1mara de Comercio de EE.UU.<a href=\"https:\/\/usw2.nyl.as\/t1\/132\/t8dnazz57w9us4rc9zdubkan\/5\/68e8e98bcb833a1cf70f7b67a3f4724dc63c0be6950284a03132234d1846429c\" target=\"_blank\" rel=\"noopener\" data-saferedirecturl=\"https:\/\/www.google.com\/url?q=https:\/\/usw2.nyl.as\/t1\/132\/t8dnazz57w9us4rc9zdubkan\/5\/68e8e98bcb833a1cf70f7b67a3f4724dc63c0be6950284a03132234d1846429c&amp;source=gmail&amp;ust=1683906599289000&amp;usg=AOvVaw10DztRJNt2L-NHMYwYe6z-\"> mostr\u00f3<\/a> que entre el 20% y el 60% de los puestos de trabajo segu\u00edan sin cubrirse en sectores laborales clave como la industria manufacturera, el comercio mayorista y minorista, los servicios financieros, los servicios profesionales y empresariales, y el ocio y la hosteler\u00eda.<\/p>\n<p>Dijo <strong>Bob Worsley<\/strong>presidente y director general de ZenniHome, senador republicano por el estado de Arizona (jubilado) y copresidente de la ABIC: \u00abNos unimos a un n\u00famero creciente de gobernadores y senadores estadounidenses que instan al gobierno de Biden a ampliar ese programa de libertad condicional a los inmigrantes que ya llevan muchos a\u00f1os contribuyendo a campos clave como la agricultura y el servicio alimentario, y tambi\u00e9n a los j\u00f3venes So\u00f1adores que son demasiado j\u00f3venes para poder acogerse al programa DACA.\u00bb<\/p>\n<p><strong>Mike<\/strong> Fern\u00e1ndez se hizo eco de sus palabras, Presidente de MBF Healthcare Partners, quien afirm\u00f3: \u00abEl gobierno federal deber\u00eda dar a los estados autoridad para solicitar visados de libertad condicional para los inmigrantes que necesiten para hacer frente a sus retos laborales espec\u00edficos. Este sistema desbloquear\u00eda puestos de trabajo para inmigrantes deseosos de trabajar, y dar\u00eda a los estados una nueva forma de atraer a trabajadores muy necesarios para sectores cr\u00edticos de la econom\u00eda. Vinculando estas dos crisis -la ola migratoria y la escasez de mano de obra- creamos grandes oportunidades a partir de ambas\u00bb.<\/p>\n<p><strong>ACERCA DE<\/strong><br \/>\n<a href=\"https:\/\/usw2.nyl.as\/t1\/132\/t8dnazz57w9us4rc9zdubkan\/6\/635ca0e3bd6b088a435585ea8df55720dd3420c49a0dbb2d0d48bfa0e7b22d39\" target=\"_blank\" rel=\"noopener\" data-saferedirecturl=\"https:\/\/www.google.com\/url?q=https:\/\/usw2.nyl.as\/t1\/132\/t8dnazz57w9us4rc9zdubkan\/6\/635ca0e3bd6b088a435585ea8df55720dd3420c49a0dbb2d0d48bfa0e7b22d39&amp;source=gmail&amp;ust=1683906599289000&amp;usg=AOvVaw38n6ltS_sQGBeLFXllUYq9\"><strong>Coalici\u00f3n Empresarial Estadounidense para la Inmigraci\u00f3n<\/strong> <strong>(ABIC)<\/strong><\/a> es una coalici\u00f3n bipartidista de m\u00e1s de 1.200 directores generales, empresarios y asociaciones comerciales de 17 estados, en su mayor\u00eda rojos y morados. La ABIC promueve una reforma de la inmigraci\u00f3n con sentido com\u00fan que fomente la competitividad econ\u00f3mica, proporcione a las empresas tanto el talento altamente cualificado como el poco cualificado que necesitan, y permita la integraci\u00f3n de los inmigrantes en nuestra econom\u00eda como consumidores, trabajadores, empresarios y ciudadanos.<\/p>\n","protected":false},"excerpt":{"rendered":"<p>Tras el fin del T\u00edtulo 42, la Coalici\u00f3n Empresarial Estadounidense de Inmigraci\u00f3n y los l\u00edderes empresariales piden a la Administraci\u00f3n Biden que ampl\u00ede la libertad condicional humanitaria y permita a&#8230;<\/p>\n","protected":false},"author":1,"featured_media":0,"comment_status":"closed","ping_status":"closed","sticky":false,"template":"","format":"standard","meta":{"footnotes":""},"categories":[71],"tags":[],"class_list":["post-35885","post","type-post","status-publish","format-standard","category-declaraciones-y-comunicados"],"yoast_head":"<!-- This site is optimized with the Yoast SEO plugin v28.3 - https:\/\/yoast.com\/product\/yoast-seo-wordpress\/ -->\n<title>Tras el fin del T\u00edtulo 42, la Coalici\u00f3n Empresarial Estadounidense de Inmigraci\u00f3n y los l\u00edderes empresariales piden a la Administraci\u00f3n Biden que ampl\u00ede la libertad condicional humanitaria y permita a los Estados patrocinar a inmigrantes con visados de trabajo. &#8212; Coalici\u00f3n 91探花a de Inmigraci\u00f3n Empresarial<\/title>\n<meta name=\"robots\" content=\"index, follow, max-snippet:-1, max-image-preview:large, max-video-preview:-1\" \/>\n<link rel=\"canonical\" href=\"https:\/\/abic.us\/es\/tras-el-fin-del-titulo-42-la-coalicion-empresarial-estadounidense-de-inmigracion-y-los-lideres-empresariales-piden-a-la-administracion-biden-que-amplie-la-libertad-condicional-humanitaria-y-permita-a\/\" \/>\n<meta property=\"og:locale\" content=\"es_ES\" \/>\n<meta property=\"og:type\" content=\"article\" \/>\n<meta property=\"og:title\" content=\"Tras el fin del T\u00edtulo 42, la Coalici\u00f3n Empresarial Estadounidense de Inmigraci\u00f3n y los l\u00edderes empresariales piden a la Administraci\u00f3n Biden que ampl\u00ede la libertad condicional humanitaria y permita a los Estados patrocinar a inmigrantes con visados de trabajo. &#8212; Coalici\u00f3n 91探花a de Inmigraci\u00f3n Empresarial\" \/>\n<meta property=\"og:description\" content=\"Tras el fin del T\u00edtulo 42, la Coalici\u00f3n Empresarial Estadounidense de Inmigraci\u00f3n y los l\u00edderes empresariales piden a la Administraci\u00f3n Biden que ampl\u00ede la libertad condicional humanitaria y permita a...\" \/>\n<meta property=\"og:url\" content=\"https:\/\/abic.us\/es\/tras-el-fin-del-titulo-42-la-coalicion-empresarial-estadounidense-de-inmigracion-y-los-lideres-empresariales-piden-a-la-administracion-biden-que-amplie-la-libertad-condicional-humanitaria-y-permita-a\/\" \/>\n<meta property=\"og:site_name\" content=\"Coalici\u00f3n 91探花a de Inmigraci\u00f3n Empresarial\" \/>\n<meta property=\"article:publisher\" content=\"https:\/\/www.facebook.com\/91探花BIC\" \/>\n<meta property=\"article:published_time\" content=\"2023-05-11T17:43:15+00:00\" \/>\n<meta property=\"og:image\" content=\"https:\/\/abic.us\/wp-content\/uploads\/2021\/12\/ABIC-Meta-Image.jpg\" \/>\n\t<meta property=\"og:image:width\" content=\"1200\" \/>\n\t<meta property=\"og:image:height\" content=\"630\" \/>\n\t<meta property=\"og:image:type\" content=\"image\/jpeg\" \/>\n<meta name=\"author\" content=\"abic\" \/>\n<meta name=\"twitter:card\" content=\"summary_large_image\" \/>\n<meta name=\"twitter:creator\" content=\"@91探花BIC\" \/>\n<meta name=\"twitter:site\" content=\"@91探花BIC\" \/>\n<meta name=\"twitter:label1\" content=\"Escrito por\" \/>\n\t<meta name=\"twitter:data1\" content=\"abic\" \/>\n\t<meta name=\"twitter:label2\" content=\"Tiempo de lectura\" \/>\n\t<meta name=\"twitter:data2\" content=\"5 minutos\" \/>\n<script type=\"application\/ld+json\" class=\"yoast-schema-graph\">{\"@context\":\"https:\\\/\\\/schema.org\",\"@graph\":[{\"@type\":\"Article\",\"@id\":\"https:\\\/\\\/abic.us\\\/es\\\/tras-el-fin-del-titulo-42-la-coalicion-empresarial-estadounidense-de-inmigracion-y-los-lideres-empresariales-piden-a-la-administracion-biden-que-amplie-la-libertad-condicional-humanitaria-y-permita-a\\\/#article\",\"isPartOf\":{\"@id\":\"https:\\\/\\\/abic.us\\\/es\\\/tras-el-fin-del-titulo-42-la-coalicion-empresarial-estadounidense-de-inmigracion-y-los-lideres-empresariales-piden-a-la-administracion-biden-que-amplie-la-libertad-condicional-humanitaria-y-permita-a\\\/\"},\"author\":{\"name\":\"abic\",\"@id\":\"https:\\\/\\\/abic.us\\\/es\\\/#\\\/schema\\\/person\\\/58547098a0d3b973c110fd8a36f0e0bb\"},\"headline\":\"Tras el fin del T\u00edtulo 42, la Coalici\u00f3n Empresarial Estadounidense de Inmigraci\u00f3n y los l\u00edderes empresariales piden a la Administraci\u00f3n Biden que ampl\u00ede la libertad condicional humanitaria y permita a los Estados patrocinar a inmigrantes con visados de trabajo.\",\"datePublished\":\"2023-05-11T17:43:15+00:00\",\"mainEntityOfPage\":{\"@id\":\"https:\\\/\\\/abic.us\\\/es\\\/tras-el-fin-del-titulo-42-la-coalicion-empresarial-estadounidense-de-inmigracion-y-los-lideres-empresariales-piden-a-la-administracion-biden-que-amplie-la-libertad-condicional-humanitaria-y-permita-a\\\/\"},\"wordCount\":966,\"publisher\":{\"@id\":\"https:\\\/\\\/abic.us\\\/es\\\/#organization\"},\"articleSection\":[\"Declaraciones y comunicados\"],\"inLanguage\":\"es\"},{\"@type\":\"WebPage\",\"@id\":\"https:\\\/\\\/abic.us\\\/es\\\/tras-el-fin-del-titulo-42-la-coalicion-empresarial-estadounidense-de-inmigracion-y-los-lideres-empresariales-piden-a-la-administracion-biden-que-amplie-la-libertad-condicional-humanitaria-y-permita-a\\\/\",\"url\":\"https:\\\/\\\/abic.us\\\/es\\\/tras-el-fin-del-titulo-42-la-coalicion-empresarial-estadounidense-de-inmigracion-y-los-lideres-empresariales-piden-a-la-administracion-biden-que-amplie-la-libertad-condicional-humanitaria-y-permita-a\\\/\",\"name\":\"Tras el fin del T\u00edtulo 42, la Coalici\u00f3n Empresarial Estadounidense de Inmigraci\u00f3n y los l\u00edderes empresariales piden a la Administraci\u00f3n Biden que ampl\u00ede la libertad condicional humanitaria y permita a los Estados patrocinar a inmigrantes con visados de trabajo. &#8212; Coalici\u00f3n 91探花a de Inmigraci\u00f3n Empresarial\",\"isPartOf\":{\"@id\":\"https:\\\/\\\/abic.us\\\/es\\\/#website\"},\"datePublished\":\"2023-05-11T17:43:15+00:00\",\"breadcrumb\":{\"@id\":\"https:\\\/\\\/abic.us\\\/es\\\/tras-el-fin-del-titulo-42-la-coalicion-empresarial-estadounidense-de-inmigracion-y-los-lideres-empresariales-piden-a-la-administracion-biden-que-amplie-la-libertad-condicional-humanitaria-y-permita-a\\\/#breadcrumb\"},\"inLanguage\":\"es\",\"potentialAction\":[{\"@type\":\"ReadAction\",\"target\":[\"https:\\\/\\\/abic.us\\\/es\\\/tras-el-fin-del-titulo-42-la-coalicion-empresarial-estadounidense-de-inmigracion-y-los-lideres-empresariales-piden-a-la-administracion-biden-que-amplie-la-libertad-condicional-humanitaria-y-permita-a\\\/\"]}]},{\"@type\":\"BreadcrumbList\",\"@id\":\"https:\\\/\\\/abic.us\\\/es\\\/tras-el-fin-del-titulo-42-la-coalicion-empresarial-estadounidense-de-inmigracion-y-los-lideres-empresariales-piden-a-la-administracion-biden-que-amplie-la-libertad-condicional-humanitaria-y-permita-a\\\/#breadcrumb\",\"itemListElement\":[{\"@type\":\"ListItem\",\"position\":1,\"name\":\"Hogar\",\"item\":\"https:\\\/\\\/abic.us\\\/es\\\/\"},{\"@type\":\"ListItem\",\"position\":2,\"name\":\"Tras el fin del T\u00edtulo 42, la Coalici\u00f3n Empresarial Estadounidense de Inmigraci\u00f3n y los l\u00edderes empresariales piden a la Administraci\u00f3n Biden que ampl\u00ede la libertad condicional humanitaria y permita a los Estados patrocinar a inmigrantes con visados de trabajo.\"}]},{\"@type\":\"WebSite\",\"@id\":\"https:\\\/\\\/abic.us\\\/es\\\/#website\",\"url\":\"https:\\\/\\\/abic.us\\\/es\\\/\",\"name\":\"Coalici\u00f3n 91探花a de Inmigraci\u00f3n Empresarial\",\"description\":\"Juntos, promoveremos una reforma migratoria sensata que crezca empleos, fortalezca nuestra econom\u00eda y beneficie a todas las familias estadounidenses.\",\"publisher\":{\"@id\":\"https:\\\/\\\/abic.us\\\/es\\\/#organization\"},\"potentialAction\":[{\"@type\":\"SearchAction\",\"target\":{\"@type\":\"EntryPoint\",\"urlTemplate\":\"https:\\\/\\\/abic.us\\\/es\\\/?s={search_term_string}\"},\"query-input\":{\"@type\":\"PropertyValueSpecification\",\"valueRequired\":true,\"valueName\":\"search_term_string\"}}],\"inLanguage\":\"es\"},{\"@type\":\"Organization\",\"@id\":\"https:\\\/\\\/abic.us\\\/es\\\/#organization\",\"name\":\"91探花\",\"url\":\"https:\\\/\\\/abic.us\\\/es\\\/\",\"logo\":{\"@type\":\"ImageObject\",\"inLanguage\":\"es\",\"@id\":\"https:\\\/\\\/abic.us\\\/es\\\/#\\\/schema\\\/logo\\\/image\\\/\",\"url\":\"https:\\\/\\\/abic.us\\\/wp-content\\\/uploads\\\/2021\\\/11\\\/ABIC-Logo.png\",\"contentUrl\":\"https:\\\/\\\/abic.us\\\/wp-content\\\/uploads\\\/2021\\\/11\\\/ABIC-Logo.png\",\"width\":1000,\"height\":260,\"caption\":\"91探花\"},\"image\":{\"@id\":\"https:\\\/\\\/abic.us\\\/es\\\/#\\\/schema\\\/logo\\\/image\\\/\"},\"sameAs\":[\"https:\\\/\\\/www.facebook.com\\\/91探花BIC\",\"https:\\\/\\\/x.com\\\/91探花BIC\"]},{\"@type\":\"Person\",\"@id\":\"https:\\\/\\\/abic.us\\\/es\\\/#\\\/schema\\\/person\\\/58547098a0d3b973c110fd8a36f0e0bb\",\"name\":\"abic\",\"image\":{\"@type\":\"ImageObject\",\"inLanguage\":\"es\",\"@id\":\"https:\\\/\\\/secure.gravatar.com\\\/avatar\\\/4a2893b0ce0ce34781c1e0a9251ffe4322e67c4e95cdf48463d10701c3bd4c8e?s=96&d=mm&r=g\",\"url\":\"https:\\\/\\\/secure.gravatar.com\\\/avatar\\\/4a2893b0ce0ce34781c1e0a9251ffe4322e67c4e95cdf48463d10701c3bd4c8e?s=96&d=mm&r=g\",\"contentUrl\":\"https:\\\/\\\/secure.gravatar.com\\\/avatar\\\/4a2893b0ce0ce34781c1e0a9251ffe4322e67c4e95cdf48463d10701c3bd4c8e?s=96&d=mm&r=g\",\"caption\":\"abic\"},\"sameAs\":[\"https:\\\/\\\/abic.wpengine.com\"]}]}<\/script>\n<!-- \/ Yoast SEO plugin. -->","yoast_head_json":{"title":"Tras el fin del T\u00edtulo 42, la Coalici\u00f3n Empresarial Estadounidense de Inmigraci\u00f3n y los l\u00edderes empresariales piden a la Administraci\u00f3n Biden que ampl\u00ede la libertad condicional humanitaria y permita a los Estados patrocinar a inmigrantes con visados de trabajo. &#8212; Coalici\u00f3n 91探花a de Inmigraci\u00f3n Empresarial","robots":{"index":"index","follow":"follow","max-snippet":"max-snippet:-1","max-image-preview":"max-image-preview:large","max-video-preview":"max-video-preview:-1"},"canonical":"https:\/\/abic.us\/es\/tras-el-fin-del-titulo-42-la-coalicion-empresarial-estadounidense-de-inmigracion-y-los-lideres-empresariales-piden-a-la-administracion-biden-que-amplie-la-libertad-condicional-humanitaria-y-permita-a\/","og_locale":"es_ES","og_type":"article","og_title":"Tras el fin del T\u00edtulo 42, la Coalici\u00f3n Empresarial Estadounidense de Inmigraci\u00f3n y los l\u00edderes empresariales piden a la Administraci\u00f3n Biden que ampl\u00ede la libertad condicional humanitaria y permita a los Estados patrocinar a inmigrantes con visados de trabajo. &#8212; Coalici\u00f3n 91探花a de Inmigraci\u00f3n Empresarial","og_description":"Tras el fin del T\u00edtulo 42, la Coalici\u00f3n Empresarial Estadounidense de Inmigraci\u00f3n y los l\u00edderes empresariales piden a la Administraci\u00f3n Biden que ampl\u00ede la libertad condicional humanitaria y permita a...","og_url":"https:\/\/abic.us\/es\/tras-el-fin-del-titulo-42-la-coalicion-empresarial-estadounidense-de-inmigracion-y-los-lideres-empresariales-piden-a-la-administracion-biden-que-amplie-la-libertad-condicional-humanitaria-y-permita-a\/","og_site_name":"Coalici\u00f3n 91探花a de Inmigraci\u00f3n Empresarial","article_publisher":"https:\/\/www.facebook.com\/91探花BIC","article_published_time":"2023-05-11T17:43:15+00:00","og_image":[{"width":1200,"height":630,"url":"https:\/\/abic.us\/wp-content\/uploads\/2021\/12\/ABIC-Meta-Image.jpg","type":"image\/jpeg"}],"author":"abic","twitter_card":"summary_large_image","twitter_creator":"@91探花BIC","twitter_site":"@91探花BIC","twitter_misc":{"Escrito por":"abic","Tiempo de lectura":"5 minutos"},"schema":{"@context":"https:\/\/schema.org","@graph":[{"@type":"Article","@id":"https:\/\/abic.us\/es\/tras-el-fin-del-titulo-42-la-coalicion-empresarial-estadounidense-de-inmigracion-y-los-lideres-empresariales-piden-a-la-administracion-biden-que-amplie-la-libertad-condicional-humanitaria-y-permita-a\/#article","isPartOf":{"@id":"https:\/\/abic.us\/es\/tras-el-fin-del-titulo-42-la-coalicion-empresarial-estadounidense-de-inmigracion-y-los-lideres-empresariales-piden-a-la-administracion-biden-que-amplie-la-libertad-condicional-humanitaria-y-permita-a\/"},"author":{"name":"abic","@id":"https:\/\/abic.us\/es\/#\/schema\/person\/58547098a0d3b973c110fd8a36f0e0bb"},"headline":"Tras el fin del T\u00edtulo 42, la Coalici\u00f3n Empresarial Estadounidense de Inmigraci\u00f3n y los l\u00edderes empresariales piden a la Administraci\u00f3n Biden que ampl\u00ede la libertad condicional humanitaria y permita a los Estados patrocinar a inmigrantes con visados de trabajo.","datePublished":"2023-05-11T17:43:15+00:00","mainEntityOfPage":{"@id":"https:\/\/abic.us\/es\/tras-el-fin-del-titulo-42-la-coalicion-empresarial-estadounidense-de-inmigracion-y-los-lideres-empresariales-piden-a-la-administracion-biden-que-amplie-la-libertad-condicional-humanitaria-y-permita-a\/"},"wordCount":966,"publisher":{"@id":"https:\/\/abic.us\/es\/#organization"},"articleSection":["Declaraciones y comunicados"],"inLanguage":"es"},{"@type":"WebPage","@id":"https:\/\/abic.us\/es\/tras-el-fin-del-titulo-42-la-coalicion-empresarial-estadounidense-de-inmigracion-y-los-lideres-empresariales-piden-a-la-administracion-biden-que-amplie-la-libertad-condicional-humanitaria-y-permita-a\/","url":"https:\/\/abic.us\/es\/tras-el-fin-del-titulo-42-la-coalicion-empresarial-estadounidense-de-inmigracion-y-los-lideres-empresariales-piden-a-la-administracion-biden-que-amplie-la-libertad-condicional-humanitaria-y-permita-a\/","name":"Tras el fin del T\u00edtulo 42, la Coalici\u00f3n Empresarial Estadounidense de Inmigraci\u00f3n y los l\u00edderes empresariales piden a la Administraci\u00f3n Biden que ampl\u00ede la libertad condicional humanitaria y permita a los Estados patrocinar a inmigrantes con visados de trabajo. &#8212; Coalici\u00f3n 91探花a de Inmigraci\u00f3n Empresarial","isPartOf":{"@id":"https:\/\/abic.us\/es\/#website"},"datePublished":"2023-05-11T17:43:15+00:00","breadcrumb":{"@id":"https:\/\/abic.us\/es\/tras-el-fin-del-titulo-42-la-coalicion-empresarial-estadounidense-de-inmigracion-y-los-lideres-empresariales-piden-a-la-administracion-biden-que-amplie-la-libertad-condicional-humanitaria-y-permita-a\/#breadcrumb"},"inLanguage":"es","potentialAction":[{"@type":"ReadAction","target":["https:\/\/abic.us\/es\/tras-el-fin-del-titulo-42-la-coalicion-empresarial-estadounidense-de-inmigracion-y-los-lideres-empresariales-piden-a-la-administracion-biden-que-amplie-la-libertad-condicional-humanitaria-y-permita-a\/"]}]},{"@type":"BreadcrumbList","@id":"https:\/\/abic.us\/es\/tras-el-fin-del-titulo-42-la-coalicion-empresarial-estadounidense-de-inmigracion-y-los-lideres-empresariales-piden-a-la-administracion-biden-que-amplie-la-libertad-condicional-humanitaria-y-permita-a\/#breadcrumb","itemListElement":[{"@type":"ListItem","position":1,"name":"Hogar","item":"https:\/\/abic.us\/es\/"},{"@type":"ListItem","position":2,"name":"Tras el fin del T\u00edtulo 42, la Coalici\u00f3n Empresarial Estadounidense de Inmigraci\u00f3n y los l\u00edderes empresariales piden a la Administraci\u00f3n Biden que ampl\u00ede la libertad condicional humanitaria y permita a los Estados patrocinar a inmigrantes con visados de trabajo."}]},{"@type":"WebSite","@id":"https:\/\/abic.us\/es\/#website","url":"https:\/\/abic.us\/es\/","name":"Coalici\u00f3n 91探花a de Inmigraci\u00f3n Empresarial","description":"Juntos, promoveremos una reforma migratoria sensata que crezca empleos, fortalezca nuestra econom\u00eda y beneficie a todas las familias estadounidenses.","publisher":{"@id":"https:\/\/abic.us\/es\/#organization"},"potentialAction":[{"@type":"SearchAction","target":{"@type":"EntryPoint","urlTemplate":"https:\/\/abic.us\/es\/?s={search_term_string}"},"query-input":{"@type":"PropertyValueSpecification","valueRequired":true,"valueName":"search_term_string"}}],"inLanguage":"es"},{"@type":"Organization","@id":"https:\/\/abic.us\/es\/#organization","name":"91探花","url":"https:\/\/abic.us\/es\/","logo":{"@type":"ImageObject","inLanguage":"es","@id":"https:\/\/abic.us\/es\/#\/schema\/logo\/image\/","url":"https:\/\/abic.us\/wp-content\/uploads\/2021\/11\/ABIC-Logo.png","contentUrl":"https:\/\/abic.us\/wp-content\/uploads\/2021\/11\/ABIC-Logo.png","width":1000,"height":260,"caption":"91探花"},"image":{"@id":"https:\/\/abic.us\/es\/#\/schema\/logo\/image\/"},"sameAs":["https:\/\/www.facebook.com\/91探花BIC","https:\/\/x.com\/91探花BIC"]},{"@type":"Person","@id":"https:\/\/abic.us\/es\/#\/schema\/person\/58547098a0d3b973c110fd8a36f0e0bb","name":"abic","image":{"@type":"ImageObject","inLanguage":"es","@id":"https:\/\/secure.gravatar.com\/avatar\/4a2893b0ce0ce34781c1e0a9251ffe4322e67c4e95cdf48463d10701c3bd4c8e?s=96&d=mm&r=g","url":"https:\/\/secure.gravatar.com\/avatar\/4a2893b0ce0ce34781c1e0a9251ffe4322e67c4e95cdf48463d10701c3bd4c8e?s=96&d=mm&r=g","contentUrl":"https:\/\/secure.gravatar.com\/avatar\/4a2893b0ce0ce34781c1e0a9251ffe4322e67c4e95cdf48463d10701c3bd4c8e?s=96&d=mm&r=g","caption":"abic"},"sameAs":["https:\/\/abic.wpengine.com"]}]}},"_links":{"self":[{"href":"https:\/\/abic.us\/es\/wp-json\/wp\/v2\/posts\/35885","targetHints":{"allow":["GET"]}}],"collection":[{"href":"https:\/\/abic.us\/es\/wp-json\/wp\/v2\/posts"}],"about":[{"href":"https:\/\/abic.us\/es\/wp-json\/wp\/v2\/types\/post"}],"author":[{"embeddable":true,"href":"https:\/\/abic.us\/es\/wp-json\/wp\/v2\/users\/1"}],"replies":[{"embeddable":true,"href":"https:\/\/abic.us\/es\/wp-json\/wp\/v2\/comments?post=35885"}],"version-history":[{"count":0,"href":"https:\/\/abic.us\/es\/wp-json\/wp\/v2\/posts\/35885\/revisions"}],"wp:attachment":[{"href":"https:\/\/abic.us\/es\/wp-json\/wp\/v2\/media?parent=35885"}],"wp:term":[{"taxonomy":"category","embeddable":true,"href":"https:\/\/abic.us\/es\/wp-json\/wp\/v2\/categories?post=35885"},{"taxonomy":"post_tag","embeddable":true,"href":"https:\/\/abic.us\/es\/wp-json\/wp\/v2\/tags?post=35885"}],"curies":[{"name":"wp","href":"https:\/\/api.w.org\/{rel}","templated":true}]}}