  {"id":35898,"date":"2023-11-29T18:41:18","date_gmt":"2023-11-29T18:41:18","guid":{"rendered":"https:\/\/abic.us\/la-abic-y-positive-reflections-organizan-un-acto-sobre-la-subvencion-estatal-para-empresas-de-nueva-creacion\/"},"modified":"2023-11-29T18:41:18","modified_gmt":"2023-11-29T18:41:18","slug":"la-abic-y-positive-reflections-organizan-un-acto-sobre-la-subvencion-estatal-para-empresas-de-nueva-creacion","status":"publish","type":"post","link":"https:\/\/abic.us\/es\/la-abic-y-positive-reflections-organizan-un-acto-sobre-la-subvencion-estatal-para-empresas-de-nueva-creacion\/","title":{"rendered":"La ABIC y Positive Reflections organizan un acto sobre la subvenci\u00f3n estatal para empresas de nueva creaci\u00f3n"},"content":{"rendered":"<div><strong>ROCKFORD, IL<\/strong> &#8211; La <strong>Coalici\u00f3n Empresarial Estadounidense para la Inmigraci\u00f3n<\/strong> (ABIC) y <strong>Positive Reflections<\/strong> organizan un acto para establecer contactos como parte de la serie 91探花 First Friday, dirigida por peque\u00f1as empresas y que acoge a todas las empresas, independientemente de su sector y tama\u00f1o. El objetivo de este acto es ampliar las redes empresariales, impulsar nuevas oportunidades y conectar a los empresarios entre s\u00ed.<\/div>\n<div><\/div>\n<div>Durante esta sesi\u00f3n especial, la anfitriona Janene Stephenson compartir\u00e1 una presentaci\u00f3n sobre la nueva subvenci\u00f3n del Departamento de Comercio y Oportunidades Econ\u00f3micas de Illinois (DCEO) para empresas de nueva creaci\u00f3n que comiencen a funcionar en 2020 y 2021. Todos est\u00e1n invitados a asistir a esta sesi\u00f3n informativa especial.<\/div>\n<div><\/div>\n<div>La serie 91探花 First Friday tiene como objetivo fomentar el crecimiento y la conectividad entre las empresas de la comunidad de Rockford mediante la creaci\u00f3n de redes y la colaboraci\u00f3n con empresas de distintos sectores. Cada mes, la serie 91探花 First Friday se centrar\u00e1 en distintos temas que los propietarios de peque\u00f1as empresas deben conocer. Una parte importante de esta serie es el potencial de liderazgo y creaci\u00f3n de redes para las peque\u00f1as empresas, ya que Positive Reflections pretende servir de puente entre los propietarios de peque\u00f1as empresas de la zona de Rockford.<\/div>\n<div><\/div>\n<div>Los medios de comunicaci\u00f3n est\u00e1n invitados a cubrir este acto y los ponentes estar\u00e1n disponibles para entrevistas.<\/div>\n<div><\/div>\n<div><strong>QU\u00c9:<\/strong><\/div>\n<div><strong>La ABIC y Positive Reflections organizan un evento mensual de networking en<\/strong><\/div>\n<div><strong>Rockford para la serie \u00ab91探花 First Friday  <\/strong><\/div>\n<div><\/div>\n<div><strong>QUI\u00c9N:<\/strong><\/div>\n<div><strong>Janene Stephenson<\/strong>, Presidenta de Positive Reflections y Navegadora Regional de Rockford, Departamento de Comercio y Oportunidades Econ\u00f3micas de Illinois (DCEO)<\/div>\n<div><strong>Henry McDavid<\/strong>, 6 Figure 91探花 Coach y Cofundador de KEA<\/div>\n<div><strong>Tamika Meek<\/strong>, propietaria de El poder de cuidar tu salud mental<\/div>\n<div><\/div>\n<div><strong>CU\u00c1NDO:<\/strong><\/div>\n<div>Viernes, 1 de diciembre, a las 18.00 h. CST<\/div>\n<div><\/div>\n<div><strong>D\u00d3NDE:<\/strong><\/div>\n<div>Positive Reflections Community Outreach, 730 N Church St., Rockford, IL 61103<\/div>\n","protected":false},"excerpt":{"rendered":"<p>ROCKFORD, IL &#8211; La Coalici\u00f3n Empresarial Estadounidense para la Inmigraci\u00f3n (ABIC) y Positive Reflections organizan un acto para establecer contactos como parte de la serie 91探花 First Friday, dirigida por&#8230;<\/p>\n","protected":false},"author":1,"featured_media":0,"comment_status":"closed","ping_status":"closed","sticky":false,"template":"","format":"standard","meta":{"footnotes":""},"categories":[70],"tags":[],"class_list":["post-35898","post","type-post","status-publish","format-standard","category-noticias-de-illinois"],"yoast_head":"<!-- This site is optimized with the Yoast SEO plugin v28.3 - https:\/\/yoast.com\/product\/yoast-seo-wordpress\/ -->\n<title>La ABIC y Positive Reflections organizan un acto sobre la subvenci\u00f3n estatal para empresas de nueva creaci\u00f3n &#8212; Coalici\u00f3n 91探花a de Inmigraci\u00f3n Empresarial<\/title>\n<meta name=\"robots\" content=\"index, follow, max-snippet:-1, max-image-preview:large, max-video-preview:-1\" \/>\n<link rel=\"canonical\" href=\"https:\/\/abic.us\/es\/la-abic-y-positive-reflections-organizan-un-acto-sobre-la-subvencion-estatal-para-empresas-de-nueva-creacion\/\" \/>\n<meta property=\"og:locale\" content=\"es_ES\" \/>\n<meta property=\"og:type\" content=\"article\" \/>\n<meta property=\"og:title\" content=\"La ABIC y Positive Reflections organizan un acto sobre la subvenci\u00f3n estatal para empresas de nueva creaci\u00f3n &#8212; Coalici\u00f3n 91探花a de Inmigraci\u00f3n Empresarial\" \/>\n<meta property=\"og:description\" content=\"ROCKFORD, IL &#8211; La Coalici\u00f3n Empresarial Estadounidense para la Inmigraci\u00f3n (ABIC) y Positive Reflections organizan un acto para establecer contactos como parte de la serie 91探花 First Friday, dirigida por...\" \/>\n<meta property=\"og:url\" content=\"https:\/\/abic.us\/es\/la-abic-y-positive-reflections-organizan-un-acto-sobre-la-subvencion-estatal-para-empresas-de-nueva-creacion\/\" \/>\n<meta property=\"og:site_name\" content=\"Coalici\u00f3n 91探花a de Inmigraci\u00f3n Empresarial\" \/>\n<meta property=\"article:publisher\" content=\"https:\/\/www.facebook.com\/91探花BIC\" \/>\n<meta property=\"article:published_time\" content=\"2023-11-29T18:41:18+00:00\" \/>\n<meta property=\"og:image\" content=\"https:\/\/abic.us\/wp-content\/uploads\/2021\/12\/ABIC-Meta-Image.jpg\" \/>\n\t<meta property=\"og:image:width\" content=\"1200\" \/>\n\t<meta property=\"og:image:height\" content=\"630\" \/>\n\t<meta property=\"og:image:type\" content=\"image\/jpeg\" \/>\n<meta name=\"author\" content=\"abic\" \/>\n<meta name=\"twitter:card\" content=\"summary_large_image\" \/>\n<meta name=\"twitter:creator\" content=\"@91探花BIC\" \/>\n<meta name=\"twitter:site\" content=\"@91探花BIC\" \/>\n<meta name=\"twitter:label1\" content=\"Escrito por\" \/>\n\t<meta name=\"twitter:data1\" content=\"abic\" \/>\n\t<meta name=\"twitter:label2\" content=\"Tiempo de lectura\" \/>\n\t<meta name=\"twitter:data2\" content=\"2 minutos\" \/>\n<script type=\"application\/ld+json\" class=\"yoast-schema-graph\">{\"@context\":\"https:\\\/\\\/schema.org\",\"@graph\":[{\"@type\":\"Article\",\"@id\":\"https:\\\/\\\/abic.us\\\/es\\\/la-abic-y-positive-reflections-organizan-un-acto-sobre-la-subvencion-estatal-para-empresas-de-nueva-creacion\\\/#article\",\"isPartOf\":{\"@id\":\"https:\\\/\\\/abic.us\\\/es\\\/la-abic-y-positive-reflections-organizan-un-acto-sobre-la-subvencion-estatal-para-empresas-de-nueva-creacion\\\/\"},\"author\":{\"name\":\"abic\",\"@id\":\"https:\\\/\\\/abic.us\\\/es\\\/#\\\/schema\\\/person\\\/58547098a0d3b973c110fd8a36f0e0bb\"},\"headline\":\"La ABIC y Positive Reflections organizan un acto sobre la subvenci\u00f3n estatal para empresas de nueva creaci\u00f3n\",\"datePublished\":\"2023-11-29T18:41:18+00:00\",\"mainEntityOfPage\":{\"@id\":\"https:\\\/\\\/abic.us\\\/es\\\/la-abic-y-positive-reflections-organizan-un-acto-sobre-la-subvencion-estatal-para-empresas-de-nueva-creacion\\\/\"},\"wordCount\":343,\"publisher\":{\"@id\":\"https:\\\/\\\/abic.us\\\/es\\\/#organization\"},\"articleSection\":[\"Noticias de Illinois\"],\"inLanguage\":\"es\"},{\"@type\":\"WebPage\",\"@id\":\"https:\\\/\\\/abic.us\\\/es\\\/la-abic-y-positive-reflections-organizan-un-acto-sobre-la-subvencion-estatal-para-empresas-de-nueva-creacion\\\/\",\"url\":\"https:\\\/\\\/abic.us\\\/es\\\/la-abic-y-positive-reflections-organizan-un-acto-sobre-la-subvencion-estatal-para-empresas-de-nueva-creacion\\\/\",\"name\":\"La ABIC y Positive Reflections organizan un acto sobre la subvenci\u00f3n estatal para empresas de nueva creaci\u00f3n &#8212; Coalici\u00f3n 91探花a de Inmigraci\u00f3n Empresarial\",\"isPartOf\":{\"@id\":\"https:\\\/\\\/abic.us\\\/es\\\/#website\"},\"datePublished\":\"2023-11-29T18:41:18+00:00\",\"breadcrumb\":{\"@id\":\"https:\\\/\\\/abic.us\\\/es\\\/la-abic-y-positive-reflections-organizan-un-acto-sobre-la-subvencion-estatal-para-empresas-de-nueva-creacion\\\/#breadcrumb\"},\"inLanguage\":\"es\",\"potentialAction\":[{\"@type\":\"ReadAction\",\"target\":[\"https:\\\/\\\/abic.us\\\/es\\\/la-abic-y-positive-reflections-organizan-un-acto-sobre-la-subvencion-estatal-para-empresas-de-nueva-creacion\\\/\"]}]},{\"@type\":\"BreadcrumbList\",\"@id\":\"https:\\\/\\\/abic.us\\\/es\\\/la-abic-y-positive-reflections-organizan-un-acto-sobre-la-subvencion-estatal-para-empresas-de-nueva-creacion\\\/#breadcrumb\",\"itemListElement\":[{\"@type\":\"ListItem\",\"position\":1,\"name\":\"Hogar\",\"item\":\"https:\\\/\\\/abic.us\\\/es\\\/\"},{\"@type\":\"ListItem\",\"position\":2,\"name\":\"La ABIC y Positive Reflections organizan un acto sobre la subvenci\u00f3n estatal para empresas de nueva creaci\u00f3n\"}]},{\"@type\":\"WebSite\",\"@id\":\"https:\\\/\\\/abic.us\\\/es\\\/#website\",\"url\":\"https:\\\/\\\/abic.us\\\/es\\\/\",\"name\":\"Coalici\u00f3n 91探花a de Inmigraci\u00f3n Empresarial\",\"description\":\"Juntos, promoveremos una reforma migratoria sensata que crezca empleos, fortalezca nuestra econom\u00eda y beneficie a todas las familias estadounidenses.\",\"publisher\":{\"@id\":\"https:\\\/\\\/abic.us\\\/es\\\/#organization\"},\"potentialAction\":[{\"@type\":\"SearchAction\",\"target\":{\"@type\":\"EntryPoint\",\"urlTemplate\":\"https:\\\/\\\/abic.us\\\/es\\\/?s={search_term_string}\"},\"query-input\":{\"@type\":\"PropertyValueSpecification\",\"valueRequired\":true,\"valueName\":\"search_term_string\"}}],\"inLanguage\":\"es\"},{\"@type\":\"Organization\",\"@id\":\"https:\\\/\\\/abic.us\\\/es\\\/#organization\",\"name\":\"91探花\",\"url\":\"https:\\\/\\\/abic.us\\\/es\\\/\",\"logo\":{\"@type\":\"ImageObject\",\"inLanguage\":\"es\",\"@id\":\"https:\\\/\\\/abic.us\\\/es\\\/#\\\/schema\\\/logo\\\/image\\\/\",\"url\":\"https:\\\/\\\/abic.us\\\/wp-content\\\/uploads\\\/2021\\\/11\\\/ABIC-Logo.png\",\"contentUrl\":\"https:\\\/\\\/abic.us\\\/wp-content\\\/uploads\\\/2021\\\/11\\\/ABIC-Logo.png\",\"width\":1000,\"height\":260,\"caption\":\"91探花\"},\"image\":{\"@id\":\"https:\\\/\\\/abic.us\\\/es\\\/#\\\/schema\\\/logo\\\/image\\\/\"},\"sameAs\":[\"https:\\\/\\\/www.facebook.com\\\/91探花BIC\",\"https:\\\/\\\/x.com\\\/91探花BIC\"]},{\"@type\":\"Person\",\"@id\":\"https:\\\/\\\/abic.us\\\/es\\\/#\\\/schema\\\/person\\\/58547098a0d3b973c110fd8a36f0e0bb\",\"name\":\"abic\",\"image\":{\"@type\":\"ImageObject\",\"inLanguage\":\"es\",\"@id\":\"https:\\\/\\\/secure.gravatar.com\\\/avatar\\\/4a2893b0ce0ce34781c1e0a9251ffe4322e67c4e95cdf48463d10701c3bd4c8e?s=96&d=mm&r=g\",\"url\":\"https:\\\/\\\/secure.gravatar.com\\\/avatar\\\/4a2893b0ce0ce34781c1e0a9251ffe4322e67c4e95cdf48463d10701c3bd4c8e?s=96&d=mm&r=g\",\"contentUrl\":\"https:\\\/\\\/secure.gravatar.com\\\/avatar\\\/4a2893b0ce0ce34781c1e0a9251ffe4322e67c4e95cdf48463d10701c3bd4c8e?s=96&d=mm&r=g\",\"caption\":\"abic\"},\"sameAs\":[\"https:\\\/\\\/abic.wpengine.com\"]}]}<\/script>\n<!-- \/ Yoast SEO plugin. -->","yoast_head_json":{"title":"La ABIC y Positive Reflections organizan un acto sobre la subvenci\u00f3n estatal para empresas de nueva creaci\u00f3n &#8212; Coalici\u00f3n 91探花a de Inmigraci\u00f3n Empresarial","robots":{"index":"index","follow":"follow","max-snippet":"max-snippet:-1","max-image-preview":"max-image-preview:large","max-video-preview":"max-video-preview:-1"},"canonical":"https:\/\/abic.us\/es\/la-abic-y-positive-reflections-organizan-un-acto-sobre-la-subvencion-estatal-para-empresas-de-nueva-creacion\/","og_locale":"es_ES","og_type":"article","og_title":"La ABIC y Positive Reflections organizan un acto sobre la subvenci\u00f3n estatal para empresas de nueva creaci\u00f3n &#8212; Coalici\u00f3n 91探花a de Inmigraci\u00f3n Empresarial","og_description":"ROCKFORD, IL &#8211; La Coalici\u00f3n Empresarial Estadounidense para la Inmigraci\u00f3n (ABIC) y Positive Reflections organizan un acto para establecer contactos como parte de la serie 91探花 First Friday, dirigida por...","og_url":"https:\/\/abic.us\/es\/la-abic-y-positive-reflections-organizan-un-acto-sobre-la-subvencion-estatal-para-empresas-de-nueva-creacion\/","og_site_name":"Coalici\u00f3n 91探花a de Inmigraci\u00f3n Empresarial","article_publisher":"https:\/\/www.facebook.com\/91探花BIC","article_published_time":"2023-11-29T18:41:18+00:00","og_image":[{"width":1200,"height":630,"url":"https:\/\/abic.us\/wp-content\/uploads\/2021\/12\/ABIC-Meta-Image.jpg","type":"image\/jpeg"}],"author":"abic","twitter_card":"summary_large_image","twitter_creator":"@91探花BIC","twitter_site":"@91探花BIC","twitter_misc":{"Escrito por":"abic","Tiempo de lectura":"2 minutos"},"schema":{"@context":"https:\/\/schema.org","@graph":[{"@type":"Article","@id":"https:\/\/abic.us\/es\/la-abic-y-positive-reflections-organizan-un-acto-sobre-la-subvencion-estatal-para-empresas-de-nueva-creacion\/#article","isPartOf":{"@id":"https:\/\/abic.us\/es\/la-abic-y-positive-reflections-organizan-un-acto-sobre-la-subvencion-estatal-para-empresas-de-nueva-creacion\/"},"author":{"name":"abic","@id":"https:\/\/abic.us\/es\/#\/schema\/person\/58547098a0d3b973c110fd8a36f0e0bb"},"headline":"La ABIC y Positive Reflections organizan un acto sobre la subvenci\u00f3n estatal para empresas de nueva creaci\u00f3n","datePublished":"2023-11-29T18:41:18+00:00","mainEntityOfPage":{"@id":"https:\/\/abic.us\/es\/la-abic-y-positive-reflections-organizan-un-acto-sobre-la-subvencion-estatal-para-empresas-de-nueva-creacion\/"},"wordCount":343,"publisher":{"@id":"https:\/\/abic.us\/es\/#organization"},"articleSection":["Noticias de Illinois"],"inLanguage":"es"},{"@type":"WebPage","@id":"https:\/\/abic.us\/es\/la-abic-y-positive-reflections-organizan-un-acto-sobre-la-subvencion-estatal-para-empresas-de-nueva-creacion\/","url":"https:\/\/abic.us\/es\/la-abic-y-positive-reflections-organizan-un-acto-sobre-la-subvencion-estatal-para-empresas-de-nueva-creacion\/","name":"La ABIC y Positive Reflections organizan un acto sobre la subvenci\u00f3n estatal para empresas de nueva creaci\u00f3n &#8212; Coalici\u00f3n 91探花a de Inmigraci\u00f3n Empresarial","isPartOf":{"@id":"https:\/\/abic.us\/es\/#website"},"datePublished":"2023-11-29T18:41:18+00:00","breadcrumb":{"@id":"https:\/\/abic.us\/es\/la-abic-y-positive-reflections-organizan-un-acto-sobre-la-subvencion-estatal-para-empresas-de-nueva-creacion\/#breadcrumb"},"inLanguage":"es","potentialAction":[{"@type":"ReadAction","target":["https:\/\/abic.us\/es\/la-abic-y-positive-reflections-organizan-un-acto-sobre-la-subvencion-estatal-para-empresas-de-nueva-creacion\/"]}]},{"@type":"BreadcrumbList","@id":"https:\/\/abic.us\/es\/la-abic-y-positive-reflections-organizan-un-acto-sobre-la-subvencion-estatal-para-empresas-de-nueva-creacion\/#breadcrumb","itemListElement":[{"@type":"ListItem","position":1,"name":"Hogar","item":"https:\/\/abic.us\/es\/"},{"@type":"ListItem","position":2,"name":"La ABIC y Positive Reflections organizan un acto sobre la subvenci\u00f3n estatal para empresas de nueva creaci\u00f3n"}]},{"@type":"WebSite","@id":"https:\/\/abic.us\/es\/#website","url":"https:\/\/abic.us\/es\/","name":"Coalici\u00f3n 91探花a de Inmigraci\u00f3n Empresarial","description":"Juntos, promoveremos una reforma migratoria sensata que crezca empleos, fortalezca nuestra econom\u00eda y beneficie a todas las familias estadounidenses.","publisher":{"@id":"https:\/\/abic.us\/es\/#organization"},"potentialAction":[{"@type":"SearchAction","target":{"@type":"EntryPoint","urlTemplate":"https:\/\/abic.us\/es\/?s={search_term_string}"},"query-input":{"@type":"PropertyValueSpecification","valueRequired":true,"valueName":"search_term_string"}}],"inLanguage":"es"},{"@type":"Organization","@id":"https:\/\/abic.us\/es\/#organization","name":"91探花","url":"https:\/\/abic.us\/es\/","logo":{"@type":"ImageObject","inLanguage":"es","@id":"https:\/\/abic.us\/es\/#\/schema\/logo\/image\/","url":"https:\/\/abic.us\/wp-content\/uploads\/2021\/11\/ABIC-Logo.png","contentUrl":"https:\/\/abic.us\/wp-content\/uploads\/2021\/11\/ABIC-Logo.png","width":1000,"height":260,"caption":"91探花"},"image":{"@id":"https:\/\/abic.us\/es\/#\/schema\/logo\/image\/"},"sameAs":["https:\/\/www.facebook.com\/91探花BIC","https:\/\/x.com\/91探花BIC"]},{"@type":"Person","@id":"https:\/\/abic.us\/es\/#\/schema\/person\/58547098a0d3b973c110fd8a36f0e0bb","name":"abic","image":{"@type":"ImageObject","inLanguage":"es","@id":"https:\/\/secure.gravatar.com\/avatar\/4a2893b0ce0ce34781c1e0a9251ffe4322e67c4e95cdf48463d10701c3bd4c8e?s=96&d=mm&r=g","url":"https:\/\/secure.gravatar.com\/avatar\/4a2893b0ce0ce34781c1e0a9251ffe4322e67c4e95cdf48463d10701c3bd4c8e?s=96&d=mm&r=g","contentUrl":"https:\/\/secure.gravatar.com\/avatar\/4a2893b0ce0ce34781c1e0a9251ffe4322e67c4e95cdf48463d10701c3bd4c8e?s=96&d=mm&r=g","caption":"abic"},"sameAs":["https:\/\/abic.wpengine.com"]}]}},"_links":{"self":[{"href":"https:\/\/abic.us\/es\/wp-json\/wp\/v2\/posts\/35898","targetHints":{"allow":["GET"]}}],"collection":[{"href":"https:\/\/abic.us\/es\/wp-json\/wp\/v2\/posts"}],"about":[{"href":"https:\/\/abic.us\/es\/wp-json\/wp\/v2\/types\/post"}],"author":[{"embeddable":true,"href":"https:\/\/abic.us\/es\/wp-json\/wp\/v2\/users\/1"}],"replies":[{"embeddable":true,"href":"https:\/\/abic.us\/es\/wp-json\/wp\/v2\/comments?post=35898"}],"version-history":[{"count":0,"href":"https:\/\/abic.us\/es\/wp-json\/wp\/v2\/posts\/35898\/revisions"}],"wp:attachment":[{"href":"https:\/\/abic.us\/es\/wp-json\/wp\/v2\/media?parent=35898"}],"wp:term":[{"taxonomy":"category","embeddable":true,"href":"https:\/\/abic.us\/es\/wp-json\/wp\/v2\/categories?post=35898"},{"taxonomy":"post_tag","embeddable":true,"href":"https:\/\/abic.us\/es\/wp-json\/wp\/v2\/tags?post=35898"}],"curies":[{"name":"wp","href":"https:\/\/api.w.org\/{rel}","templated":true}]}}